{"id":63874,"date":"2026-01-30T10:30:55","date_gmt":"2026-01-30T13:30:55","guid":{"rendered":"https:\/\/radiorevelacionfm.cl\/?p=63874"},"modified":"2026-01-30T10:30:55","modified_gmt":"2026-01-30T13:30:55","slug":"descentralizacion-y-fomento-corfo-aysen-ejecuto-mas-de-12-mil-millones-entre-2022-y-2025","status":"publish","type":"post","link":"https:\/\/radiorevelacionfm.cl\/?p=63874","title":{"rendered":"Descentralizaci\u00f3n y fomento: Corfo Ays\u00e9n ejecut\u00f3 m\u00e1s de $12 mil millones entre 2022 y 2025"},"content":{"rendered":"<div class=\"flex_column av_one_full  flex_column_div av-zero-column-padding first  avia-builder-el-0  el_before_av_one_full  avia-builder-el-first  \" style='border-radius:0px; '><div  class='avia-image-container  av-styling-    avia-builder-el-1  avia-builder-el-no-sibling  avia-align-center '  itemprop=\"image\" itemscope=\"itemscope\" itemtype=\"https:\/\/schema.org\/ImageObject\"  ><div class='avia-image-container-inner'><div class='avia-image-overlay-wrap'><img decoding=\"async\" class='wp-image-63875 avia-img-lazy-loading-not-63875 avia_image' src=\"https:\/\/radiorevelacionfm.cl\/wp-content\/uploads\/2026\/01\/4-2026-01-29t170946_optimized.759-1.jpg\" alt='' title='4 - -2026-01-29t170946_optimized.759-(1)' height=\"600\" width=\"1083\"  itemprop=\"thumbnailUrl\" srcset=\"https:\/\/radiorevelacionfm.cl\/wp-content\/uploads\/2026\/01\/4-2026-01-29t170946_optimized.759-1.jpg 1083w, https:\/\/radiorevelacionfm.cl\/wp-content\/uploads\/2026\/01\/4-2026-01-29t170946_optimized.759-1-300x166.jpg 300w, https:\/\/radiorevelacionfm.cl\/wp-content\/uploads\/2026\/01\/4-2026-01-29t170946_optimized.759-1-1030x571.jpg 1030w, https:\/\/radiorevelacionfm.cl\/wp-content\/uploads\/2026\/01\/4-2026-01-29t170946_optimized.759-1-768x425.jpg 768w, https:\/\/radiorevelacionfm.cl\/wp-content\/uploads\/2026\/01\/4-2026-01-29t170946_optimized.759-1-705x391.jpg 705w, https:\/\/radiorevelacionfm.cl\/wp-content\/uploads\/2026\/01\/4-2026-01-29t170946_optimized.759-1-450x249.jpg 450w, https:\/\/radiorevelacionfm.cl\/wp-content\/uploads\/2026\/01\/4-2026-01-29t170946_optimized.759-1-600x332.jpg 600w\" sizes=\"(max-width: 1083px) 100vw, 1083px\" \/><\/div><\/div><\/div><\/div><div class=\"flex_column av_one_full  flex_column_div av-zero-column-padding first  avia-builder-el-2  el_after_av_one_full  el_before_av_one_full  column-top-margin\" style='border-radius:0px; '><section class=\"av_textblock_section \"  itemscope=\"itemscope\" itemtype=\"https:\/\/schema.org\/BlogPosting\" itemprop=\"blogPost\" ><div class='avia_textblock  '   itemprop=\"text\" ><p style=\"text-align: center;\"><span style=\"font-size: 18pt;\"><b>Descentralizaci\u00f3n y fomento: Corfo Ays\u00e9n ejecut\u00f3 m\u00e1s de $12 mil millones entre 2022 y 2025<\/b><\/span><\/p>\n<div id=\"gtx-trans\" style=\"position: absolute; left: -50px; top: 4.31534px;\">\n<div class=\"gtx-trans-icon\"><\/div>\n<\/div>\n<\/div><\/section><\/div><div class=\"flex_column av_one_full  flex_column_div av-zero-column-padding first  avia-builder-el-4  el_after_av_one_full  el_before_av_hr  column-top-margin\" style='border-radius:0px; '><section class=\"av_textblock_section \"  itemscope=\"itemscope\" itemtype=\"https:\/\/schema.org\/BlogPosting\" itemprop=\"blogPost\" ><div class='avia_textblock  '   itemprop=\"text\" ><p style=\"font-weight: 400; text-align: justify;\"><em>La instalaci\u00f3n del Comit\u00e9 de Desarrollo Productivo Regional, el fortalecimiento del ecosistema de emprendimiento e innovaci\u00f3n y una ejecuci\u00f3n presupuestaria sostenida marcaron el per\u00edodo 2022\u20132025 de Corfo Ays\u00e9n en materia de fomento productivo.<\/em><\/p>\n<p style=\"font-weight: 400; text-align: justify;\">M\u00e1s de $12.200 millones en recursos sectoriales y regionales moviliz\u00f3 la Direcci\u00f3n Regional de Corfo Ays\u00e9n entre 2022 y 2025, en el marco de una estrategia orientada a fortalecer el desarrollo productivo regional, ampliar el acceso a financiamiento y avanzar en la descentralizaci\u00f3n de las decisiones de fomento. As\u00ed lo indicaron desde la corporaci\u00f3n, puntualizando que se apoyaron a 739 proyectos y 1.136 actores regionales en todas las provincias de la regi\u00f3n.<\/p>\n<p style=\"font-weight: 400; text-align: justify;\">El per\u00edodo estuvo marcado por la reactivaci\u00f3n econ\u00f3mica postpandemia y por la implementaci\u00f3n de un proceso de descentralizaci\u00f3n que redefini\u00f3 la forma en que se priorizan los recursos p\u00fablicos para el desarrollo productivo. En ese contexto, uno de los principales hitos fue la creaci\u00f3n y puesta en marcha del Comit\u00e9 de Desarrollo Productivo Regional (CDPR) de Ays\u00e9n, en 2024, instancia que transfiri\u00f3 atribuciones de decisi\u00f3n desde el nivel central hacia el territorio.<\/p>\n<p style=\"font-weight: 400; text-align: justify;\">Desde su instalaci\u00f3n, el CDPR se consolid\u00f3 como el principal espacio de gobernanza p\u00fablico-privada para definir prioridades estrat\u00e9gicas, focalizar recursos y articular la pol\u00edtica nacional de fomento con las necesidades productivas regionales. \u201cEl Comit\u00e9 permiti\u00f3 ordenar la gesti\u00f3n, priorizar sectores estrat\u00e9gicos y avanzar hacia una asignaci\u00f3n de recursos con mayor pertinencia territorial\u201d, se\u00f1al\u00f3 el director de Corfo Ays\u00e9n, Humberto Mar\u00edn Leiva.<\/p>\n<p style=\"font-weight: 400; text-align: justify;\">Durante el per\u00edodo 2022\u20132025, Corfo Ays\u00e9n ejecut\u00f3 el 100% de los recursos asignados, combinando financiamiento sectorial y regional. Esta gesti\u00f3n permiti\u00f3 operar m\u00e1s de 15 instrumentos de fomento, con foco en sectores como turismo, agroindustria, acuicultura, energ\u00edas renovables, construcci\u00f3n y servicios, con cobertura en todas las comunas de la regi\u00f3n.<\/p>\n<p style=\"font-weight: 400; text-align: justify;\">La estrategia regional prioriz\u00f3 el acompa\u00f1amiento a micro, peque\u00f1as y medianas empresas, el fortalecimiento del ecosistema de emprendimiento e innovaci\u00f3n y la promoci\u00f3n de la inversi\u00f3n productiva, incorporando de manera transversal criterios de sustentabilidad, equidad de g\u00e9nero y desarrollo territorial. Estos \u00e9nfasis respondieron a desaf\u00edos estructurales propios de la Regi\u00f3n de Ays\u00e9n, como la dispersi\u00f3n territorial, la baja densidad poblacional y las brechas de conectividad.<\/p>\n<p style=\"font-weight: 400; text-align: justify;\">\u201cNuestra gesti\u00f3n se centr\u00f3 en acompa\u00f1ar a las micro, peque\u00f1as y medianas empresas, fortalecer el ecosistema regional de emprendimiento e innovaci\u00f3n y promover la inversi\u00f3n productiva, incorporando enfoques transversales como la sustentabilidad, la equidad de g\u00e9nero y el desarrollo territorial\u201d, explic\u00f3 Mar\u00edn.<\/p>\n<p style=\"font-weight: 400; text-align: justify;\">En materia de acceso a financiamiento, Corfo Ays\u00e9n despleg\u00f3 instrumentos orientados a facilitar el cr\u00e9dito y apoyar procesos de inversi\u00f3n productiva. A trav\u00e9s de mecanismos como FOGAIN, ProInversi\u00f3n y Cr\u00e9dito Corfo MiPyme, se apoy\u00f3 a empresas de sectores como agricultura, turismo, construcci\u00f3n, transporte y servicios, con presencia en todas las provincias de la regi\u00f3n.<\/p>\n<p style=\"font-weight: 400; text-align: justify;\">Un instrumento clave fue el DFL-15, que entre 2022 y 2025 ejecut\u00f3 un presupuesto acumulado de $4.600 millones, destinado a bonificaciones para la adquisici\u00f3n, reposici\u00f3n y modernizaci\u00f3n de activos productivos, consolid\u00e1ndose como una herramienta estructural para la inversi\u00f3n en zonas extremas.<\/p>\n<p style=\"font-weight: 400; text-align: justify;\"><strong>EMPRENDIMIENTO, INNOVACI\u00d3N Y TERRITORIO<\/strong><\/p>\n<p style=\"font-weight: 400; text-align: justify;\">El fortalecimiento del ecosistema regional de emprendimiento e innovaci\u00f3n fue otro de los ejes del per\u00edodo. Instrumentos como Semilla Inicia, Expande, Innova Regi\u00f3n y el Programa de Absorci\u00f3n Tecnol\u00f3gica para la Innovaci\u00f3n (PATI) apoyaron iniciativas vinculadas a biotecnolog\u00eda, alimentos con valor agregado y eficiencia energ\u00e9tica.<\/p>\n<p style=\"font-weight: 400; text-align: justify;\">A este trabajo se sum\u00f3 la incubadora regional Ecoterr\u00e1neo, que acompa\u00f1\u00f3 a m\u00e1s de 300 emprendimientos en procesos de formalizaci\u00f3n, validaci\u00f3n t\u00e9cnica y escalamiento, con foco en iniciativas de base innovadora y pertinencia territorial. Desde una perspectiva territorial, programas como Acelera Ays\u00e9n y los Programas Territoriales Integrados permitieron intervenir comunas como Cisnes, R\u00edo Ib\u00e1\u00f1ez, Chile Chico, Cochrane y O\u2019Higgins, en coordinaci\u00f3n con el Gobierno Regional y otros servicios p\u00fablicos. Hacia el cierre del per\u00edodo, se formul\u00f3 el programa \u201cTransferencia para el Fortalecimiento Productivo del Litoral de Ays\u00e9n\u201d, cuya ejecuci\u00f3n se iniciar\u00e1 a partir de 2026,\u00a0con financiamiento del Gobierno Regional, Corfo y el sector privado.<\/p>\n<\/div><\/section><\/div><div  style='height:50px' class='hr hr-invisible   avia-builder-el-6  el_after_av_one_full  el_before_av_social_share '><span class='hr-inner ' ><span class='hr-inner-style'><\/span><\/span><\/div><\/p>\n<div  class='av-social-sharing-box  avia-builder-el-7  el_after_av_hr  el_before_av_hr  '><div class='av-share-box'><h5 class='av-share-link-description av-no-toc '>Compartir esta noticia<\/h5><ul class='av-share-box-list noLightbox'><li class='av-share-link av-social-link-facebook' ><a target=\"_blank\" aria-label=\"Compartir en Facebook\" href='https:\/\/www.facebook.com\/sharer.php?u=https:\/\/radiorevelacionfm.cl\/?p=63874&#038;t=Descentralizaci%C3%B3n%20y%20fomento%3A%20Corfo%20Ays%C3%A9n%20ejecut%C3%B3%20m%C3%A1s%20de%20%2412%20mil%20millones%20entre%202022%20y%202025' aria-hidden='false' data-av_icon='\ue8f3' data-av_iconfont='entypo-fontello' title='' data-avia-related-tooltip='Compartir en Facebook' rel=\"noopener\"><span class='avia_hidden_link_text'>Compartir en Facebook<\/span><\/a><\/li><li class='av-share-link av-social-link-twitter' ><a target=\"_blank\" aria-label=\"Compartir en Twitter\" href='https:\/\/twitter.com\/share?text=Descentralizaci%C3%B3n%20y%20fomento%3A%20Corfo%20Ays%C3%A9n%20ejecut%C3%B3%20m%C3%A1s%20de%20%2412%20mil%20millones%20entre%202022%20y%202025&#038;url=https:\/\/radiorevelacionfm.cl\/?p=63874' aria-hidden='false' data-av_icon='\ue8f1' data-av_iconfont='entypo-fontello' title='' data-avia-related-tooltip='Compartir en Twitter' rel=\"noopener\"><span class='avia_hidden_link_text'>Compartir en Twitter<\/span><\/a><\/li><li class='av-share-link av-social-link-whatsapp' ><a target=\"_blank\" aria-label=\"Compartir en Whatsapp\" href='https:\/\/api.whatsapp.com\/send?text=https:\/\/radiorevelacionfm.cl\/?p=63874' aria-hidden='false' data-av_icon='\uf232' data-av_iconfont='entypo-fontello' title='' data-avia-related-tooltip='Compartir en Whatsapp' rel=\"noopener\"><span class='avia_hidden_link_text'>Compartir en Whatsapp<\/span><\/a><\/li><li class='av-share-link av-social-link-linkedin' ><a target=\"_blank\" aria-label=\"Compartir en LinkedIn\" href='https:\/\/linkedin.com\/shareArticle?mini=true&#038;title=Descentralizaci%C3%B3n%20y%20fomento%3A%20Corfo%20Ays%C3%A9n%20ejecut%C3%B3%20m%C3%A1s%20de%20%2412%20mil%20millones%20entre%202022%20y%202025&#038;url=https:\/\/radiorevelacionfm.cl\/?p=63874' aria-hidden='false' data-av_icon='\ue8fc' data-av_iconfont='entypo-fontello' title='' data-avia-related-tooltip='Compartir en LinkedIn' rel=\"noopener\"><span class='avia_hidden_link_text'>Compartir en LinkedIn<\/span><\/a><\/li><li class='av-share-link av-social-link-mail' ><a  aria-label=\"Compartir por correo\" href='mailto:?subject=Descentralizaci%C3%B3n%20y%20fomento%3A%20Corfo%20Ays%C3%A9n%20ejecut%C3%B3%20m%C3%A1s%20de%20%2412%20mil%20millones%20entre%202022%20y%202025&#038;body=https:\/\/radiorevelacionfm.cl\/?p=63874' aria-hidden='false' data-av_icon='\ue805' data-av_iconfont='entypo-fontello' title='' data-avia-related-tooltip='Compartir por correo'><span class='avia_hidden_link_text'>Compartir por correo<\/span><\/a><\/li><\/ul><\/div><\/div>\n<div  style='height:50px' class='hr hr-invisible   avia-builder-el-8  el_after_av_social_share  el_before_av_comments_list '><span class='hr-inner ' ><span class='hr-inner-style'><\/span><\/span><\/div>\n<div  class='av-buildercomment  av-blog-meta-html-info-disabled av-blog-meta-tag-disabled  '><\/div>\n","protected":false},"excerpt":{"rendered":"","protected":false},"author":1,"featured_media":63875,"comment_status":"closed","ping_status":"closed","sticky":false,"template":"","format":"standard","meta":{"footnotes":""},"categories":[38],"tags":[],"class_list":["post-63874","post","type-post","status-publish","format-standard","has-post-thumbnail","hentry","category-regional"],"jetpack_featured_media_url":"https:\/\/radiorevelacionfm.cl\/wp-content\/uploads\/2026\/01\/4-2026-01-29t170946_optimized.759-1.jpg","_links":{"self":[{"href":"https:\/\/radiorevelacionfm.cl\/index.php?rest_route=\/wp\/v2\/posts\/63874","targetHints":{"allow":["GET"]}}],"collection":[{"href":"https:\/\/radiorevelacionfm.cl\/index.php?rest_route=\/wp\/v2\/posts"}],"about":[{"href":"https:\/\/radiorevelacionfm.cl\/index.php?rest_route=\/wp\/v2\/types\/post"}],"author":[{"embeddable":true,"href":"https:\/\/radiorevelacionfm.cl\/index.php?rest_route=\/wp\/v2\/users\/1"}],"replies":[{"embeddable":true,"href":"https:\/\/radiorevelacionfm.cl\/index.php?rest_route=%2Fwp%2Fv2%2Fcomments&post=63874"}],"version-history":[{"count":2,"href":"https:\/\/radiorevelacionfm.cl\/index.php?rest_route=\/wp\/v2\/posts\/63874\/revisions"}],"predecessor-version":[{"id":63902,"href":"https:\/\/radiorevelacionfm.cl\/index.php?rest_route=\/wp\/v2\/posts\/63874\/revisions\/63902"}],"wp:featuredmedia":[{"embeddable":true,"href":"https:\/\/radiorevelacionfm.cl\/index.php?rest_route=\/wp\/v2\/media\/63875"}],"wp:attachment":[{"href":"https:\/\/radiorevelacionfm.cl\/index.php?rest_route=%2Fwp%2Fv2%2Fmedia&parent=63874"}],"wp:term":[{"taxonomy":"category","embeddable":true,"href":"https:\/\/radiorevelacionfm.cl\/index.php?rest_route=%2Fwp%2Fv2%2Fcategories&post=63874"},{"taxonomy":"post_tag","embeddable":true,"href":"https:\/\/radiorevelacionfm.cl\/index.php?rest_route=%2Fwp%2Fv2%2Ftags&post=63874"}],"curies":[{"name":"wp","href":"https:\/\/api.w.org\/{rel}","templated":true}]}}