{"id":63866,"date":"2026-01-29T21:16:54","date_gmt":"2026-01-30T00:16:54","guid":{"rendered":"https:\/\/radiorevelacionfm.cl\/?p=63866"},"modified":"2026-01-29T21:16:54","modified_gmt":"2026-01-30T00:16:54","slug":"segun-informe-de-la-cchc-deficit-habitacional-presenta-aumento-de-3-en-aysen-se-registran-3-147-requerimientos","status":"publish","type":"post","link":"https:\/\/radiorevelacionfm.cl\/?p=63866","title":{"rendered":"Seg\u00fan informe de la CChC d\u00e9ficit habitacional presenta aumento de 3% en Ays\u00e9n: Se registran 3.147 requerimientos"},"content":{"rendered":"<div class=\"flex_column av_one_full  flex_column_div av-zero-column-padding first  avia-builder-el-0  el_before_av_one_full  avia-builder-el-first  \" style='border-radius:0px; '><div  class='avia-image-container  av-styling-    avia-builder-el-1  avia-builder-el-no-sibling  avia-align-center '  itemprop=\"image\" itemscope=\"itemscope\" itemtype=\"https:\/\/schema.org\/ImageObject\"  ><div class='avia-image-container-inner'><div class='avia-image-overlay-wrap'><img decoding=\"async\" class='wp-image-63867 avia-img-lazy-loading-not-63867 avia_image' src=\"https:\/\/radiorevelacionfm.cl\/wp-content\/uploads\/2026\/01\/vivienda-2-1_optimized.jpg\" alt='' title='vivienda-(2)-(1)_optimized' height=\"600\" width=\"800\"  itemprop=\"thumbnailUrl\" srcset=\"https:\/\/radiorevelacionfm.cl\/wp-content\/uploads\/2026\/01\/vivienda-2-1_optimized.jpg 800w, https:\/\/radiorevelacionfm.cl\/wp-content\/uploads\/2026\/01\/vivienda-2-1_optimized-300x225.jpg 300w, https:\/\/radiorevelacionfm.cl\/wp-content\/uploads\/2026\/01\/vivienda-2-1_optimized-768x576.jpg 768w, https:\/\/radiorevelacionfm.cl\/wp-content\/uploads\/2026\/01\/vivienda-2-1_optimized-705x529.jpg 705w, https:\/\/radiorevelacionfm.cl\/wp-content\/uploads\/2026\/01\/vivienda-2-1_optimized-450x338.jpg 450w, https:\/\/radiorevelacionfm.cl\/wp-content\/uploads\/2026\/01\/vivienda-2-1_optimized-600x450.jpg 600w\" sizes=\"(max-width: 800px) 100vw, 800px\" \/><\/div><\/div><\/div><\/div><div class=\"flex_column av_one_full  flex_column_div av-zero-column-padding first  avia-builder-el-2  el_after_av_one_full  el_before_av_one_full  column-top-margin\" style='border-radius:0px; '><section class=\"av_textblock_section \"  itemscope=\"itemscope\" itemtype=\"https:\/\/schema.org\/BlogPosting\" itemprop=\"blogPost\" ><div class='avia_textblock  '   itemprop=\"text\" ><p style=\"text-align: center;\"><strong><span style=\"font-size: 18pt;\">Seg\u00fan informe de la CChC d\u00e9ficit habitacional presenta aumento de 3% en Ays\u00e9n: Se registran 3.147 requerimientos<\/span><\/strong><\/p>\n<div id=\"gtx-trans\" style=\"position: absolute; left: -50px; top: 4.31534px;\">\n<div class=\"gtx-trans-icon\"><\/div>\n<\/div>\n<\/div><\/section><\/div><div class=\"flex_column av_one_full  flex_column_div av-zero-column-padding first  avia-builder-el-4  el_after_av_one_full  el_before_av_hr  column-top-margin\" style='border-radius:0px; '><section class=\"av_textblock_section \"  itemscope=\"itemscope\" itemtype=\"https:\/\/schema.org\/BlogPosting\" itemprop=\"blogPost\" ><div class='avia_textblock  '   itemprop=\"text\" ><p style=\"text-align: justify;\">La regi\u00f3n se ubica entre las cinco regiones del pa\u00eds donde aumenta el d\u00e9ficit habitacional pese a disminuci\u00f3n nacional.<\/p>\n<p style=\"text-align: justify;\">La C\u00e1mara Chilena de la Construcci\u00f3n dio a conocer su balance de la vivienda en Chile, documento que posiciona a Ays\u00e9n como una de las cinco regiones del pa\u00eds que aument\u00f3 el n\u00famero de requerimiento de hogares en comparaci\u00f3n a la misma medici\u00f3n, realizada el a\u00f1o 2023.<\/p>\n<p style=\"text-align: justify;\">Este balance, que busca estimar el nivel y evoluci\u00f3n de los requerimientos habitacionales a nivel pa\u00eds, regional y comunal, indica respecto de Ays\u00e9n que el d\u00e9ficit habitacional asciende a 3.147 hogares, lo que representa un aumento del 3% en comparaci\u00f3n a la medici\u00f3n anterior; asimismo identifica como mayor brecha, la cantidad de inmuebles irrecuperables, alcanzando los 1.762.<\/p>\n<p style=\"text-align: justify;\">El Balance de Vivienda de la CChC, utiliza como insumo principal para su elaboraci\u00f3n: la encuesta de Caracterizaci\u00f3n Socioecon\u00f3mica (Casen), e incorpora datos del Observatorio Social del Ministerio de Desarrollo Social y Familia, del Instituto Nacional de Estad\u00edsticas, de la Unidad de Estad\u00edsticas Sociales de la Cepal y del \u00e1rea de reducci\u00f3n de la pobreza y desarrollo inclusivo del PNUD; el estudio, fue desarrollado entre el 1 de noviembre de 2024 y el 2 de febrero de 2025, periodo durante el cual, el Centro de Microdatos de la U. de Chile realiz\u00f3 entrevistas en 78.654 hogares de todo el pa\u00eds.<\/p>\n<p style=\"text-align: justify;\">A nivel nacional, se estima que son cerca de 980.000 las viviendas que se necesitan construir para atender los requerimientos habitacionales m\u00e1s urgentes de los distintos segmentos de la poblaci\u00f3n (10% menos que en 2023), cifra que est\u00e1 compuesta por 22.000 personas en situaci\u00f3n de calle, 121.000 familias viviendo en campamentos y otros 834.000 hogares que integran el \u201cd\u00e9ficit habitacional\u201d propiamente tal.<\/p>\n<p style=\"text-align: justify;\">Alejandra Alert, past presidenta de la CChC Coyhaique y presidenta del comit\u00e9 gremial de vivienda se\u00f1al\u00f3 que \u00abEstas cifras nos permiten conocer el panorama regional y proponer pol\u00edticas de desarrollo precisas. Desde la CChC siempre hemos estado disponibles para generar alianzas p\u00fablico-privadas que permitan mejorar la calidad de vida de los ayseninos\u00bb.<\/p>\n<p style=\"text-align: justify;\">Alert advirti\u00f3 que la tendencia al alza en la regi\u00f3n sugiere la necesidad de una intervenci\u00f3n diferenciada: \u00abNuestra regi\u00f3n requiere de programas espec\u00edficos con caracter\u00edsticas locales que permitan revertir esta tendencia\u00bb.<\/p>\n<p style=\"text-align: justify;\">Otras cifras arrojadas en este estudio dan cuenta que un 36% del d\u00e9ficit responde a personas allegadas (por ingresos y\/o incapacidad financiera); mientras que un 8% est\u00e1 en condici\u00f3n de allegados-hacinados.<\/p>\n<p style=\"text-align: justify;\">\u201cLas cifras que nos entrega este estudio nos deben llamar a la acci\u00f3n, pues son m\u00e1s de 3 mil las familias que no cuentan con un hogar para vivir. Sabemos que la disponibilidad presupuestaria del Estado no alcanza para abarcar la demanda total, y es ah\u00ed donde las alianzas estrat\u00e9gicas entre la sociedad civil, el gobierno y las empresas cobra relevancia, generando respuestas que est\u00e9n a la altura del desaf\u00edo\u201d, indic\u00f3 Pablo Carrasco, presidente de la CChC Coyhaique.<\/p>\n<p style=\"text-align: justify;\">El Balance de Vivienda contempla una serie de componentes para medir el d\u00e9ficit, las familias allegadas y los inmuebles que tienen caracter\u00edsticas cr\u00edticas o son inhabitables, siendo relevante considerar que estos \u00faltimos pueden caer en las categor\u00edas de: mal estado estructural, muros precarios (subcomponente que el Minvu no integra en sus mediciones) y\/o por tipo: mediaguas, viviendas de emergencia o construidas con materiales reciclados.<\/p>\n<p style=\"text-align: justify;\"><strong>Propuestas CChC<\/strong><\/p>\n<p style=\"text-align: justify;\">Para superar el d\u00e9ficit, la CChC ha levantado una serie de propuestas administrativas, tributarias y de generaci\u00f3n de programas habitacionales, destacando entre ellos la necesidad de destrabar y agilizar proyectos de viviendas sociales que est\u00e1n adjudicados, pero cuyas obras no han iniciado; Ampliar la vigencia y cobertura del subsidio a la tasa, incluyendo viviendas sociales; una pr\u00f3rroga de permisos de edificaci\u00f3n prontos a caducar y un IVA para la construcci\u00f3n de viviendas p\u00fablicas.<\/p>\n<p style=\"text-align: justify;\">A estas medidas se agrega, a nivel local, la necesidad de ampliar los criterios de asignaci\u00f3n en los subsidios de mejoramiento t\u00e9rmico, lo que permitir\u00e1 intervenir hogares que, por sus condiciones de construcci\u00f3n y\/o antig\u00fcedad, no han sido intervenidos con esta herramienta.<\/p>\n<\/div><\/section><\/div><div  style='height:50px' class='hr hr-invisible   avia-builder-el-6  el_after_av_one_full  el_before_av_social_share '><span class='hr-inner ' ><span class='hr-inner-style'><\/span><\/span><\/div><\/p>\n<div  class='av-social-sharing-box  avia-builder-el-7  el_after_av_hr  el_before_av_hr  '><div class='av-share-box'><h5 class='av-share-link-description av-no-toc '>Compartir esta noticia<\/h5><ul class='av-share-box-list noLightbox'><li class='av-share-link av-social-link-facebook' ><a target=\"_blank\" aria-label=\"Compartir en Facebook\" href='https:\/\/www.facebook.com\/sharer.php?u=https:\/\/radiorevelacionfm.cl\/?p=63866&#038;t=Seg%C3%BAn%20informe%20de%20la%20CChC%20d%C3%A9ficit%20habitacional%20presenta%20aumento%20de%203%25%20en%20Ays%C3%A9n%3A%20Se%20registran%203.147%20requerimientos' aria-hidden='false' data-av_icon='\ue8f3' data-av_iconfont='entypo-fontello' title='' data-avia-related-tooltip='Compartir en Facebook' rel=\"noopener\"><span class='avia_hidden_link_text'>Compartir en Facebook<\/span><\/a><\/li><li class='av-share-link av-social-link-twitter' ><a target=\"_blank\" aria-label=\"Compartir en Twitter\" href='https:\/\/twitter.com\/share?text=Seg%C3%BAn%20informe%20de%20la%20CChC%20d%C3%A9ficit%20habitacional%20presenta%20aumento%20de%203%25%20en%20Ays%C3%A9n%3A%20Se%20registran%203.147%20requerimientos&#038;url=https:\/\/radiorevelacionfm.cl\/?p=63866' aria-hidden='false' data-av_icon='\ue8f1' data-av_iconfont='entypo-fontello' title='' data-avia-related-tooltip='Compartir en Twitter' rel=\"noopener\"><span class='avia_hidden_link_text'>Compartir en Twitter<\/span><\/a><\/li><li class='av-share-link av-social-link-whatsapp' ><a target=\"_blank\" aria-label=\"Compartir en Whatsapp\" href='https:\/\/api.whatsapp.com\/send?text=https:\/\/radiorevelacionfm.cl\/?p=63866' aria-hidden='false' data-av_icon='\uf232' data-av_iconfont='entypo-fontello' title='' data-avia-related-tooltip='Compartir en Whatsapp' rel=\"noopener\"><span class='avia_hidden_link_text'>Compartir en Whatsapp<\/span><\/a><\/li><li class='av-share-link av-social-link-linkedin' ><a target=\"_blank\" aria-label=\"Compartir en LinkedIn\" href='https:\/\/linkedin.com\/shareArticle?mini=true&#038;title=Seg%C3%BAn%20informe%20de%20la%20CChC%20d%C3%A9ficit%20habitacional%20presenta%20aumento%20de%203%25%20en%20Ays%C3%A9n%3A%20Se%20registran%203.147%20requerimientos&#038;url=https:\/\/radiorevelacionfm.cl\/?p=63866' aria-hidden='false' data-av_icon='\ue8fc' data-av_iconfont='entypo-fontello' title='' data-avia-related-tooltip='Compartir en LinkedIn' rel=\"noopener\"><span class='avia_hidden_link_text'>Compartir en LinkedIn<\/span><\/a><\/li><li class='av-share-link av-social-link-mail' ><a  aria-label=\"Compartir por correo\" href='mailto:?subject=Seg%C3%BAn%20informe%20de%20la%20CChC%20d%C3%A9ficit%20habitacional%20presenta%20aumento%20de%203%25%20en%20Ays%C3%A9n%3A%20Se%20registran%203.147%20requerimientos&#038;body=https:\/\/radiorevelacionfm.cl\/?p=63866' aria-hidden='false' data-av_icon='\ue805' data-av_iconfont='entypo-fontello' title='' data-avia-related-tooltip='Compartir por correo'><span class='avia_hidden_link_text'>Compartir por correo<\/span><\/a><\/li><\/ul><\/div><\/div>\n<div  style='height:50px' class='hr hr-invisible   avia-builder-el-8  el_after_av_social_share  el_before_av_comments_list '><span class='hr-inner ' ><span class='hr-inner-style'><\/span><\/span><\/div>\n<div  class='av-buildercomment  av-blog-meta-html-info-disabled av-blog-meta-tag-disabled  '><\/div>\n","protected":false},"excerpt":{"rendered":"","protected":false},"author":1,"featured_media":63867,"comment_status":"closed","ping_status":"closed","sticky":false,"template":"","format":"standard","meta":{"footnotes":""},"categories":[38],"tags":[],"class_list":["post-63866","post","type-post","status-publish","format-standard","has-post-thumbnail","hentry","category-regional"],"jetpack_featured_media_url":"https:\/\/radiorevelacionfm.cl\/wp-content\/uploads\/2026\/01\/vivienda-2-1_optimized.jpg","_links":{"self":[{"href":"https:\/\/radiorevelacionfm.cl\/index.php?rest_route=\/wp\/v2\/posts\/63866","targetHints":{"allow":["GET"]}}],"collection":[{"href":"https:\/\/radiorevelacionfm.cl\/index.php?rest_route=\/wp\/v2\/posts"}],"about":[{"href":"https:\/\/radiorevelacionfm.cl\/index.php?rest_route=\/wp\/v2\/types\/post"}],"author":[{"embeddable":true,"href":"https:\/\/radiorevelacionfm.cl\/index.php?rest_route=\/wp\/v2\/users\/1"}],"replies":[{"embeddable":true,"href":"https:\/\/radiorevelacionfm.cl\/index.php?rest_route=%2Fwp%2Fv2%2Fcomments&post=63866"}],"version-history":[{"count":2,"href":"https:\/\/radiorevelacionfm.cl\/index.php?rest_route=\/wp\/v2\/posts\/63866\/revisions"}],"predecessor-version":[{"id":63892,"href":"https:\/\/radiorevelacionfm.cl\/index.php?rest_route=\/wp\/v2\/posts\/63866\/revisions\/63892"}],"wp:featuredmedia":[{"embeddable":true,"href":"https:\/\/radiorevelacionfm.cl\/index.php?rest_route=\/wp\/v2\/media\/63867"}],"wp:attachment":[{"href":"https:\/\/radiorevelacionfm.cl\/index.php?rest_route=%2Fwp%2Fv2%2Fmedia&parent=63866"}],"wp:term":[{"taxonomy":"category","embeddable":true,"href":"https:\/\/radiorevelacionfm.cl\/index.php?rest_route=%2Fwp%2Fv2%2Fcategories&post=63866"},{"taxonomy":"post_tag","embeddable":true,"href":"https:\/\/radiorevelacionfm.cl\/index.php?rest_route=%2Fwp%2Fv2%2Ftags&post=63866"}],"curies":[{"name":"wp","href":"https:\/\/api.w.org\/{rel}","templated":true}]}}