{"id":63863,"date":"2026-01-31T12:50:15","date_gmt":"2026-01-31T15:50:15","guid":{"rendered":"https:\/\/radiorevelacionfm.cl\/?p=63863"},"modified":"2026-01-31T12:56:34","modified_gmt":"2026-01-31T15:56:34","slug":"el-dilema-del-equilibrio-ambiental-con-una-poblacion-que-aumenta","status":"publish","type":"post","link":"https:\/\/radiorevelacionfm.cl\/?p=63863","title":{"rendered":"El dilema del equilibrio ambiental con una poblaci\u00f3n que aumenta"},"content":{"rendered":"<div class=\"flex_column av_one_full  flex_column_div av-zero-column-padding first  avia-builder-el-0  el_before_av_one_full  avia-builder-el-first  \" style='border-radius:0px; '><div  class='avia-image-container  av-styling-    avia-builder-el-1  avia-builder-el-no-sibling  avia-align-center '  itemprop=\"image\" itemscope=\"itemscope\" itemtype=\"https:\/\/schema.org\/ImageObject\"  ><div class='avia-image-container-inner'><div class='avia-image-overlay-wrap'><img decoding=\"async\" class='wp-image-63864 avia-img-lazy-loading-not-63864 avia_image' src=\"https:\/\/radiorevelacionfm.cl\/wp-content\/uploads\/2026\/01\/captura-de-pantalla-2026-01-28-a-las-14_optimized.24.56-1-1-1.jpg\" alt='' title='captura-de-pantalla-2026-01-28-a-la(s)-14_optimized.24.56-(1)-(1) (1)' height=\"885\" width=\"801\"  itemprop=\"thumbnailUrl\" srcset=\"https:\/\/radiorevelacionfm.cl\/wp-content\/uploads\/2026\/01\/captura-de-pantalla-2026-01-28-a-las-14_optimized.24.56-1-1-1.jpg 801w, https:\/\/radiorevelacionfm.cl\/wp-content\/uploads\/2026\/01\/captura-de-pantalla-2026-01-28-a-las-14_optimized.24.56-1-1-1-272x300.jpg 272w, https:\/\/radiorevelacionfm.cl\/wp-content\/uploads\/2026\/01\/captura-de-pantalla-2026-01-28-a-las-14_optimized.24.56-1-1-1-768x849.jpg 768w, https:\/\/radiorevelacionfm.cl\/wp-content\/uploads\/2026\/01\/captura-de-pantalla-2026-01-28-a-las-14_optimized.24.56-1-1-1-638x705.jpg 638w, https:\/\/radiorevelacionfm.cl\/wp-content\/uploads\/2026\/01\/captura-de-pantalla-2026-01-28-a-las-14_optimized.24.56-1-1-1-450x497.jpg 450w, https:\/\/radiorevelacionfm.cl\/wp-content\/uploads\/2026\/01\/captura-de-pantalla-2026-01-28-a-las-14_optimized.24.56-1-1-1-600x663.jpg 600w\" sizes=\"(max-width: 801px) 100vw, 801px\" \/><\/div><\/div><\/div><\/div><div class=\"flex_column av_one_full  flex_column_div av-zero-column-padding first  avia-builder-el-2  el_after_av_one_full  el_before_av_one_full  column-top-margin\" style='border-radius:0px; '><section class=\"av_textblock_section \"  itemscope=\"itemscope\" itemtype=\"https:\/\/schema.org\/BlogPosting\" itemprop=\"blogPost\" ><div class='avia_textblock  '   itemprop=\"text\" ><p style=\"text-align: center;\"><strong><span style=\"font-size: 18pt;\">El dilema del equilibrio ambiental con una poblaci\u00f3n que aumenta<\/span><\/strong><\/p>\n<div id=\"gtx-trans\" style=\"position: absolute; left: -50px; top: 4.31534px;\">\n<div class=\"gtx-trans-icon\"><\/div>\n<\/div>\n<\/div><\/section><\/div><div class=\"flex_column av_one_full  flex_column_div av-zero-column-padding first  avia-builder-el-4  el_after_av_one_full  el_before_av_hr  column-top-margin\" style='border-radius:0px; '><section class=\"av_textblock_section \"  itemscope=\"itemscope\" itemtype=\"https:\/\/schema.org\/BlogPosting\" itemprop=\"blogPost\" ><div class='avia_textblock  '   itemprop=\"text\" ><p dir=\"ltr\" style=\"text-align: justify;\">Se despleg\u00f3 en la pantalla, como tantos mensajes similares, sin que lo invitara. Algoritmo o casualidad, lo cierto es que ah\u00ed figuraba yo leyendo sobre la destreza de los inuit para fabricar sus ropajes.\u00a0 \u00a0 Tarea que en el \u00e1rtico poco tiene que ver con moda o est\u00e9tica: es pura sobrevivencia.<\/p>\n<p dir=\"ltr\" style=\"text-align: justify;\">Abrigo, usabilidad y durabilidad es lo que han perseguido durante milenios estos hombres y mujeres del extremo norte.\u00a0 Que, valga decir, no se sienten c\u00f3modos con ser llamados esquimales (\u201cdevoradores de carne cruda\u201d), que es como les conoc\u00edan otros pueblos de la zona.\u00a0 Si ellos prefieren inuit (\u201cgente\u201d), inuit es su nombre.<\/p>\n<p dir=\"ltr\" style=\"text-align: justify;\">En una cultura donde lo sint\u00e9tico no es opci\u00f3n (por tecnolog\u00eda, posibilidades, recursos, tradici\u00f3n, qu\u00e9 m\u00e1s da), la elaboraci\u00f3n de sus botas, parkas (palabra siberiana), trajes de agua y otras vestimentas se nutr\u00eda de los animales a la mano: carib\u00fas o renos, focas, osos.<\/p>\n<p dir=\"ltr\" style=\"text-align: justify;\">La impermeabilidad, tan necesaria como bien sabemos los pasados de agua en temperaturas bajo cero, la obtuvieron de los intestinos de los mam\u00edferos circundantes.<\/p>\n<p dir=\"ltr\" style=\"text-align: justify;\">En una interrelaci\u00f3n que dur\u00f3 miles de a\u00f1os, vivieron en circularidad con los ecosistemas en Groenlandia, la gigantesca isla tan mencionada en estos d\u00edas.\u00a0 Y tambi\u00e9n en Siberia, Canad\u00e1, Alaska.<\/p>\n<p dir=\"ltr\" style=\"text-align: justify;\">El <a href=\"https:\/\/www.facebook.com\/permalink.php?story_fbid=pfbid02f5PFfw7xhs5zxpKHytDM6ajWiU1octgYDB8EG12KGrMD4HtZ6AC7kwYB6DSQuQVQl&amp;id=61551595144919\" target=\"_blank\" rel=\"noopener\" data-saferedirecturl=\"https:\/\/www.google.com\/url?q=https:\/\/www.facebook.com\/permalink.php?story_fbid%3Dpfbid02f5PFfw7xhs5zxpKHytDM6ajWiU1octgYDB8EG12KGrMD4HtZ6AC7kwYB6DSQuQVQl%26id%3D61551595144919&amp;source=gmail&amp;ust=1769797592943000&amp;usg=AOvVaw2vgBa6NIiQfydq_3FvyBdt\">posteo<\/a> abri\u00f3 el debate.<\/p>\n<p dir=\"ltr\" style=\"text-align: justify;\">Unos, alabando la elaboraci\u00f3n de ropa con producci\u00f3n local sin contaminar recurriendo al petr\u00f3leo y sus derivados sint\u00e9ticos, adem\u00e1s de aprovechar todo el animal, que es abrigo pero tambi\u00e9n comida y artefactos. \u00a0 Otros cuestionando, por el sacrificio de animales para tal faena, m\u00e1s a\u00fan cuando tal ropaje era clave para la caza de ballenas.<\/p>\n<p dir=\"ltr\" style=\"text-align: justify;\">Este ejemplo apunta a un tema complejo: la responsabilidad ambiental es relacional, se da en un contexto, en un entorno.\u00a0 Lo que en una circunstancia puede ser negativo, en otra es inocuo. O no inocuo, pero al menos con menores externalidades ecosist\u00e9micas negativas o desequilibrantes.<\/p>\n<p dir=\"ltr\" style=\"text-align: justify;\">Una combusti\u00f3n lenta operando en Coyhaique durante episodios cr\u00edticos de contaminaci\u00f3n atmosf\u00e9rica invernal, no es lo mismo que una en lugares donde el aire tiene la capacidad de absorber la emisi\u00f3n y seguir prestando uno de sus principales servicios al ser humano: aire limpio.\u00a0 El cuerpo de un animal que es arrastrado hacia un r\u00edo no es asimilable a miles de pollos vaciados en la misma cuenca.<\/p>\n<p dir=\"ltr\" style=\"text-align: justify;\">Retornando a los inuit, claramente por su peque\u00f1a poblaci\u00f3n pod\u00edan seguir fabricando ropa y cazando ballenas sin poner en riesgo la existencia de ciertas especies, y con ello el equilibrio ecosist\u00e9mico en general.\u00a0 A 1900 se calcula que eran unos doce mil los habitantes de Groenlandia. Un n\u00famero que permit\u00eda la armon\u00eda con su entorno.<\/p>\n<p dir=\"ltr\" style=\"text-align: justify;\">Intentar lo mismo con 100 mil personas generar\u00eda un efecto distinto.\u00a0 Pr\u00e1cticamente una tragedia.\u00a0 Y qu\u00e9 decir que intentar cambiar todas las prendas gore-tex existentes en el mundo por ropa de intestinos de focas.<\/p>\n<p dir=\"ltr\" style=\"text-align: justify;\">Es lo que se llama capacidad de carga, que va m\u00e1s all\u00e1 del acto individual.<\/p>\n<p dir=\"ltr\" style=\"text-align: justify;\">Es lo que en territorios como Ays\u00e9n se viene planteando desde hace d\u00e9cadas, con el fin de que sea parte de las pol\u00edticas p\u00fablicas pero que en la carrera por el\u00a0 desarrollo entendido como crecimiento infinito, siempre queda en un pen\u00faltimo lugar.<\/p>\n<p dir=\"ltr\" style=\"text-align: justify;\">Planificaci\u00f3n y ordenamiento territorial son conceptos \u00e1ridos para la ciudadan\u00eda en general, desconocidos e incluso subestimados por los tomadores de decisi\u00f3n.\u00a0 Los que luego se quejan por los incendios descontrolados, la falta de agua en los sistema de servicios sanitarios rurales, los rellenos sanitarios que no dan abasto o\u00a0 la propia contaminaci\u00f3n atmosf\u00e9rica, donde uno de los or\u00edgenes es cu\u00e1nto material particulado aguanta el aire circundante sin que se asfixien quienes no tienen la posibilidad de escapar hacia otras zonas.<\/p>\n<p dir=\"ltr\" style=\"text-align: justify;\">El mundo est\u00e1 viviendo cambios dr\u00e1sticos, a nivel econ\u00f3mico, geopol\u00edtico, cultural, tecnol\u00f3gico.\u00a0 Y Chile y Ays\u00e9n tambi\u00e9n.<\/p>\n<p dir=\"ltr\" style=\"text-align: justify;\">Pero hay aspectos que no pasan de moda: reflexionar sobre el impacto que tienen nuestros actos sobre la naturaleza y, con ello, sobre nuestras vidas y la de los dem\u00e1s.<\/p>\n<p dir=\"ltr\" style=\"text-align: justify;\">Y eso, m\u00e1s all\u00e1 del ruido actual, se llama responsabilidad.<\/p>\n<div class=\"gmail_default\" style=\"text-align: justify;\"><em>Por : Patricio Segura Ortiz, periodista<\/em><\/div>\n<\/div><\/section><\/div><div  style='height:50px' class='hr hr-invisible   avia-builder-el-6  el_after_av_one_full  el_before_av_social_share '><span class='hr-inner ' ><span class='hr-inner-style'><\/span><\/span><\/div><\/p>\n<div  class='av-social-sharing-box  avia-builder-el-7  el_after_av_hr  el_before_av_hr  '><div class='av-share-box'><h5 class='av-share-link-description av-no-toc '>Compartir esta noticia<\/h5><ul class='av-share-box-list noLightbox'><li class='av-share-link av-social-link-facebook' ><a target=\"_blank\" aria-label=\"Compartir en Facebook\" href='https:\/\/www.facebook.com\/sharer.php?u=https:\/\/radiorevelacionfm.cl\/?p=63863&#038;t=El%20dilema%20del%20equilibrio%20ambiental%20con%20una%20poblaci%C3%B3n%20que%20aumenta' aria-hidden='false' data-av_icon='\ue8f3' data-av_iconfont='entypo-fontello' title='' data-avia-related-tooltip='Compartir en Facebook' rel=\"noopener\"><span class='avia_hidden_link_text'>Compartir en Facebook<\/span><\/a><\/li><li class='av-share-link av-social-link-twitter' ><a target=\"_blank\" aria-label=\"Compartir en Twitter\" href='https:\/\/twitter.com\/share?text=El%20dilema%20del%20equilibrio%20ambiental%20con%20una%20poblaci%C3%B3n%20que%20aumenta&#038;url=https:\/\/radiorevelacionfm.cl\/?p=63863' aria-hidden='false' data-av_icon='\ue8f1' data-av_iconfont='entypo-fontello' title='' data-avia-related-tooltip='Compartir en Twitter' rel=\"noopener\"><span class='avia_hidden_link_text'>Compartir en Twitter<\/span><\/a><\/li><li class='av-share-link av-social-link-whatsapp' ><a target=\"_blank\" aria-label=\"Compartir en Whatsapp\" href='https:\/\/api.whatsapp.com\/send?text=https:\/\/radiorevelacionfm.cl\/?p=63863' aria-hidden='false' data-av_icon='\uf232' data-av_iconfont='entypo-fontello' title='' data-avia-related-tooltip='Compartir en Whatsapp' rel=\"noopener\"><span class='avia_hidden_link_text'>Compartir en Whatsapp<\/span><\/a><\/li><li class='av-share-link av-social-link-linkedin' ><a target=\"_blank\" aria-label=\"Compartir en LinkedIn\" href='https:\/\/linkedin.com\/shareArticle?mini=true&#038;title=El%20dilema%20del%20equilibrio%20ambiental%20con%20una%20poblaci%C3%B3n%20que%20aumenta&#038;url=https:\/\/radiorevelacionfm.cl\/?p=63863' aria-hidden='false' data-av_icon='\ue8fc' data-av_iconfont='entypo-fontello' title='' data-avia-related-tooltip='Compartir en LinkedIn' rel=\"noopener\"><span class='avia_hidden_link_text'>Compartir en LinkedIn<\/span><\/a><\/li><li class='av-share-link av-social-link-mail' ><a  aria-label=\"Compartir por correo\" href='mailto:?subject=El%20dilema%20del%20equilibrio%20ambiental%20con%20una%20poblaci%C3%B3n%20que%20aumenta&#038;body=https:\/\/radiorevelacionfm.cl\/?p=63863' aria-hidden='false' data-av_icon='\ue805' data-av_iconfont='entypo-fontello' title='' data-avia-related-tooltip='Compartir por correo'><span class='avia_hidden_link_text'>Compartir por correo<\/span><\/a><\/li><\/ul><\/div><\/div>\n<div  style='height:50px' class='hr hr-invisible   avia-builder-el-8  el_after_av_social_share  el_before_av_comments_list '><span class='hr-inner ' ><span class='hr-inner-style'><\/span><\/span><\/div>\n<div  class='av-buildercomment  av-blog-meta-html-info-disabled av-blog-meta-tag-disabled  '><\/div>\n","protected":false},"excerpt":{"rendered":"","protected":false},"author":1,"featured_media":63864,"comment_status":"closed","ping_status":"closed","sticky":false,"template":"","format":"standard","meta":{"footnotes":""},"categories":[50],"tags":[],"class_list":["post-63863","post","type-post","status-publish","format-standard","has-post-thumbnail","hentry","category-cartas-y-opinion"],"jetpack_featured_media_url":"https:\/\/radiorevelacionfm.cl\/wp-content\/uploads\/2026\/01\/captura-de-pantalla-2026-01-28-a-las-14_optimized.24.56-1-1-1.jpg","_links":{"self":[{"href":"https:\/\/radiorevelacionfm.cl\/index.php?rest_route=\/wp\/v2\/posts\/63863","targetHints":{"allow":["GET"]}}],"collection":[{"href":"https:\/\/radiorevelacionfm.cl\/index.php?rest_route=\/wp\/v2\/posts"}],"about":[{"href":"https:\/\/radiorevelacionfm.cl\/index.php?rest_route=\/wp\/v2\/types\/post"}],"author":[{"embeddable":true,"href":"https:\/\/radiorevelacionfm.cl\/index.php?rest_route=\/wp\/v2\/users\/1"}],"replies":[{"embeddable":true,"href":"https:\/\/radiorevelacionfm.cl\/index.php?rest_route=%2Fwp%2Fv2%2Fcomments&post=63863"}],"version-history":[{"count":2,"href":"https:\/\/radiorevelacionfm.cl\/index.php?rest_route=\/wp\/v2\/posts\/63863\/revisions"}],"predecessor-version":[{"id":63921,"href":"https:\/\/radiorevelacionfm.cl\/index.php?rest_route=\/wp\/v2\/posts\/63863\/revisions\/63921"}],"wp:featuredmedia":[{"embeddable":true,"href":"https:\/\/radiorevelacionfm.cl\/index.php?rest_route=\/wp\/v2\/media\/63864"}],"wp:attachment":[{"href":"https:\/\/radiorevelacionfm.cl\/index.php?rest_route=%2Fwp%2Fv2%2Fmedia&parent=63863"}],"wp:term":[{"taxonomy":"category","embeddable":true,"href":"https:\/\/radiorevelacionfm.cl\/index.php?rest_route=%2Fwp%2Fv2%2Fcategories&post=63863"},{"taxonomy":"post_tag","embeddable":true,"href":"https:\/\/radiorevelacionfm.cl\/index.php?rest_route=%2Fwp%2Fv2%2Ftags&post=63863"}],"curies":[{"name":"wp","href":"https:\/\/api.w.org\/{rel}","templated":true}]}}