{"id":63857,"date":"2026-01-29T18:10:20","date_gmt":"2026-01-29T21:10:20","guid":{"rendered":"https:\/\/radiorevelacionfm.cl\/?p=63857"},"modified":"2026-01-29T18:10:20","modified_gmt":"2026-01-29T21:10:20","slug":"subsecretario-erwin-diaz-visito-centro-comunitario-de-cuidados-de-coyhaique","status":"publish","type":"post","link":"https:\/\/radiorevelacionfm.cl\/?p=63857","title":{"rendered":"Subsecretario Erwin D\u00edaz visit\u00f3 Centro Comunitario de Cuidados de Coyhaique"},"content":{"rendered":"<div class=\"flex_column av_one_full  flex_column_div av-zero-column-padding first  avia-builder-el-0  el_before_av_one_full  avia-builder-el-first  \" style='border-radius:0px; '><div  class='avia-image-container  av-styling-    avia-builder-el-1  avia-builder-el-no-sibling  avia-align-center '  itemprop=\"image\" itemscope=\"itemscope\" itemtype=\"https:\/\/schema.org\/ImageObject\"  ><div class='avia-image-container-inner'><div class='avia-image-overlay-wrap'><img decoding=\"async\" class='wp-image-63858 avia-img-lazy-loading-not-63858 avia_image' src=\"https:\/\/radiorevelacionfm.cl\/wp-content\/uploads\/2026\/01\/foto-1-98-1_optimized-1.jpeg\" alt='' title='foto-1-(98)-(1)_optimized (1)' height=\"600\" width=\"1067\"  itemprop=\"thumbnailUrl\" srcset=\"https:\/\/radiorevelacionfm.cl\/wp-content\/uploads\/2026\/01\/foto-1-98-1_optimized-1.jpeg 1067w, https:\/\/radiorevelacionfm.cl\/wp-content\/uploads\/2026\/01\/foto-1-98-1_optimized-1-300x169.jpeg 300w, https:\/\/radiorevelacionfm.cl\/wp-content\/uploads\/2026\/01\/foto-1-98-1_optimized-1-1030x579.jpeg 1030w, https:\/\/radiorevelacionfm.cl\/wp-content\/uploads\/2026\/01\/foto-1-98-1_optimized-1-768x432.jpeg 768w, https:\/\/radiorevelacionfm.cl\/wp-content\/uploads\/2026\/01\/foto-1-98-1_optimized-1-705x396.jpeg 705w, https:\/\/radiorevelacionfm.cl\/wp-content\/uploads\/2026\/01\/foto-1-98-1_optimized-1-450x253.jpeg 450w, https:\/\/radiorevelacionfm.cl\/wp-content\/uploads\/2026\/01\/foto-1-98-1_optimized-1-600x337.jpeg 600w\" sizes=\"(max-width: 1067px) 100vw, 1067px\" \/><\/div><\/div><\/div><\/div><div class=\"flex_column av_one_full  flex_column_div av-zero-column-padding first  avia-builder-el-2  el_after_av_one_full  el_before_av_one_full  column-top-margin\" style='border-radius:0px; '><section class=\"av_textblock_section \"  itemscope=\"itemscope\" itemtype=\"https:\/\/schema.org\/BlogPosting\" itemprop=\"blogPost\" ><div class='avia_textblock  '   itemprop=\"text\" ><p style=\"text-align: center;\"><strong><span style=\"font-size: 18pt;\">Subsecretario Erwin D\u00edaz visit\u00f3 Centro Comunitario de Cuidados de Coyhaique<\/span><\/strong><\/p>\n<div id=\"gtx-trans\" style=\"position: absolute; left: -50px; top: 4.31534px;\">\n<div class=\"gtx-trans-icon\"><\/div>\n<\/div>\n<\/div><\/section><\/div><div class=\"flex_column av_one_full  flex_column_div av-zero-column-padding first  avia-builder-el-4  el_after_av_one_full  el_before_av_hr  column-top-margin\" style='border-radius:0px; '><section class=\"av_textblock_section \"  itemscope=\"itemscope\" itemtype=\"https:\/\/schema.org\/BlogPosting\" itemprop=\"blogPost\" ><div class='avia_textblock  '   itemprop=\"text\" ><ul>\n<li style=\"text-align: justify;\"><strong><em>Ubicado en el sector alto de Coyhaique, el recinto busca acercar la oferta p\u00fablica a los territorios, apoyando a personas cuidadoras y a quienes requieren cuidados mediante servicios, talleres y actividades con enfoque de derechos, g\u00e9nero y corresponsabilidad social del cuidado.<\/em><\/strong><\/li>\n<\/ul>\n<p style=\"text-align: justify;\">En el marco de su visita a la Regi\u00f3n de Ays\u00e9n, el subsecretario de Gobierno, Erwin D\u00edaz, visit\u00f3 el Centro Comunitario de Cuidados del barrio Quebrada La Cruz, en la comuna de Coyhaique, proyecto emblem\u00e1tico que avanza en su etapa de ejecuci\u00f3n y que forma parte del Sistema Nacional de Apoyos y Cuidados, Chile Cuida.<\/p>\n<p style=\"text-align: justify;\">La autoridad conoci\u00f3 en terreno los avances de esta obra, que contempla una inversi\u00f3n aproximada de $336 millones de pesos (9.800 UF) y considera la construcci\u00f3n de un recinto de 204,5 metros cuadrados, dise\u00f1ado con criterios de accesibilidad universal y que contar\u00e1 con una sala multiuso, sal\u00f3n recreativo, terraza exterior, patio techado, sala de cuidados, oficina, cocina, ba\u00f1os y bodega, constituy\u00e9ndose como un espacio multifuncional al servicio de la comunidad.<\/p>\n<p style=\"text-align: justify;\">Durante la visita, el subsecretario D\u00edaz destac\u00f3 la importancia de este tipo de infraestructura para fortalecer el tejido social y avanzar hacia un Estado m\u00e1s presente en los barrios, valorando el trabajo colaborativo entre el Ministerio de Vivienda y Urbanismo, el municipio de Coyhaique, los ministerios vinculados al sistema de cuidados y las organizaciones vecinales del sector.<\/p>\n<p style=\"text-align: justify;\">\u201cLa visita al Centro Comunitario de Cuidados de Coyhaique, que lleva un 30% de avance, que es el segundo centro comunitario que tiene la regi\u00f3n, fue muy importante y significativa. Es una obra de m\u00e1s de 300 millones de pesos, en la cual pudimos compartir junto a las vecinas que lucharon por tener un espacio donde encontrarse. Ellas dec\u00edan: nosotros aspiramos simplemente a tener una sede social, y hoy d\u00eda tenemos un espacio que le da dignidad a nuestras vecinas, a quienes cuidan, a quienes cuidamos, nos dec\u00edan ellas porque eran las dos personas cuidadoras, y tambi\u00e9n a las personas que cuidan. As\u00ed es que, la verdad, este es un espacio de encuentro, de dignificaci\u00f3n, y tambi\u00e9n de un espacio de poder fortalecer las confianzas alrededor de la comunidad\u201d, dijo.<\/p>\n<p style=\"text-align: justify;\">\u201cObras como esta son parte del compromiso del gobierno del presidente Gabriel Boric, en poder visibilizar aquella situaci\u00f3n de cuidadoras y cuidadores que durante muchos a\u00f1os estuvo oculta, y que hoy d\u00eda, a trav\u00e9s del Sistema Nacional de Cuidado, que ya es ley, el Sistema Chile Cuida, nos permite poder dar una visibilidad, un protagonismo, una responsabilidad del Estado,\u00a0 pero tambi\u00e9n con una responsabilidad como sociedad, de poder colaborar en conjunto, y de cuidar a quienes cuidan. Que creo que ambas cosas son perfectamente compatibles y que hoy d\u00eda ya tenemos certezas para el futuro. As\u00ed es que estamos felices con esta obra, que adem\u00e1s se suma a ya los 60 Centros de Cuidado Nacional que hemos construido\u201d, agreg\u00f3.<\/p>\n<p style=\"text-align: justify;\">Cabe se\u00f1alar que el Sistema Nacional de Apoyos y Cuidados, Chile Cuida, ha registrado avances significativos en la Regi\u00f3n de Ays\u00e9n, consolidando una red de apoyo concreta para personas cuidadoras y quienes requieren asistencia. Actualmente, la regi\u00f3n cuenta con dos Centros Comunitarios de Cuidados, uno de ellos ya en funcionamiento en Puerto Ays\u00e9n, mientras el centro de Coyhaique avanza para integrarse plenamente a esta pol\u00edtica p\u00fablica, ampliando la presencia del Estado en los barrios.<\/p>\n<\/div><\/section><\/div><div  style='height:50px' class='hr hr-invisible   avia-builder-el-6  el_after_av_one_full  el_before_av_social_share '><span class='hr-inner ' ><span class='hr-inner-style'><\/span><\/span><\/div><\/p>\n<div  class='av-social-sharing-box  avia-builder-el-7  el_after_av_hr  el_before_av_hr  '><div class='av-share-box'><h5 class='av-share-link-description av-no-toc '>Compartir esta noticia<\/h5><ul class='av-share-box-list noLightbox'><li class='av-share-link av-social-link-facebook' ><a target=\"_blank\" aria-label=\"Compartir en Facebook\" href='https:\/\/www.facebook.com\/sharer.php?u=https:\/\/radiorevelacionfm.cl\/?p=63857&#038;t=Subsecretario%20Erwin%20D%C3%ADaz%20visit%C3%B3%20Centro%20Comunitario%20de%20Cuidados%20de%20Coyhaique' aria-hidden='false' data-av_icon='\ue8f3' data-av_iconfont='entypo-fontello' title='' data-avia-related-tooltip='Compartir en Facebook' rel=\"noopener\"><span class='avia_hidden_link_text'>Compartir en Facebook<\/span><\/a><\/li><li class='av-share-link av-social-link-twitter' ><a target=\"_blank\" aria-label=\"Compartir en Twitter\" href='https:\/\/twitter.com\/share?text=Subsecretario%20Erwin%20D%C3%ADaz%20visit%C3%B3%20Centro%20Comunitario%20de%20Cuidados%20de%20Coyhaique&#038;url=https:\/\/radiorevelacionfm.cl\/?p=63857' aria-hidden='false' data-av_icon='\ue8f1' data-av_iconfont='entypo-fontello' title='' data-avia-related-tooltip='Compartir en Twitter' rel=\"noopener\"><span class='avia_hidden_link_text'>Compartir en Twitter<\/span><\/a><\/li><li class='av-share-link av-social-link-whatsapp' ><a target=\"_blank\" aria-label=\"Compartir en Whatsapp\" href='https:\/\/api.whatsapp.com\/send?text=https:\/\/radiorevelacionfm.cl\/?p=63857' aria-hidden='false' data-av_icon='\uf232' data-av_iconfont='entypo-fontello' title='' data-avia-related-tooltip='Compartir en Whatsapp' rel=\"noopener\"><span class='avia_hidden_link_text'>Compartir en Whatsapp<\/span><\/a><\/li><li class='av-share-link av-social-link-linkedin' ><a target=\"_blank\" aria-label=\"Compartir en LinkedIn\" href='https:\/\/linkedin.com\/shareArticle?mini=true&#038;title=Subsecretario%20Erwin%20D%C3%ADaz%20visit%C3%B3%20Centro%20Comunitario%20de%20Cuidados%20de%20Coyhaique&#038;url=https:\/\/radiorevelacionfm.cl\/?p=63857' aria-hidden='false' data-av_icon='\ue8fc' data-av_iconfont='entypo-fontello' title='' data-avia-related-tooltip='Compartir en LinkedIn' rel=\"noopener\"><span class='avia_hidden_link_text'>Compartir en LinkedIn<\/span><\/a><\/li><li class='av-share-link av-social-link-mail' ><a  aria-label=\"Compartir por correo\" href='mailto:?subject=Subsecretario%20Erwin%20D%C3%ADaz%20visit%C3%B3%20Centro%20Comunitario%20de%20Cuidados%20de%20Coyhaique&#038;body=https:\/\/radiorevelacionfm.cl\/?p=63857' aria-hidden='false' data-av_icon='\ue805' data-av_iconfont='entypo-fontello' title='' data-avia-related-tooltip='Compartir por correo'><span class='avia_hidden_link_text'>Compartir por correo<\/span><\/a><\/li><\/ul><\/div><\/div>\n<div  style='height:50px' class='hr hr-invisible   avia-builder-el-8  el_after_av_social_share  el_before_av_comments_list '><span class='hr-inner ' ><span class='hr-inner-style'><\/span><\/span><\/div>\n<div  class='av-buildercomment  av-blog-meta-html-info-disabled av-blog-meta-tag-disabled  '><\/div>\n","protected":false},"excerpt":{"rendered":"","protected":false},"author":1,"featured_media":63858,"comment_status":"closed","ping_status":"closed","sticky":false,"template":"","format":"standard","meta":{"footnotes":""},"categories":[38],"tags":[],"class_list":["post-63857","post","type-post","status-publish","format-standard","has-post-thumbnail","hentry","category-regional"],"jetpack_featured_media_url":"https:\/\/radiorevelacionfm.cl\/wp-content\/uploads\/2026\/01\/foto-1-98-1_optimized-1.jpeg","_links":{"self":[{"href":"https:\/\/radiorevelacionfm.cl\/index.php?rest_route=\/wp\/v2\/posts\/63857","targetHints":{"allow":["GET"]}}],"collection":[{"href":"https:\/\/radiorevelacionfm.cl\/index.php?rest_route=\/wp\/v2\/posts"}],"about":[{"href":"https:\/\/radiorevelacionfm.cl\/index.php?rest_route=\/wp\/v2\/types\/post"}],"author":[{"embeddable":true,"href":"https:\/\/radiorevelacionfm.cl\/index.php?rest_route=\/wp\/v2\/users\/1"}],"replies":[{"embeddable":true,"href":"https:\/\/radiorevelacionfm.cl\/index.php?rest_route=%2Fwp%2Fv2%2Fcomments&post=63857"}],"version-history":[{"count":2,"href":"https:\/\/radiorevelacionfm.cl\/index.php?rest_route=\/wp\/v2\/posts\/63857\/revisions"}],"predecessor-version":[{"id":63886,"href":"https:\/\/radiorevelacionfm.cl\/index.php?rest_route=\/wp\/v2\/posts\/63857\/revisions\/63886"}],"wp:featuredmedia":[{"embeddable":true,"href":"https:\/\/radiorevelacionfm.cl\/index.php?rest_route=\/wp\/v2\/media\/63858"}],"wp:attachment":[{"href":"https:\/\/radiorevelacionfm.cl\/index.php?rest_route=%2Fwp%2Fv2%2Fmedia&parent=63857"}],"wp:term":[{"taxonomy":"category","embeddable":true,"href":"https:\/\/radiorevelacionfm.cl\/index.php?rest_route=%2Fwp%2Fv2%2Fcategories&post=63857"},{"taxonomy":"post_tag","embeddable":true,"href":"https:\/\/radiorevelacionfm.cl\/index.php?rest_route=%2Fwp%2Fv2%2Ftags&post=63857"}],"curies":[{"name":"wp","href":"https:\/\/api.w.org\/{rel}","templated":true}]}}