{"id":63849,"date":"2026-01-29T14:59:21","date_gmt":"2026-01-29T17:59:21","guid":{"rendered":"https:\/\/radiorevelacionfm.cl\/?p=63849"},"modified":"2026-01-29T14:59:21","modified_gmt":"2026-01-29T17:59:21","slug":"hito-historico-en-isla-traiguen-entregan-destinacion-maritima-de-espacio-marino-costero-de-pueblos-originarios","status":"publish","type":"post","link":"https:\/\/radiorevelacionfm.cl\/?p=63849","title":{"rendered":"Hito hist\u00f3rico en Isla Traigu\u00e9n: entregan destinaci\u00f3n mar\u00edtima de espacio marino costero de pueblos originarios"},"content":{"rendered":"<div class=\"flex_column av_one_full  flex_column_div av-zero-column-padding first  avia-builder-el-0  el_before_av_one_full  avia-builder-el-first  \" style='border-radius:0px; '><div  class='avia-image-container  av-styling-    avia-builder-el-1  avia-builder-el-no-sibling  avia-align-center '  itemprop=\"image\" itemscope=\"itemscope\" itemtype=\"https:\/\/schema.org\/ImageObject\"  ><div class='avia-image-container-inner'><div class='avia-image-overlay-wrap'><img decoding=\"async\" class='wp-image-63850 avia-img-lazy-loading-not-63850 avia_image' src=\"https:\/\/radiorevelacionfm.cl\/wp-content\/uploads\/2026\/01\/ecmpo-2_optimized-1.jpeg\" alt='' title='ecmpo-(2)_optimized (1)' height=\"600\" width=\"1103\"  itemprop=\"thumbnailUrl\" srcset=\"https:\/\/radiorevelacionfm.cl\/wp-content\/uploads\/2026\/01\/ecmpo-2_optimized-1.jpeg 1103w, https:\/\/radiorevelacionfm.cl\/wp-content\/uploads\/2026\/01\/ecmpo-2_optimized-1-300x163.jpeg 300w, https:\/\/radiorevelacionfm.cl\/wp-content\/uploads\/2026\/01\/ecmpo-2_optimized-1-1030x560.jpeg 1030w, https:\/\/radiorevelacionfm.cl\/wp-content\/uploads\/2026\/01\/ecmpo-2_optimized-1-768x418.jpeg 768w, https:\/\/radiorevelacionfm.cl\/wp-content\/uploads\/2026\/01\/ecmpo-2_optimized-1-705x383.jpeg 705w, https:\/\/radiorevelacionfm.cl\/wp-content\/uploads\/2026\/01\/ecmpo-2_optimized-1-450x245.jpeg 450w, https:\/\/radiorevelacionfm.cl\/wp-content\/uploads\/2026\/01\/ecmpo-2_optimized-1-600x326.jpeg 600w\" sizes=\"(max-width: 1103px) 100vw, 1103px\" \/><\/div><\/div><\/div><\/div><div class=\"flex_column av_one_full  flex_column_div av-zero-column-padding first  avia-builder-el-2  el_after_av_one_full  el_before_av_one_full  column-top-margin\" style='border-radius:0px; '><section class=\"av_textblock_section \"  itemscope=\"itemscope\" itemtype=\"https:\/\/schema.org\/BlogPosting\" itemprop=\"blogPost\" ><div class='avia_textblock  '   itemprop=\"text\" ><p style=\"text-align: center;\"><strong><span style=\"font-size: 18pt;\">Hito hist\u00f3rico en Isla Traigu\u00e9n: entregan destinaci\u00f3n mar\u00edtima de espacio marino costero de pueblos originarios<\/span><\/strong><\/p>\n<div id=\"gtx-trans\" style=\"position: absolute; left: -50px; top: 4.31534px;\">\n<div class=\"gtx-trans-icon\"><\/div>\n<\/div>\n<\/div><\/section><\/div><div class=\"flex_column av_one_full  flex_column_div av-zero-column-padding first  avia-builder-el-4  el_after_av_one_full  el_before_av_hr  column-top-margin\" style='border-radius:0px; '><section class=\"av_textblock_section \"  itemscope=\"itemscope\" itemtype=\"https:\/\/schema.org\/BlogPosting\" itemprop=\"blogPost\" ><div class='avia_textblock  '   itemprop=\"text\" ><p style=\"text-align: justify;\">La ECMPO (Espacio Costero Marino de Pueblos Originarios) corresponde a una figura legal creada por la Ley N.\u00ba 20.249 (Ley Lafkenche) que permite reconocer y entregar la administraci\u00f3n de estos espacios costeros a las comunidades ind\u00edgenas donde hayan ejercido un uso consuetudinario ancestral, con el fin de proteger sus tradiciones, pr\u00e1cticas culturales y recursos naturales marinos.<\/p>\n<p style=\"text-align: justify;\">En este contexto, la Comunidad Ind\u00edgena Nahuelqu\u00edn Delgado, radicada en Isla Traigu\u00e9n, Regi\u00f3n de Ays\u00e9n, logr\u00f3 tras m\u00e1s de una d\u00e9cada de tramitaci\u00f3n que la Comisi\u00f3n Regional de Uso del Borde Costero (CRUBC) aprobara el d\u00eda 4 de agosto del 2023, la creaci\u00f3n de un ECMPO sobre 203,96 hect\u00e1reas de espacio marino costero en reconocimiento de su v\u00ednculo hist\u00f3rico y uso tradicional del territorio. Esta aprobaci\u00f3n constituye un hito hist\u00f3rico para la regi\u00f3n, al ser el primer ECMPO de este tipo otorgada a una comunidad ind\u00edgena en Ays\u00e9n, y abre la puerta a que la comunidad administre y proteja de forma sostenible ese pol\u00edgono de mar, preservando sus pr\u00e1cticas ancestrales y biodiversidad, mientras define un plan de administraci\u00f3n en conjunto con las autoridades estatales.<\/p>\n<p style=\"text-align: justify;\">Por este motivo, recientemente se realiz\u00f3 la ceremonia de entrega de la Destinaci\u00f3n Mar\u00edtima del Espacio Marino Costero de Pueblos Originarios; \u201cIsla\u00a0Traigu\u00e9n\u201d, actividad en la cual la autoridad mar\u00edtima entrega la destinaci\u00f3n\u00a0a la Subsecretar\u00eda de Pesca y Acuicultura. La ceremonia se realiz\u00f3 en Isla Traigu\u00e9n y cont\u00f3\u00a0con la participaci\u00f3n\u00a0de la comunidad Nahuelqu\u00edn Delgado, el Director Zonal de Pesca de Ays\u00e9n; Blas Quiroga y el Capit\u00e1n de Puerto Chacabuco Sim\u00f3n Stuven.\u00a0<strong><em>\u201cPara la Subsecretar\u00eda de Pesca y Acuicultura es sumamente importante haber recibido la destinaci\u00f3n mar\u00edtima por parte de la subsecretar\u00eda para las fuerzas armadas, y as\u00ed dar curso a los procesos pendientes para concretar el convenio de uso con la Comunidad ind\u00edgena Nahuelqu\u00edn Delgado, dando cuerpo al esp\u00edritu de la Ley 20.249. Debemos considerar que este proceso comenz\u00f3 el a\u00f1o 2012, mediante la solicitud de la comunidad, aprobada casi de manera un\u00e1nime en la Comisi\u00f3n Regional de Uso de Borde Costero, para convertirse en un futuro pr\u00f3ximo en el primer espacio costero marino de pueblos originarios con Plan de Manejo en la Regi\u00f3n de Ays\u00e9n\u201d.<\/em><\/strong> Coment\u00f3 el Director Zonal de Pesca, Blas Quiroga.<\/p>\n<p style=\"text-align: justify;\">Por su parte, Marcia Nahuelqu\u00edn miembro de la Comunidad Nahuelqu\u00edn Delgado, puso sobre relieve la importancia de este momento hist\u00f3rico: <strong><em>\u201cEs un hito regional y es tambi\u00e9n importante darse cuenta de que cuando las cosas comienzan, hay que ser perseverante en los procesos. Nosotros como comunidad tuvimos muchos obst\u00e1culos, sin embargo hemos conseguido esta destinaci\u00f3n producto de que la comunidad efectivamente vive en la isla y es reconocida como una familia que ha vinculado toda su existencia al mar. Por tanto, pudimos tambi\u00e9n cumplir con el informe de uso <\/em><\/strong><strong><em>consuetudinario<\/em><\/strong><strong><em>. Es importante resaltar que esta ley no es una ley nueva como muchas personas piensan, se promulg\u00f3 el a\u00f1o 2008, por tanto hay que hacer un reconocimiento a las comunidades ind\u00edgenas, porque esta ley no nace por voluntad del propio Estado, sino que nace por y desde las comunidades ind\u00edgenas y en raz\u00f3n de eso, hoy se ha reconocido en el litoral de Ays\u00e9n a la comunidad Nahuelqu\u00edn Delgado\u201d.<\/em><\/strong><\/p>\n<p style=\"text-align: justify;\">Este requerimiento presentado por la comunidad, tuvo como fecha de inicio el 20 de julio de 2012 cuando se ingres\u00f3 la solicitud de Espacio Costero Marino de Pueblos Originarios (ECMPO), requerimiento efectuado por la Comunidad Ind\u00edgena Nahuelqu\u00edn Delgado, en la cual solicitaban que se establezca un determinado sector como ECMPO. Solicitud que presentaba caracter\u00edsticas tales como; Superficie del espacio: 9.702 Hect\u00e1reas, Naturaleza: Porci\u00f3n de agua y fondo de mar y usos invocados: Pesca de recursos bent\u00f3nicos, demersal y pel\u00e1gicos, recolecci\u00f3n de algas y repoblamiento, protecci\u00f3n de lugares culturales, comunicaci\u00f3n y transporte, salud, medicina, maestranza de botes y embarcaciones, viveros naturales y corrales de pesca ancestral, derechos de agua, huerto de hortalizas y floricultura, crianza de animales, planta de proceso de productos marinos.<\/p>\n<p style=\"text-align: justify;\">Finalmente,\u00a0Conadi acredit\u00f3 203,96 hect\u00e1reas de la solicitud original, todo lo anterior contenido en el\u00a0Informe de Uso Consuetudinario\u00a0N\u00b0 02\/14 del 10 de marzo del 2014.\u00a0Para esta solicitud la Comisi\u00f3n Regional de Uso del Borde Costero (CRUBC) se\u00a0pronunci\u00f3\u00a0de manera favorable\u00a0a su establecimiento\u00a0el d\u00eda 4 de agosto del 2023, convirti\u00e9ndose as\u00ed en la primera ECMPO de la Regi\u00f3n de Ays\u00e9n. Al respecto, el Seremi de Econom\u00eda, Fomento y Turismo; Felipe Rojas se refiri\u00f3 a la votaci\u00f3n realizada por la CRUBC; <strong>\u201c<em>Esta solicitud cont\u00f3 con un amplio respaldo de cada uno de los miembros que integraban la Comisi\u00f3n Regional de Uso del Borde Costero, m\u00e1s de un 90% de votos favorables, en donde participaron aprobando; pescadores artesanales, industria, sector p\u00fablico y tambi\u00e9n autoridades electas. Por lo tanto, nosotros valoramos positivamente que esta sea el primer espacio costero mar\u00edtimo de pueblos originarios establecido en la Regi\u00f3n de Ays\u00e9n y esperamos tambi\u00e9n que contin\u00fae la tramitaci\u00f3n para su pronto desarrollo\u201d.<\/em><\/strong><\/p>\n<p style=\"text-align: justify;\">Posterior a la ceremonia de entrega de la Destinaci\u00f3n Mar\u00edtima del Espacio Marino Costero de Pueblos Originarios; \u201cIsla\u00a0Traigu\u00e9n\u201d, Conadi debe apoyar la elaboraci\u00f3n el plan de administraci\u00f3n del espacio y Subpesca debe entregar, mediante un convenio su uso la administraci\u00f3n del ECMPO la comunidad. De este modo Isla Traigu\u00e9n y su gente, no son solo territorio, sino memoria viva y futuro compartido. La ECMPO Isla Traigu\u00e9n se proyecta como un espacio de encuentro, aprendizaje y dignidad, donde el trabajo comunitario sigue sembrando esperanza para las generaciones que vienen.<\/p>\n<\/div><\/section><\/div><div  style='height:50px' class='hr hr-invisible   avia-builder-el-6  el_after_av_one_full  el_before_av_social_share '><span class='hr-inner ' ><span class='hr-inner-style'><\/span><\/span><\/div><\/p>\n<div  class='av-social-sharing-box  avia-builder-el-7  el_after_av_hr  el_before_av_hr  '><div class='av-share-box'><h5 class='av-share-link-description av-no-toc '>Compartir esta noticia<\/h5><ul class='av-share-box-list noLightbox'><li class='av-share-link av-social-link-facebook' ><a target=\"_blank\" aria-label=\"Compartir en Facebook\" href='https:\/\/www.facebook.com\/sharer.php?u=https:\/\/radiorevelacionfm.cl\/?p=63849&#038;t=Hito%20hist%C3%B3rico%20en%20Isla%20Traigu%C3%A9n%3A%20entregan%20destinaci%C3%B3n%20mar%C3%ADtima%20de%20espacio%20marino%20costero%20de%20pueblos%20originarios' aria-hidden='false' data-av_icon='\ue8f3' data-av_iconfont='entypo-fontello' title='' data-avia-related-tooltip='Compartir en Facebook' rel=\"noopener\"><span class='avia_hidden_link_text'>Compartir en Facebook<\/span><\/a><\/li><li class='av-share-link av-social-link-twitter' ><a target=\"_blank\" aria-label=\"Compartir en Twitter\" href='https:\/\/twitter.com\/share?text=Hito%20hist%C3%B3rico%20en%20Isla%20Traigu%C3%A9n%3A%20entregan%20destinaci%C3%B3n%20mar%C3%ADtima%20de%20espacio%20marino%20costero%20de%20pueblos%20originarios&#038;url=https:\/\/radiorevelacionfm.cl\/?p=63849' aria-hidden='false' data-av_icon='\ue8f1' data-av_iconfont='entypo-fontello' title='' data-avia-related-tooltip='Compartir en Twitter' rel=\"noopener\"><span class='avia_hidden_link_text'>Compartir en Twitter<\/span><\/a><\/li><li class='av-share-link av-social-link-whatsapp' ><a target=\"_blank\" aria-label=\"Compartir en Whatsapp\" href='https:\/\/api.whatsapp.com\/send?text=https:\/\/radiorevelacionfm.cl\/?p=63849' aria-hidden='false' data-av_icon='\uf232' data-av_iconfont='entypo-fontello' title='' data-avia-related-tooltip='Compartir en Whatsapp' rel=\"noopener\"><span class='avia_hidden_link_text'>Compartir en Whatsapp<\/span><\/a><\/li><li class='av-share-link av-social-link-linkedin' ><a target=\"_blank\" aria-label=\"Compartir en LinkedIn\" href='https:\/\/linkedin.com\/shareArticle?mini=true&#038;title=Hito%20hist%C3%B3rico%20en%20Isla%20Traigu%C3%A9n%3A%20entregan%20destinaci%C3%B3n%20mar%C3%ADtima%20de%20espacio%20marino%20costero%20de%20pueblos%20originarios&#038;url=https:\/\/radiorevelacionfm.cl\/?p=63849' aria-hidden='false' data-av_icon='\ue8fc' data-av_iconfont='entypo-fontello' title='' data-avia-related-tooltip='Compartir en LinkedIn' rel=\"noopener\"><span class='avia_hidden_link_text'>Compartir en LinkedIn<\/span><\/a><\/li><li class='av-share-link av-social-link-mail' ><a  aria-label=\"Compartir por correo\" href='mailto:?subject=Hito%20hist%C3%B3rico%20en%20Isla%20Traigu%C3%A9n%3A%20entregan%20destinaci%C3%B3n%20mar%C3%ADtima%20de%20espacio%20marino%20costero%20de%20pueblos%20originarios&#038;body=https:\/\/radiorevelacionfm.cl\/?p=63849' aria-hidden='false' data-av_icon='\ue805' data-av_iconfont='entypo-fontello' title='' data-avia-related-tooltip='Compartir por correo'><span class='avia_hidden_link_text'>Compartir por correo<\/span><\/a><\/li><\/ul><\/div><\/div>\n<div  style='height:50px' class='hr hr-invisible   avia-builder-el-8  el_after_av_social_share  el_before_av_comments_list '><span class='hr-inner ' ><span class='hr-inner-style'><\/span><\/span><\/div>\n<div  class='av-buildercomment  av-blog-meta-html-info-disabled av-blog-meta-tag-disabled  '><\/div>\n","protected":false},"excerpt":{"rendered":"","protected":false},"author":1,"featured_media":63850,"comment_status":"closed","ping_status":"closed","sticky":false,"template":"","format":"standard","meta":{"footnotes":""},"categories":[38],"tags":[],"class_list":["post-63849","post","type-post","status-publish","format-standard","has-post-thumbnail","hentry","category-regional"],"jetpack_featured_media_url":"https:\/\/radiorevelacionfm.cl\/wp-content\/uploads\/2026\/01\/ecmpo-2_optimized-1.jpeg","_links":{"self":[{"href":"https:\/\/radiorevelacionfm.cl\/index.php?rest_route=\/wp\/v2\/posts\/63849","targetHints":{"allow":["GET"]}}],"collection":[{"href":"https:\/\/radiorevelacionfm.cl\/index.php?rest_route=\/wp\/v2\/posts"}],"about":[{"href":"https:\/\/radiorevelacionfm.cl\/index.php?rest_route=\/wp\/v2\/types\/post"}],"author":[{"embeddable":true,"href":"https:\/\/radiorevelacionfm.cl\/index.php?rest_route=\/wp\/v2\/users\/1"}],"replies":[{"embeddable":true,"href":"https:\/\/radiorevelacionfm.cl\/index.php?rest_route=%2Fwp%2Fv2%2Fcomments&post=63849"}],"version-history":[{"count":2,"href":"https:\/\/radiorevelacionfm.cl\/index.php?rest_route=\/wp\/v2\/posts\/63849\/revisions"}],"predecessor-version":[{"id":63852,"href":"https:\/\/radiorevelacionfm.cl\/index.php?rest_route=\/wp\/v2\/posts\/63849\/revisions\/63852"}],"wp:featuredmedia":[{"embeddable":true,"href":"https:\/\/radiorevelacionfm.cl\/index.php?rest_route=\/wp\/v2\/media\/63850"}],"wp:attachment":[{"href":"https:\/\/radiorevelacionfm.cl\/index.php?rest_route=%2Fwp%2Fv2%2Fmedia&parent=63849"}],"wp:term":[{"taxonomy":"category","embeddable":true,"href":"https:\/\/radiorevelacionfm.cl\/index.php?rest_route=%2Fwp%2Fv2%2Fcategories&post=63849"},{"taxonomy":"post_tag","embeddable":true,"href":"https:\/\/radiorevelacionfm.cl\/index.php?rest_route=%2Fwp%2Fv2%2Ftags&post=63849"}],"curies":[{"name":"wp","href":"https:\/\/api.w.org\/{rel}","templated":true}]}}