{"id":63845,"date":"2026-01-29T12:55:52","date_gmt":"2026-01-29T15:55:52","guid":{"rendered":"https:\/\/radiorevelacionfm.cl\/?p=63845"},"modified":"2026-01-29T12:55:52","modified_gmt":"2026-01-29T15:55:52","slug":"con-emotivo-concierto-se-homenajeo-a-los-lazos-e-ivan-barrientos-en-coyhaique","status":"publish","type":"post","link":"https:\/\/radiorevelacionfm.cl\/?p=63845","title":{"rendered":"Con emotivo concierto se homenaje\u00f3 a Los Lazos e Iv\u00e1n Barrientos en Coyhaique"},"content":{"rendered":"<div class=\"flex_column av_one_full  flex_column_div av-zero-column-padding first  avia-builder-el-0  el_before_av_one_full  avia-builder-el-first  \" style='border-radius:0px; '><div  class='avia-image-container  av-styling-    avia-builder-el-1  avia-builder-el-no-sibling  avia-align-center '  itemprop=\"image\" itemscope=\"itemscope\" itemtype=\"https:\/\/schema.org\/ImageObject\"  ><div class='avia-image-container-inner'><div class='avia-image-overlay-wrap'><img decoding=\"async\" class='wp-image-63846 avia-img-lazy-loading-not-63846 avia_image' src=\"https:\/\/radiorevelacionfm.cl\/wp-content\/uploads\/2026\/01\/img_0141-1_optimized.jpg\" alt='' title='img_0141-(1)_optimized' height=\"600\" width=\"900\"  itemprop=\"thumbnailUrl\" srcset=\"https:\/\/radiorevelacionfm.cl\/wp-content\/uploads\/2026\/01\/img_0141-1_optimized.jpg 900w, https:\/\/radiorevelacionfm.cl\/wp-content\/uploads\/2026\/01\/img_0141-1_optimized-300x200.jpg 300w, https:\/\/radiorevelacionfm.cl\/wp-content\/uploads\/2026\/01\/img_0141-1_optimized-768x512.jpg 768w, https:\/\/radiorevelacionfm.cl\/wp-content\/uploads\/2026\/01\/img_0141-1_optimized-705x470.jpg 705w, https:\/\/radiorevelacionfm.cl\/wp-content\/uploads\/2026\/01\/img_0141-1_optimized-450x300.jpg 450w, https:\/\/radiorevelacionfm.cl\/wp-content\/uploads\/2026\/01\/img_0141-1_optimized-600x400.jpg 600w\" sizes=\"(max-width: 900px) 100vw, 900px\" \/><\/div><\/div><\/div><\/div><div class=\"flex_column av_one_full  flex_column_div av-zero-column-padding first  avia-builder-el-2  el_after_av_one_full  el_before_av_one_full  column-top-margin\" style='border-radius:0px; '><section class=\"av_textblock_section \"  itemscope=\"itemscope\" itemtype=\"https:\/\/schema.org\/BlogPosting\" itemprop=\"blogPost\" ><div class='avia_textblock  '   itemprop=\"text\" ><p style=\"text-align: center;\"><strong><span style=\"font-size: 18pt;\">Con emotivo concierto se homenaje\u00f3 a Los Lazos e Iv\u00e1n Barrientos en Coyhaique<\/span><\/strong><\/p>\n<div id=\"gtx-trans\" style=\"position: absolute; left: -50px; top: 4.31534px;\">\n<div class=\"gtx-trans-icon\"><\/div>\n<\/div>\n<\/div><\/section><\/div><div class=\"flex_column av_one_full  flex_column_div av-zero-column-padding first  avia-builder-el-4  el_after_av_one_full  el_before_av_hr  column-top-margin\" style='border-radius:0px; '><section class=\"av_textblock_section \"  itemscope=\"itemscope\" itemtype=\"https:\/\/schema.org\/BlogPosting\" itemprop=\"blogPost\" ><div class='avia_textblock  '   itemprop=\"text\" ><p style=\"text-align: justify;\"><em>La actividad se realiz\u00f3 en el Centro Cultural de Coyhaique y reuni\u00f3 a la Orquesta de C\u00e1mara de la Universidad de Ays\u00e9n, Juan Mouras y el hist\u00f3rico grupo regional Los Lazos.<\/em><\/p>\n<p style=\"text-align: justify;\">Ante m\u00e1s de 250 asistentes, el pasado martes 27 de enero se realiz\u00f3 en el Centro Cultural de Coyhaique un emotivo concierto homenaje a Iv\u00e1n Barrientos, Sergio M\u00e1rquez y Arturo Barros, destacadas figuras que han contribuido de manera decisiva al desarrollo y proyecci\u00f3n de la m\u00fasica regional de Ays\u00e9n. La jornada cont\u00f3 con la participaci\u00f3n de la Orquesta de C\u00e1mara de la Universidad de Ays\u00e9n, el m\u00fasico Juan Mouras y el grupo Los Lazos, y fue liderado por la Universidad de Ays\u00e9n con financiamiento de la SEREMI de las Culturas, las Artes y el Patrimonio de Ays\u00e9n.<\/p>\n<p style=\"text-align: justify;\">La actividad se inici\u00f3 con la presentaci\u00f3n de la Orquesta de C\u00e1mara de la Universidad de Ays\u00e9n (OCUA), que interpret\u00f3 un arreglo de\u00a0\u201cLlamado\u201d, perteneciente a la\u00a0Suite Ays\u00e9n, junto a la obra\u00a0\u201cMensaje\u201d\u00a0de Arturo Barros, dando un marco solemne al inicio del homenaje. Posteriormente, el m\u00fasico Juan Mouras present\u00f3 un repertorio que incluy\u00f3 composiciones propias, obras de Iv\u00e1n Barrientos y dos piezas in\u00e9ditas, recibiendo al t\u00e9rmino de su actuaci\u00f3n un reconocimiento en nombre de su maestro.<\/p>\n<p style=\"text-align: justify;\">Sergio M\u00e1rquez, integrante homenajeado de Los Lazos, manifest\u00f3 su emoci\u00f3n y agradecimiento por el reconocimiento recibido, se\u00f1alando que \u201cpara m\u00ed, muy, muy emocionante. Estoy muy agradecido porque, en realidad, uno cuando empieza a cantar siendo muy ni\u00f1o nunca se imagina por los caminos que le va a llevar la vida. La verdad es que uno nunca busca reconocimiento ni nada, pero s\u00ed se dan las cosas y veo que la gente a nosotros nos respeta, nos reconoce y nos quiere. As\u00ed que no me queda nada m\u00e1s que agradecer de coraz\u00f3n el homenaje que le hicieron a Arturo y a m\u00ed aqu\u00ed en este d\u00eda\u201d, enfatiz\u00f3.<\/p>\n<p style=\"text-align: justify;\">Por su parte, Juan Mouras destac\u00f3 el sentido del homenaje y el v\u00ednculo personal con los m\u00fasicos reconocidos, se\u00f1alando que se trat\u00f3 de \u201cuna iniciativa espectacular, un homenaje que se merecen los artistas que fueron homenajeados, sobre todo en el caso m\u00edo, la cercan\u00eda con ellos dos, la admiraci\u00f3n por su m\u00fasica, el haber recibido las clases de Iv\u00e1n Barrientos aqu\u00ed en Coyhaique a\u00f1os atr\u00e1s, poder tocar sus obras y que una instituci\u00f3n, digamos la Universidad de Ays\u00e9n, que est\u00e1 involucr\u00e1ndose cada vez m\u00e1s con el desarrollo cultural y art\u00edstico\u201d asegur\u00f3.<\/p>\n<p style=\"text-align: justify;\">El cierre del concierto estuvo a cargo del grupo Los Lazos, quienes interpretaron un repertorio de cl\u00e1sicos que fue coreado por el p\u00fablico. Se entregaron reconocimientos a Arturo Barros y Sergio M\u00e1rquez, quien agradeci\u00f3 la distinci\u00f3n y el respaldo constante de la comunidad regional a su trayectoria art\u00edstica. En esta l\u00ednea, Ilsie, qui\u00e9n fue parte del p\u00fablico asistente coment\u00f3 que \u201ces verdaderamente emocionante ver en personas que son adultas muy mayores ya y la voz intacta de hace 20, 40 a\u00f1os atr\u00e1s. Por eso estos conciertos son total y a todo dar\u201d.<\/p>\n<p style=\"text-align: justify;\">Este concierto homenaje se desarroll\u00f3 en marco del convenio de transferencia impulsado por la SEREMI de las Culturas, las Artes y el Patrimonio de Ays\u00e9n y que fue ejecutado por la Universidad de Ays\u00e9n, iniciativa orientada a poner en valor el patrimonio cultural y musical de la regi\u00f3n, fortaleciendo el v\u00ednculo entre creaci\u00f3n art\u00edstica, memoria local y formaci\u00f3n universitaria.<\/p>\n<\/div><\/section><\/div><div  style='height:50px' class='hr hr-invisible   avia-builder-el-6  el_after_av_one_full  el_before_av_social_share '><span class='hr-inner ' ><span class='hr-inner-style'><\/span><\/span><\/div><\/p>\n<div  class='av-social-sharing-box  avia-builder-el-7  el_after_av_hr  el_before_av_hr  '><div class='av-share-box'><h5 class='av-share-link-description av-no-toc '>Compartir esta noticia<\/h5><ul class='av-share-box-list noLightbox'><li class='av-share-link av-social-link-facebook' ><a target=\"_blank\" aria-label=\"Compartir en Facebook\" href='https:\/\/www.facebook.com\/sharer.php?u=https:\/\/radiorevelacionfm.cl\/?p=63845&#038;t=Con%20emotivo%20concierto%20se%20homenaje%C3%B3%20a%20Los%20Lazos%20e%20Iv%C3%A1n%20Barrientos%20en%20Coyhaique' aria-hidden='false' data-av_icon='\ue8f3' data-av_iconfont='entypo-fontello' title='' data-avia-related-tooltip='Compartir en Facebook' rel=\"noopener\"><span class='avia_hidden_link_text'>Compartir en Facebook<\/span><\/a><\/li><li class='av-share-link av-social-link-twitter' ><a target=\"_blank\" aria-label=\"Compartir en Twitter\" href='https:\/\/twitter.com\/share?text=Con%20emotivo%20concierto%20se%20homenaje%C3%B3%20a%20Los%20Lazos%20e%20Iv%C3%A1n%20Barrientos%20en%20Coyhaique&#038;url=https:\/\/radiorevelacionfm.cl\/?p=63845' aria-hidden='false' data-av_icon='\ue8f1' data-av_iconfont='entypo-fontello' title='' data-avia-related-tooltip='Compartir en Twitter' rel=\"noopener\"><span class='avia_hidden_link_text'>Compartir en Twitter<\/span><\/a><\/li><li class='av-share-link av-social-link-whatsapp' ><a target=\"_blank\" aria-label=\"Compartir en Whatsapp\" href='https:\/\/api.whatsapp.com\/send?text=https:\/\/radiorevelacionfm.cl\/?p=63845' aria-hidden='false' data-av_icon='\uf232' data-av_iconfont='entypo-fontello' title='' data-avia-related-tooltip='Compartir en Whatsapp' rel=\"noopener\"><span class='avia_hidden_link_text'>Compartir en Whatsapp<\/span><\/a><\/li><li class='av-share-link av-social-link-linkedin' ><a target=\"_blank\" aria-label=\"Compartir en LinkedIn\" href='https:\/\/linkedin.com\/shareArticle?mini=true&#038;title=Con%20emotivo%20concierto%20se%20homenaje%C3%B3%20a%20Los%20Lazos%20e%20Iv%C3%A1n%20Barrientos%20en%20Coyhaique&#038;url=https:\/\/radiorevelacionfm.cl\/?p=63845' aria-hidden='false' data-av_icon='\ue8fc' data-av_iconfont='entypo-fontello' title='' data-avia-related-tooltip='Compartir en LinkedIn' rel=\"noopener\"><span class='avia_hidden_link_text'>Compartir en LinkedIn<\/span><\/a><\/li><li class='av-share-link av-social-link-mail' ><a  aria-label=\"Compartir por correo\" href='mailto:?subject=Con%20emotivo%20concierto%20se%20homenaje%C3%B3%20a%20Los%20Lazos%20e%20Iv%C3%A1n%20Barrientos%20en%20Coyhaique&#038;body=https:\/\/radiorevelacionfm.cl\/?p=63845' aria-hidden='false' data-av_icon='\ue805' data-av_iconfont='entypo-fontello' title='' data-avia-related-tooltip='Compartir por correo'><span class='avia_hidden_link_text'>Compartir por correo<\/span><\/a><\/li><\/ul><\/div><\/div>\n<div  style='height:50px' class='hr hr-invisible   avia-builder-el-8  el_after_av_social_share  el_before_av_comments_list '><span class='hr-inner ' ><span class='hr-inner-style'><\/span><\/span><\/div>\n<div  class='av-buildercomment  av-blog-meta-html-info-disabled av-blog-meta-tag-disabled  '><\/div>\n","protected":false},"excerpt":{"rendered":"","protected":false},"author":1,"featured_media":63846,"comment_status":"closed","ping_status":"closed","sticky":false,"template":"","format":"standard","meta":{"footnotes":""},"categories":[38],"tags":[],"class_list":["post-63845","post","type-post","status-publish","format-standard","has-post-thumbnail","hentry","category-regional"],"jetpack_featured_media_url":"https:\/\/radiorevelacionfm.cl\/wp-content\/uploads\/2026\/01\/img_0141-1_optimized.jpg","_links":{"self":[{"href":"https:\/\/radiorevelacionfm.cl\/index.php?rest_route=\/wp\/v2\/posts\/63845","targetHints":{"allow":["GET"]}}],"collection":[{"href":"https:\/\/radiorevelacionfm.cl\/index.php?rest_route=\/wp\/v2\/posts"}],"about":[{"href":"https:\/\/radiorevelacionfm.cl\/index.php?rest_route=\/wp\/v2\/types\/post"}],"author":[{"embeddable":true,"href":"https:\/\/radiorevelacionfm.cl\/index.php?rest_route=\/wp\/v2\/users\/1"}],"replies":[{"embeddable":true,"href":"https:\/\/radiorevelacionfm.cl\/index.php?rest_route=%2Fwp%2Fv2%2Fcomments&post=63845"}],"version-history":[{"count":2,"href":"https:\/\/radiorevelacionfm.cl\/index.php?rest_route=\/wp\/v2\/posts\/63845\/revisions"}],"predecessor-version":[{"id":63848,"href":"https:\/\/radiorevelacionfm.cl\/index.php?rest_route=\/wp\/v2\/posts\/63845\/revisions\/63848"}],"wp:featuredmedia":[{"embeddable":true,"href":"https:\/\/radiorevelacionfm.cl\/index.php?rest_route=\/wp\/v2\/media\/63846"}],"wp:attachment":[{"href":"https:\/\/radiorevelacionfm.cl\/index.php?rest_route=%2Fwp%2Fv2%2Fmedia&parent=63845"}],"wp:term":[{"taxonomy":"category","embeddable":true,"href":"https:\/\/radiorevelacionfm.cl\/index.php?rest_route=%2Fwp%2Fv2%2Fcategories&post=63845"},{"taxonomy":"post_tag","embeddable":true,"href":"https:\/\/radiorevelacionfm.cl\/index.php?rest_route=%2Fwp%2Fv2%2Ftags&post=63845"}],"curies":[{"name":"wp","href":"https:\/\/api.w.org\/{rel}","templated":true}]}}