{"id":63836,"date":"2026-01-29T12:38:55","date_gmt":"2026-01-29T15:38:55","guid":{"rendered":"https:\/\/radiorevelacionfm.cl\/?p=63836"},"modified":"2026-01-29T12:38:55","modified_gmt":"2026-01-29T15:38:55","slug":"multitudinario-desfile-de-carros-alegoricos-dio-vida-a-la-celebracion-del-aniversario-de-puerto-aysen","status":"publish","type":"post","link":"https:\/\/radiorevelacionfm.cl\/?p=63836","title":{"rendered":"Multitudinario desfile de carros aleg\u00f3ricos dio vida a la celebraci\u00f3n del aniversario de Puerto Ays\u00e9n"},"content":{"rendered":"<div class=\"flex_column av_one_full  flex_column_div av-zero-column-padding first  avia-builder-el-0  el_before_av_one_full  avia-builder-el-first  \" style='border-radius:0px; '><div  class='avia-image-container  av-styling-    avia-builder-el-1  avia-builder-el-no-sibling  avia-align-center '  itemprop=\"image\" itemscope=\"itemscope\" itemtype=\"https:\/\/schema.org\/ImageObject\"  ><div class='avia-image-container-inner'><div class='avia-image-overlay-wrap'><img decoding=\"async\" class='wp-image-63837 avia-img-lazy-loading-not-63837 avia_image' src=\"https:\/\/radiorevelacionfm.cl\/wp-content\/uploads\/2026\/01\/dji_20260128225651_0001_d-1_optimized-1-1.jpg\" alt='' title='dji_20260128225651_0001_d-(1)_optimized (1) (1)' height=\"600\" width=\"900\"  itemprop=\"thumbnailUrl\" srcset=\"https:\/\/radiorevelacionfm.cl\/wp-content\/uploads\/2026\/01\/dji_20260128225651_0001_d-1_optimized-1-1.jpg 900w, https:\/\/radiorevelacionfm.cl\/wp-content\/uploads\/2026\/01\/dji_20260128225651_0001_d-1_optimized-1-1-300x200.jpg 300w, https:\/\/radiorevelacionfm.cl\/wp-content\/uploads\/2026\/01\/dji_20260128225651_0001_d-1_optimized-1-1-768x512.jpg 768w, https:\/\/radiorevelacionfm.cl\/wp-content\/uploads\/2026\/01\/dji_20260128225651_0001_d-1_optimized-1-1-705x470.jpg 705w, https:\/\/radiorevelacionfm.cl\/wp-content\/uploads\/2026\/01\/dji_20260128225651_0001_d-1_optimized-1-1-450x300.jpg 450w, https:\/\/radiorevelacionfm.cl\/wp-content\/uploads\/2026\/01\/dji_20260128225651_0001_d-1_optimized-1-1-600x400.jpg 600w\" sizes=\"(max-width: 900px) 100vw, 900px\" \/><\/div><\/div><\/div><\/div><div class=\"flex_column av_one_full  flex_column_div av-zero-column-padding first  avia-builder-el-2  el_after_av_one_full  el_before_av_one_full  column-top-margin\" style='border-radius:0px; '><section class=\"av_textblock_section \"  itemscope=\"itemscope\" itemtype=\"https:\/\/schema.org\/BlogPosting\" itemprop=\"blogPost\" ><div class='avia_textblock  '   itemprop=\"text\" ><p style=\"text-align: center;\"><strong><span style=\"font-size: 18pt;\">Multitudinario desfile de carros aleg\u00f3ricos dio vida a la celebraci\u00f3n del aniversario de Puerto Ays\u00e9n<\/span><\/strong><\/p>\n<div id=\"gtx-trans\" style=\"position: absolute; left: -50px; top: 4.31534px;\">\n<div class=\"gtx-trans-icon\"><\/div>\n<\/div>\n<\/div><\/section><\/div><div class=\"flex_column av_one_full  flex_column_div av-zero-column-padding first  avia-builder-el-4  el_after_av_one_full  el_before_av_hr  column-top-margin\" style='border-radius:0px; '><section class=\"av_textblock_section \"  itemscope=\"itemscope\" itemtype=\"https:\/\/schema.org\/BlogPosting\" itemprop=\"blogPost\" ><div class='avia_textblock  '   itemprop=\"text\" ><p style=\"text-align: justify;\"><span style=\"font-weight: 400;\">En el marco de la conmemoraci\u00f3n del 98\u00b0 cumplea\u00f1os de Puerto Ays\u00e9n, la ciudad vivi\u00f3 una significativa y alegre jornada con el desfile de carros aleg\u00f3ricos, actividad que volvi\u00f3 a realizarse luego de varios a\u00f1os y que reuni\u00f3 a cientos de familias en torno a la identidad, la creatividad y el trabajo comunitario.<\/span><\/p>\n<p style=\"text-align: justify;\"><span style=\"font-weight: 400;\">La actividad, organizada de manera conjunta por la Ilustre Municipalidad de Ays\u00e9n y la Corporaci\u00f3n de Desarrollo Productivo del Litoral de Ays\u00e9n (CORPAYS\u00c9N), tuvo como punto de inicio la Plaza de Puerto Ays\u00e9n, desde donde los carros recorrieron distintas calles de la ciudad para luego regresar al lugar de partida, acompa\u00f1ados por el entusiasmo del p\u00fablico que se congreg\u00f3 a lo largo del trayecto.<\/span><\/p>\n<p style=\"text-align: justify;\"><span style=\"font-weight: 400;\">El desfile cont\u00f3 con la participaci\u00f3n de diversas juntas de vecinos, quienes presentaron originales propuestas cargadas de identidad barrial, simbolismo y mensajes de unidad comunitaria.<\/span><\/p>\n<p style=\"text-align: justify;\"><span style=\"font-weight: 400;\">La alta valoraci\u00f3n de la actividad tambi\u00e9n fue destacada por las y los participantes. En ese sentido, Ana\u00eds Parancan coment\u00f3 que \u201cno es la primera vez que participo representando a La Pen\u00ednsula, y esta vez estuvo muy bien organizado. Fue un trabajo muy en conjunto; estuvimos varios d\u00edas prepar\u00e1ndonos en la sede, y ojal\u00e1 esta actividad se siga realizando, porque es muy entretenida para los ni\u00f1os y ayuda a fortalecer la organizaci\u00f3n comunitaria\u201d.<\/span><\/p>\n<p style=\"text-align: justify;\"><span style=\"font-weight: 400;\">El desfile fue encabezado por la Junta de Vecinos Villa Cerro Cord\u00f3n, la organizaci\u00f3n m\u00e1s joven entre las participantes, que present\u00f3 el carro aleg\u00f3rico \u201cSecretos de la Sirenita del Sur\u201d, una colorida propuesta inspirada en el mundo marino y la armon\u00eda de las especies del oc\u00e9ano, reflejando el v\u00ednculo del barrio con su entorno natural y el valor del trabajo colectivo.<\/span><\/p>\n<p style=\"text-align: justify;\"><span style=\"font-weight: 400;\">Posteriormente, fue el turno de la hist\u00f3rica Junta de Vecinos N\u00b01 La Pen\u00ednsula, que desfil\u00f3 con el carro \u201cEl Perla Negra\u201d, inspirado en una emblem\u00e1tica embarcaci\u00f3n pirata. La propuesta destac\u00f3 por su fuerte carga simb\u00f3lica, representando la resiliencia, la uni\u00f3n y la fortaleza de una comunidad protagonista del desarrollo de Puerto Ays\u00e9n a lo largo de casi un siglo.<\/span><\/p>\n<p style=\"text-align: justify;\"><span style=\"font-weight: 400;\">El recorrido continu\u00f3 con la participaci\u00f3n de la Junta de Vecinos General Marchant, que present\u00f3 el carro \u201cBob Esponja y sus amigos de la 10\u201d, una propuesta alegre y familiar que incentiv\u00f3 la participaci\u00f3n de ni\u00f1os, ni\u00f1as y familias, resaltando valores como la amistad, la perseverancia y la importancia de compartir espacios comunitarios.<\/span><\/p>\n<p style=\"text-align: justify;\"><span style=\"font-weight: 400;\">El desfile culmin\u00f3 con la Junta de Vecinos Litoral Austral, que encant\u00f3 al p\u00fablico con el carro \u201cEl castillo de los sue\u00f1os del Litoral Austral\u201d, una puesta en escena que simboliz\u00f3 la unidad, la esperanza y los sue\u00f1os compartidos, destacando el poder de la organizaci\u00f3n vecinal para proyectar un mejor futuro.<\/span><\/p>\n<p style=\"text-align: justify;\"><span style=\"font-weight: 400;\">Desde la organizaci\u00f3n valoraron la alta participaci\u00f3n de la comunidad y el compromiso de las juntas de vecinos, destacando esta actividad como una expresi\u00f3n viva del esp\u00edritu de Puerto Ays\u00e9n, donde la historia, la creatividad y el trabajo colaborativo fortalecen la identidad local.<\/span><\/p>\n<p style=\"text-align: justify;\"><span style=\"font-weight: 400;\">El alcalde de Ays\u00e9n, Luis Mart\u00ednez, expres\u00f3 su satisfacci\u00f3n por el resultado de la jornada, se\u00f1alando que \u201cestamos tan felices como cada una de las personas que nos acompa\u00f1aron en esta apuesta por recuperar los carros aleg\u00f3ricos. No quisimos hacerlo competitivo, porque la idea es que vuelva y se mantenga en el tiempo. Hoy vimos las calles llenas, un muy buen ambiente, emprendedores vendiendo y familias disfrutando. Los carros aleg\u00f3ricos llegaron para quedarse y el pr\u00f3ximo a\u00f1o ser\u00e1 una fiesta a\u00fan mejor\u201d.<\/span><\/p>\n<p style=\"text-align: justify;\"><span style=\"font-weight: 400;\">Por su parte, el presidente de CORPAYS\u00c9N, Hern\u00e1n Rebolledo, tambi\u00e9n destac\u00f3 el \u00e9xito de la actividad y el trabajo colaborativo que permiti\u00f3 cerrar las celebraciones del aniversario comunal. \u201cLo vivido en la Plaza de Armas fue una muestra concreta del valor del trabajo conjunto. Ver la plaza repleta de familias disfrutando de los carros aleg\u00f3ricos fue, sin duda, el broche de oro para conmemorar los 98 a\u00f1os de nuestra ciudad\u201d, se\u00f1al\u00f3.<\/span><\/p>\n<p style=\"text-align: justify;\"><span style=\"font-weight: 400;\">Asimismo, Rebolledo destac\u00f3 que esta iniciativa fue posible gracias al compromiso de empresas socias como CERESAL, AquaChile, Empresas Bahamonde, OXXEAN, Korvik, Taller de Redes RDA, Mowi, CITECMA, Badinnoti, Pesquera Friosur, Dilogic y SalmonChile, junto a la Ilustre Municipalidad de Ays\u00e9n y las juntas de vecinos. \u201cRecuperar esta tradici\u00f3n fortalece la identidad local y demuestra que cuando el sector p\u00fablico, privado y la comunidad trabajan unidos, se logran hitos que consolidan el tejido social de Puerto Ays\u00e9n\u201d, agreg\u00f3.<\/span><\/p>\n<p style=\"text-align: justify;\"><span style=\"font-weight: 400;\">El desfile de carros aleg\u00f3ricos se consolid\u00f3 as\u00ed como uno de los hitos m\u00e1s significativos de las celebraciones aniversario, reafirmando el orgullo de pertenecer a una comuna construida desde la participaci\u00f3n y el encuentro ciudadano, especialmente en una fecha tan significativa como el 28 de enero, d\u00eda en que hace 98 a\u00f1os se fund\u00f3 Puerto Ays\u00e9n.<\/span><\/p>\n<\/div><\/section><\/div><div  style='height:50px' class='hr hr-invisible   avia-builder-el-6  el_after_av_one_full  el_before_av_social_share '><span class='hr-inner ' ><span class='hr-inner-style'><\/span><\/span><\/div><\/p>\n<div  class='av-social-sharing-box  avia-builder-el-7  el_after_av_hr  el_before_av_hr  '><div class='av-share-box'><h5 class='av-share-link-description av-no-toc '>Compartir esta noticia<\/h5><ul class='av-share-box-list noLightbox'><li class='av-share-link av-social-link-facebook' ><a target=\"_blank\" aria-label=\"Compartir en Facebook\" href='https:\/\/www.facebook.com\/sharer.php?u=https:\/\/radiorevelacionfm.cl\/?p=63836&#038;t=Multitudinario%20desfile%20de%20carros%20aleg%C3%B3ricos%20dio%20vida%20a%20la%20celebraci%C3%B3n%20del%20aniversario%20de%20Puerto%20Ays%C3%A9n' aria-hidden='false' data-av_icon='\ue8f3' data-av_iconfont='entypo-fontello' title='' data-avia-related-tooltip='Compartir en Facebook' rel=\"noopener\"><span class='avia_hidden_link_text'>Compartir en Facebook<\/span><\/a><\/li><li class='av-share-link av-social-link-twitter' ><a target=\"_blank\" aria-label=\"Compartir en Twitter\" href='https:\/\/twitter.com\/share?text=Multitudinario%20desfile%20de%20carros%20aleg%C3%B3ricos%20dio%20vida%20a%20la%20celebraci%C3%B3n%20del%20aniversario%20de%20Puerto%20Ays%C3%A9n&#038;url=https:\/\/radiorevelacionfm.cl\/?p=63836' aria-hidden='false' data-av_icon='\ue8f1' data-av_iconfont='entypo-fontello' title='' data-avia-related-tooltip='Compartir en Twitter' rel=\"noopener\"><span class='avia_hidden_link_text'>Compartir en Twitter<\/span><\/a><\/li><li class='av-share-link av-social-link-whatsapp' ><a target=\"_blank\" aria-label=\"Compartir en Whatsapp\" href='https:\/\/api.whatsapp.com\/send?text=https:\/\/radiorevelacionfm.cl\/?p=63836' aria-hidden='false' data-av_icon='\uf232' data-av_iconfont='entypo-fontello' title='' data-avia-related-tooltip='Compartir en Whatsapp' rel=\"noopener\"><span class='avia_hidden_link_text'>Compartir en Whatsapp<\/span><\/a><\/li><li class='av-share-link av-social-link-linkedin' ><a target=\"_blank\" aria-label=\"Compartir en LinkedIn\" href='https:\/\/linkedin.com\/shareArticle?mini=true&#038;title=Multitudinario%20desfile%20de%20carros%20aleg%C3%B3ricos%20dio%20vida%20a%20la%20celebraci%C3%B3n%20del%20aniversario%20de%20Puerto%20Ays%C3%A9n&#038;url=https:\/\/radiorevelacionfm.cl\/?p=63836' aria-hidden='false' data-av_icon='\ue8fc' data-av_iconfont='entypo-fontello' title='' data-avia-related-tooltip='Compartir en LinkedIn' rel=\"noopener\"><span class='avia_hidden_link_text'>Compartir en LinkedIn<\/span><\/a><\/li><li class='av-share-link av-social-link-mail' ><a  aria-label=\"Compartir por correo\" href='mailto:?subject=Multitudinario%20desfile%20de%20carros%20aleg%C3%B3ricos%20dio%20vida%20a%20la%20celebraci%C3%B3n%20del%20aniversario%20de%20Puerto%20Ays%C3%A9n&#038;body=https:\/\/radiorevelacionfm.cl\/?p=63836' aria-hidden='false' data-av_icon='\ue805' data-av_iconfont='entypo-fontello' title='' data-avia-related-tooltip='Compartir por correo'><span class='avia_hidden_link_text'>Compartir por correo<\/span><\/a><\/li><\/ul><\/div><\/div>\n<div  style='height:50px' class='hr hr-invisible   avia-builder-el-8  el_after_av_social_share  el_before_av_comments_list '><span class='hr-inner ' ><span class='hr-inner-style'><\/span><\/span><\/div>\n<div  class='av-buildercomment  av-blog-meta-html-info-disabled av-blog-meta-tag-disabled  '><\/div>\n","protected":false},"excerpt":{"rendered":"","protected":false},"author":1,"featured_media":63837,"comment_status":"closed","ping_status":"closed","sticky":false,"template":"","format":"standard","meta":{"footnotes":""},"categories":[38],"tags":[],"class_list":["post-63836","post","type-post","status-publish","format-standard","has-post-thumbnail","hentry","category-regional"],"jetpack_featured_media_url":"https:\/\/radiorevelacionfm.cl\/wp-content\/uploads\/2026\/01\/dji_20260128225651_0001_d-1_optimized-1-1.jpg","_links":{"self":[{"href":"https:\/\/radiorevelacionfm.cl\/index.php?rest_route=\/wp\/v2\/posts\/63836","targetHints":{"allow":["GET"]}}],"collection":[{"href":"https:\/\/radiorevelacionfm.cl\/index.php?rest_route=\/wp\/v2\/posts"}],"about":[{"href":"https:\/\/radiorevelacionfm.cl\/index.php?rest_route=\/wp\/v2\/types\/post"}],"author":[{"embeddable":true,"href":"https:\/\/radiorevelacionfm.cl\/index.php?rest_route=\/wp\/v2\/users\/1"}],"replies":[{"embeddable":true,"href":"https:\/\/radiorevelacionfm.cl\/index.php?rest_route=%2Fwp%2Fv2%2Fcomments&post=63836"}],"version-history":[{"count":2,"href":"https:\/\/radiorevelacionfm.cl\/index.php?rest_route=\/wp\/v2\/posts\/63836\/revisions"}],"predecessor-version":[{"id":63843,"href":"https:\/\/radiorevelacionfm.cl\/index.php?rest_route=\/wp\/v2\/posts\/63836\/revisions\/63843"}],"wp:featuredmedia":[{"embeddable":true,"href":"https:\/\/radiorevelacionfm.cl\/index.php?rest_route=\/wp\/v2\/media\/63837"}],"wp:attachment":[{"href":"https:\/\/radiorevelacionfm.cl\/index.php?rest_route=%2Fwp%2Fv2%2Fmedia&parent=63836"}],"wp:term":[{"taxonomy":"category","embeddable":true,"href":"https:\/\/radiorevelacionfm.cl\/index.php?rest_route=%2Fwp%2Fv2%2Fcategories&post=63836"},{"taxonomy":"post_tag","embeddable":true,"href":"https:\/\/radiorevelacionfm.cl\/index.php?rest_route=%2Fwp%2Fv2%2Ftags&post=63836"}],"curies":[{"name":"wp","href":"https:\/\/api.w.org\/{rel}","templated":true}]}}