{"id":63829,"date":"2026-01-29T09:40:13","date_gmt":"2026-01-29T12:40:13","guid":{"rendered":"https:\/\/radiorevelacionfm.cl\/?p=63829"},"modified":"2026-01-29T09:40:13","modified_gmt":"2026-01-29T12:40:13","slug":"jineteadas-asado-y-tradiciones-este-domingo-se-vive-entre-cordillera-y-mar-en-puerto-cisnes","status":"publish","type":"post","link":"https:\/\/radiorevelacionfm.cl\/?p=63829","title":{"rendered":"Jineteadas, asado y tradiciones: este domingo se vive \u201cEntre Cordillera y Mar\u201d en Puerto Cisnes"},"content":{"rendered":"<div class=\"flex_column av_one_full  flex_column_div av-zero-column-padding first  avia-builder-el-0  el_before_av_one_full  avia-builder-el-first  \" style='border-radius:0px; '><div  class='avia-image-container  av-styling-    avia-builder-el-1  avia-builder-el-no-sibling  avia-align-center '  itemprop=\"image\" itemscope=\"itemscope\" itemtype=\"https:\/\/schema.org\/ImageObject\"  ><div class='avia-image-container-inner'><div class='avia-image-overlay-wrap'><img decoding=\"async\" class='wp-image-63830 avia-img-lazy-loading-not-63830 avia_image' src=\"https:\/\/radiorevelacionfm.cl\/wp-content\/uploads\/2026\/01\/img_6851-1_optimized-1.jpg\" alt='' title='img_6851-(1)_optimized (1)' height=\"668\" width=\"802\"  itemprop=\"thumbnailUrl\" srcset=\"https:\/\/radiorevelacionfm.cl\/wp-content\/uploads\/2026\/01\/img_6851-1_optimized-1.jpg 802w, https:\/\/radiorevelacionfm.cl\/wp-content\/uploads\/2026\/01\/img_6851-1_optimized-1-300x250.jpg 300w, https:\/\/radiorevelacionfm.cl\/wp-content\/uploads\/2026\/01\/img_6851-1_optimized-1-768x640.jpg 768w, https:\/\/radiorevelacionfm.cl\/wp-content\/uploads\/2026\/01\/img_6851-1_optimized-1-705x587.jpg 705w, https:\/\/radiorevelacionfm.cl\/wp-content\/uploads\/2026\/01\/img_6851-1_optimized-1-450x375.jpg 450w, https:\/\/radiorevelacionfm.cl\/wp-content\/uploads\/2026\/01\/img_6851-1_optimized-1-600x500.jpg 600w\" sizes=\"(max-width: 802px) 100vw, 802px\" \/><\/div><\/div><\/div><\/div><div class=\"flex_column av_one_full  flex_column_div av-zero-column-padding first  avia-builder-el-2  el_after_av_one_full  el_before_av_one_full  column-top-margin\" style='border-radius:0px; '><section class=\"av_textblock_section \"  itemscope=\"itemscope\" itemtype=\"https:\/\/schema.org\/BlogPosting\" itemprop=\"blogPost\" ><div class='avia_textblock  '   itemprop=\"text\" ><p style=\"text-align: center;\"><strong><span style=\"font-size: 18pt;\">Jineteadas, asado y tradiciones: este domingo se vive \u201cEntre Cordillera y Mar\u201d en Puerto Cisnes<\/span><\/strong><\/p>\n<div id=\"gtx-trans\" style=\"position: absolute; left: -50px; top: 4.31534px;\">\n<div class=\"gtx-trans-icon\"><\/div>\n<\/div>\n<\/div><\/section><\/div><div class=\"flex_column av_one_full  flex_column_div av-zero-column-padding first  avia-builder-el-4  el_after_av_one_full  el_before_av_hr  column-top-margin\" style='border-radius:0px; '><section class=\"av_textblock_section \"  itemscope=\"itemscope\" itemtype=\"https:\/\/schema.org\/BlogPosting\" itemprop=\"blogPost\" ><div class='avia_textblock  '   itemprop=\"text\" ><p style=\"text-align: justify;\">Luego de la tradicional Fiesta del Pesca\u2019o Frito y su gran minga cisnense, la comuna de Cisnes dar\u00e1 continuidad a las celebraciones estivales con una nueva actividad costumbrista, programada para el d\u00eda siguiente y pensada para que la comunidad local y quienes visitan la zona sigan disfrutando del verano en el territorio.<\/p>\n<p style=\"text-align: justify;\">Este domingo 1 de febrero, desde las 10:00 horas, se desarrollar\u00e1 la quinta versi\u00f3n de la Fiesta Costumbrista \u201cEntre Cordillera y Mar\u201d, en el Campo de Javier M\u00e9ndez, ubicado en el kil\u00f3metro 5 del camino antiguo de Puerto Cisnes.<\/p>\n<p style=\"text-align: justify;\">La jornada ofrecer\u00e1 una variada programaci\u00f3n que incluye competencias de hacheros, serrucho \u201ccorvina\u201d, el tradicional \u201cagarrar el chancho\u201d, juegos t\u00edpicos, asado campestre y grandes jineteadas, en un ambiente familiar que busca rescatar las tradiciones del campo y la identidad local.<\/p>\n<p style=\"text-align: justify;\">El evento contar\u00e1 con la animaci\u00f3n de Daniel Brito y la participaci\u00f3n del payador Leandro Bulhe, quienes dar\u00e1n vida a una jornada marcada por la m\u00fasica y la cultura campestre.<\/p>\n<p style=\"text-align: justify;\">La actividad es organizada por la Agrupaci\u00f3n Agr\u00edcola Ganadera de Puerto Cisnes, con el financiamiento de la Ilustre Municipalidad de Cisnes y del Gobierno Regional de Ays\u00e9n, adem\u00e1s de la colaboraci\u00f3n de empresas y emprendimientos locales.<\/p>\n<p style=\"text-align: justify;\">Desde la organizaci\u00f3n extendieron la invitaci\u00f3n a la comunidad local y a los visitantes que permanecen en la comuna tras el Pesca\u2019o Frito a sumarse a esta fiesta costumbrista, que mantiene vivo el esp\u00edritu del verano en Cisnes.<\/p>\n<\/div><\/section><\/div><div  style='height:50px' class='hr hr-invisible   avia-builder-el-6  el_after_av_one_full  el_before_av_social_share '><span class='hr-inner ' ><span class='hr-inner-style'><\/span><\/span><\/div><\/p>\n<div  class='av-social-sharing-box  avia-builder-el-7  el_after_av_hr  el_before_av_hr  '><div class='av-share-box'><h5 class='av-share-link-description av-no-toc '>Compartir esta noticia<\/h5><ul class='av-share-box-list noLightbox'><li class='av-share-link av-social-link-facebook' ><a target=\"_blank\" aria-label=\"Compartir en Facebook\" href='https:\/\/www.facebook.com\/sharer.php?u=https:\/\/radiorevelacionfm.cl\/?p=63829&#038;t=Jineteadas%2C%20asado%20y%20tradiciones%3A%20este%20domingo%20se%20vive%20%E2%80%9CEntre%20Cordillera%20y%20Mar%E2%80%9D%20en%20Puerto%20Cisnes' aria-hidden='false' data-av_icon='\ue8f3' data-av_iconfont='entypo-fontello' title='' data-avia-related-tooltip='Compartir en Facebook' rel=\"noopener\"><span class='avia_hidden_link_text'>Compartir en Facebook<\/span><\/a><\/li><li class='av-share-link av-social-link-twitter' ><a target=\"_blank\" aria-label=\"Compartir en Twitter\" href='https:\/\/twitter.com\/share?text=Jineteadas%2C%20asado%20y%20tradiciones%3A%20este%20domingo%20se%20vive%20%E2%80%9CEntre%20Cordillera%20y%20Mar%E2%80%9D%20en%20Puerto%20Cisnes&#038;url=https:\/\/radiorevelacionfm.cl\/?p=63829' aria-hidden='false' data-av_icon='\ue8f1' data-av_iconfont='entypo-fontello' title='' data-avia-related-tooltip='Compartir en Twitter' rel=\"noopener\"><span class='avia_hidden_link_text'>Compartir en Twitter<\/span><\/a><\/li><li class='av-share-link av-social-link-whatsapp' ><a target=\"_blank\" aria-label=\"Compartir en Whatsapp\" href='https:\/\/api.whatsapp.com\/send?text=https:\/\/radiorevelacionfm.cl\/?p=63829' aria-hidden='false' data-av_icon='\uf232' data-av_iconfont='entypo-fontello' title='' data-avia-related-tooltip='Compartir en Whatsapp' rel=\"noopener\"><span class='avia_hidden_link_text'>Compartir en Whatsapp<\/span><\/a><\/li><li class='av-share-link av-social-link-linkedin' ><a target=\"_blank\" aria-label=\"Compartir en LinkedIn\" href='https:\/\/linkedin.com\/shareArticle?mini=true&#038;title=Jineteadas%2C%20asado%20y%20tradiciones%3A%20este%20domingo%20se%20vive%20%E2%80%9CEntre%20Cordillera%20y%20Mar%E2%80%9D%20en%20Puerto%20Cisnes&#038;url=https:\/\/radiorevelacionfm.cl\/?p=63829' aria-hidden='false' data-av_icon='\ue8fc' data-av_iconfont='entypo-fontello' title='' data-avia-related-tooltip='Compartir en LinkedIn' rel=\"noopener\"><span class='avia_hidden_link_text'>Compartir en LinkedIn<\/span><\/a><\/li><li class='av-share-link av-social-link-mail' ><a  aria-label=\"Compartir por correo\" href='mailto:?subject=Jineteadas%2C%20asado%20y%20tradiciones%3A%20este%20domingo%20se%20vive%20%E2%80%9CEntre%20Cordillera%20y%20Mar%E2%80%9D%20en%20Puerto%20Cisnes&#038;body=https:\/\/radiorevelacionfm.cl\/?p=63829' aria-hidden='false' data-av_icon='\ue805' data-av_iconfont='entypo-fontello' title='' data-avia-related-tooltip='Compartir por correo'><span class='avia_hidden_link_text'>Compartir por correo<\/span><\/a><\/li><\/ul><\/div><\/div>\n<div  style='height:50px' class='hr hr-invisible   avia-builder-el-8  el_after_av_social_share  el_before_av_comments_list '><span class='hr-inner ' ><span class='hr-inner-style'><\/span><\/span><\/div>\n<div  class='av-buildercomment  av-blog-meta-html-info-disabled av-blog-meta-tag-disabled  '><\/div>\n","protected":false},"excerpt":{"rendered":"","protected":false},"author":1,"featured_media":63830,"comment_status":"closed","ping_status":"closed","sticky":false,"template":"","format":"standard","meta":{"footnotes":""},"categories":[38],"tags":[],"class_list":["post-63829","post","type-post","status-publish","format-standard","has-post-thumbnail","hentry","category-regional"],"jetpack_featured_media_url":"https:\/\/radiorevelacionfm.cl\/wp-content\/uploads\/2026\/01\/img_6851-1_optimized-1.jpg","_links":{"self":[{"href":"https:\/\/radiorevelacionfm.cl\/index.php?rest_route=\/wp\/v2\/posts\/63829","targetHints":{"allow":["GET"]}}],"collection":[{"href":"https:\/\/radiorevelacionfm.cl\/index.php?rest_route=\/wp\/v2\/posts"}],"about":[{"href":"https:\/\/radiorevelacionfm.cl\/index.php?rest_route=\/wp\/v2\/types\/post"}],"author":[{"embeddable":true,"href":"https:\/\/radiorevelacionfm.cl\/index.php?rest_route=\/wp\/v2\/users\/1"}],"replies":[{"embeddable":true,"href":"https:\/\/radiorevelacionfm.cl\/index.php?rest_route=%2Fwp%2Fv2%2Fcomments&post=63829"}],"version-history":[{"count":2,"href":"https:\/\/radiorevelacionfm.cl\/index.php?rest_route=\/wp\/v2\/posts\/63829\/revisions"}],"predecessor-version":[{"id":63833,"href":"https:\/\/radiorevelacionfm.cl\/index.php?rest_route=\/wp\/v2\/posts\/63829\/revisions\/63833"}],"wp:featuredmedia":[{"embeddable":true,"href":"https:\/\/radiorevelacionfm.cl\/index.php?rest_route=\/wp\/v2\/media\/63830"}],"wp:attachment":[{"href":"https:\/\/radiorevelacionfm.cl\/index.php?rest_route=%2Fwp%2Fv2%2Fmedia&parent=63829"}],"wp:term":[{"taxonomy":"category","embeddable":true,"href":"https:\/\/radiorevelacionfm.cl\/index.php?rest_route=%2Fwp%2Fv2%2Fcategories&post=63829"},{"taxonomy":"post_tag","embeddable":true,"href":"https:\/\/radiorevelacionfm.cl\/index.php?rest_route=%2Fwp%2Fv2%2Ftags&post=63829"}],"curies":[{"name":"wp","href":"https:\/\/api.w.org\/{rel}","templated":true}]}}