{"id":63820,"date":"2026-01-29T10:22:20","date_gmt":"2026-01-29T13:22:20","guid":{"rendered":"https:\/\/radiorevelacionfm.cl\/?p=63820"},"modified":"2026-01-29T10:22:20","modified_gmt":"2026-01-29T13:22:20","slug":"dan-inicio-a-las-postulaciones-presenciales-para-el-programa-mujeres-jefas-de-hogar-2026-en-puerto-aysen","status":"publish","type":"post","link":"https:\/\/radiorevelacionfm.cl\/?p=63820","title":{"rendered":"Dan inicio a las postulaciones presenciales para el Programa Mujeres Jefas de Hogar 2026 en Puerto Ays\u00e9n"},"content":{"rendered":"<div class=\"flex_column av_one_full  flex_column_div av-zero-column-padding first  avia-builder-el-0  el_before_av_one_full  avia-builder-el-first  \" style='border-radius:0px; '><div  class='avia-image-container  av-styling-    avia-builder-el-1  avia-builder-el-no-sibling  avia-align-center '  itemprop=\"image\" itemscope=\"itemscope\" itemtype=\"https:\/\/schema.org\/ImageObject\"  ><div class='avia-image-container-inner'><div class='avia-image-overlay-wrap'><img decoding=\"async\" class='wp-image-63821 avia-img-lazy-loading-not-63821 avia_image' src=\"https:\/\/radiorevelacionfm.cl\/wp-content\/uploads\/2026\/01\/mjh-1-2-1_optimized.jpeg\" alt='' title='mjh-1-(2)-(1)_optimized' height=\"600\" width=\"800\"  itemprop=\"thumbnailUrl\" srcset=\"https:\/\/radiorevelacionfm.cl\/wp-content\/uploads\/2026\/01\/mjh-1-2-1_optimized.jpeg 800w, https:\/\/radiorevelacionfm.cl\/wp-content\/uploads\/2026\/01\/mjh-1-2-1_optimized-300x225.jpeg 300w, https:\/\/radiorevelacionfm.cl\/wp-content\/uploads\/2026\/01\/mjh-1-2-1_optimized-768x576.jpeg 768w, https:\/\/radiorevelacionfm.cl\/wp-content\/uploads\/2026\/01\/mjh-1-2-1_optimized-705x529.jpeg 705w, https:\/\/radiorevelacionfm.cl\/wp-content\/uploads\/2026\/01\/mjh-1-2-1_optimized-450x338.jpeg 450w, https:\/\/radiorevelacionfm.cl\/wp-content\/uploads\/2026\/01\/mjh-1-2-1_optimized-600x450.jpeg 600w\" sizes=\"(max-width: 800px) 100vw, 800px\" \/><\/div><\/div><\/div><\/div><div class=\"flex_column av_one_full  flex_column_div av-zero-column-padding first  avia-builder-el-2  el_after_av_one_full  el_before_av_one_full  column-top-margin\" style='border-radius:0px; '><section class=\"av_textblock_section \"  itemscope=\"itemscope\" itemtype=\"https:\/\/schema.org\/BlogPosting\" itemprop=\"blogPost\" ><div class='avia_textblock  '   itemprop=\"text\" ><p style=\"text-align: center;\"><strong><span style=\"font-size: 18pt;\">Dan inicio a las postulaciones presenciales para el Programa Mujeres Jefas de Hogar 2026 en Puerto Ays\u00e9n<\/span><\/strong><\/p>\n<div id=\"gtx-trans\" style=\"position: absolute; left: -50px; top: 4.31534px;\">\n<div class=\"gtx-trans-icon\"><\/div>\n<\/div>\n<\/div><\/section><\/div><div class=\"flex_column av_one_full  flex_column_div av-zero-column-padding first  avia-builder-el-4  el_after_av_one_full  el_before_av_hr  column-top-margin\" style='border-radius:0px; '><section class=\"av_textblock_section \"  itemscope=\"itemscope\" itemtype=\"https:\/\/schema.org\/BlogPosting\" itemprop=\"blogPost\" ><div class='avia_textblock  '   itemprop=\"text\" ><p dir=\"ltr\" style=\"text-align: justify;\">El Servicio Nacional de la Mujer y la Equidad de G\u00e9nero (SernamEG) en conjunto con la Ilustre Municipalidad de Ays\u00e9n, dieron esta semana el vamos oficial al per\u00edodo de postulaci\u00f3n para el Programa Mujeres Jefas de Hogar 2026, el cual se extender\u00e1 hasta el mes de marzo. Desde el edificio municipal, la directora regional del SernamEG, Patricia Baeza Cabezas, y la administradora Municipal de Ays\u00e9n, Felisa Ojeda Vargas, invitaron a las mujeres que residen o trabajan en las localidades de Puerto Ays\u00e9n y Puerto Chacabuco a acercarse presencialmente a la Direcci\u00f3n de Desarrollo Comunitario del municipio para postular a esta iniciativa.<\/p>\n<p dir=\"ltr\" style=\"text-align: justify;\">El Programa Mujeres Jefas de Hogar, que se desarrolla en la comuna de Ays\u00e9n desde hace m\u00e1s de 20 a\u00f1os, tiene como objetivo contribuir al fortalecimiento de la autonom\u00eda econ\u00f3mica de las mujeres. Para ello, las participantes adquieren herramientas y desarrollan habilidades que les permiten incorporarse al mercado laboral. Adem\u00e1s, favorece el desarrollo de competencias para mejorar la empleabilidad, as\u00ed como la creaci\u00f3n de capital social y redes de apoyo.<\/p>\n<p dir=\"ltr\" style=\"text-align: justify;\">\u201cQueremos invitar a todas las mujeres de Puerto Ays\u00e9n y de Puerto Chacabuco a postular a nuestro Programa Mujeres Jefas de Hogar en su versi\u00f3n 2026, una iniciativa que venimos trabajando hace muchos a\u00f1os en convenio con la Municipalidad de Ays\u00e9n de manera muy exitosa. En este programa las mujeres van a poder recibir una serie de capacitaciones y herramientas para fortalecer su autonom\u00eda econ\u00f3mica\u201d, indic\u00f3 la directora regional del SernamEG.<\/p>\n<p dir=\"ltr\" style=\"text-align: justify;\">En esa misma l\u00ednea, la administradora municipal de Ays\u00e9n tambi\u00e9n envi\u00f3 un mensaje a las mujeres de la comuna, detallando que \u201cen este programa, vas a poder encontrar apoyo para tu situaci\u00f3n laboral, ya sea para emprender un proyecto y ejecutarlo, recibiendo capacitaciones en la materia, y por supuesto todas las l\u00edneas transversales, que tienen que ver con el cuidado infantil, con las conexiones con la red de servicios p\u00fablicos, atenciones psicol\u00f3gicas y odontol\u00f3gicas, etc\u201d.<\/p>\n<p dir=\"ltr\" style=\"text-align: justify;\">Los requisitos para postular al programa son:<\/p>\n<ul style=\"text-align: justify;\">\n<li dir=\"ltr\">\n<p dir=\"ltr\" role=\"presentation\">Ser jefa de hogar.<\/p>\n<\/li>\n<li dir=\"ltr\">\n<p dir=\"ltr\" role=\"presentation\">Tener entre 18 a 65 a\u00f1os.<\/p>\n<\/li>\n<li dir=\"ltr\">\n<p dir=\"ltr\" role=\"presentation\">Pertenecer hasta el 80% de la Calificaci\u00f3n Socioecon\u00f3mica (CSE), del Registro Social de Hogares.<\/p>\n<\/li>\n<li dir=\"ltr\">\n<p dir=\"ltr\" role=\"presentation\">Ser econ\u00f3micamente activa.<\/p>\n<\/li>\n<li dir=\"ltr\">\n<p dir=\"ltr\" role=\"presentation\">Vivir o trabajar en las localidades de Puerto Ays\u00e9n o Puerto Chacabuco.<\/p>\n<\/li>\n<\/ul>\n<p dir=\"ltr\" style=\"text-align: justify;\">De igual manera, la coordinadora del programa, Natalia Vargas Sol\u00eds, entreg\u00f3 consejos a las mujeres que est\u00e9n interesadas en postular. \u201cSi est\u00e1s interesada en participar, puedes ser chilena o extranjera, y debes acercarte al municipio con tu c\u00e9dula de identidad o pasaporte, y con alg\u00fan documento que acredite tu domicilio. Puede ser alguna cuenta de luz, de agua u otro servicio b\u00e1sico, pero tambi\u00e9n puede ser de alguna casa comercial. Tambi\u00e9n es importante que sepas que este es un programa que est\u00e1 dirigido a las mujeres que son econ\u00f3micamente activas. Es decir, que la mujer que est\u00e1 interesada en participar, tiene que intentar o querer generar ingresos. En ese sentido, pueden postular mujeres que est\u00e9n trabajando, que est\u00e9n cesantes, que est\u00e9 iniciando o quiera iniciar un emprendimiento\u201d, se\u00f1al\u00f3 la profesional.<\/p>\n<p dir=\"ltr\" style=\"text-align: justify;\">Toda la informaci\u00f3n sobre este programa y su convocatoria 2026 puede ser encontrada en\u00a0<a href=\"http:\/\/www.sernameg.gob.cl\/\" target=\"_blank\" rel=\"noopener\" data-saferedirecturl=\"https:\/\/www.google.com\/url?q=http:\/\/www.sernameg.gob.cl&amp;source=gmail&amp;ust=1769732965553000&amp;usg=AOvVaw2ZaXIvccCC1aI2Gs-vIV8x\">www.sernameg.gob.cl<\/a>, mientras que para postular en la comuna de Ays\u00e9n, las mujeres que trabajen y\/o vivan en Puerto Ays\u00e9n y Puerto Chacabuco pueden acercarse presencialmente hasta el mes de marzo a la Direcci\u00f3n de Desarrollo Comunitario de la Municipalidad, ubicada en calle Esmeralda #607, Puerto Ays\u00e9n.<\/p>\n<\/div><\/section><\/div><div  style='height:50px' class='hr hr-invisible   avia-builder-el-6  el_after_av_one_full  el_before_av_social_share '><span class='hr-inner ' ><span class='hr-inner-style'><\/span><\/span><\/div><\/p>\n<div  class='av-social-sharing-box  avia-builder-el-7  el_after_av_hr  el_before_av_hr  '><div class='av-share-box'><h5 class='av-share-link-description av-no-toc '>Compartir esta noticia<\/h5><ul class='av-share-box-list noLightbox'><li class='av-share-link av-social-link-facebook' ><a target=\"_blank\" aria-label=\"Compartir en Facebook\" href='https:\/\/www.facebook.com\/sharer.php?u=https:\/\/radiorevelacionfm.cl\/?p=63820&#038;t=Dan%20inicio%20a%20las%20postulaciones%20presenciales%20para%20el%20Programa%20Mujeres%20Jefas%20de%20Hogar%202026%20en%20Puerto%20Ays%C3%A9n' aria-hidden='false' data-av_icon='\ue8f3' data-av_iconfont='entypo-fontello' title='' data-avia-related-tooltip='Compartir en Facebook' rel=\"noopener\"><span class='avia_hidden_link_text'>Compartir en Facebook<\/span><\/a><\/li><li class='av-share-link av-social-link-twitter' ><a target=\"_blank\" aria-label=\"Compartir en Twitter\" href='https:\/\/twitter.com\/share?text=Dan%20inicio%20a%20las%20postulaciones%20presenciales%20para%20el%20Programa%20Mujeres%20Jefas%20de%20Hogar%202026%20en%20Puerto%20Ays%C3%A9n&#038;url=https:\/\/radiorevelacionfm.cl\/?p=63820' aria-hidden='false' data-av_icon='\ue8f1' data-av_iconfont='entypo-fontello' title='' data-avia-related-tooltip='Compartir en Twitter' rel=\"noopener\"><span class='avia_hidden_link_text'>Compartir en Twitter<\/span><\/a><\/li><li class='av-share-link av-social-link-whatsapp' ><a target=\"_blank\" aria-label=\"Compartir en Whatsapp\" href='https:\/\/api.whatsapp.com\/send?text=https:\/\/radiorevelacionfm.cl\/?p=63820' aria-hidden='false' data-av_icon='\uf232' data-av_iconfont='entypo-fontello' title='' data-avia-related-tooltip='Compartir en Whatsapp' rel=\"noopener\"><span class='avia_hidden_link_text'>Compartir en Whatsapp<\/span><\/a><\/li><li class='av-share-link av-social-link-linkedin' ><a target=\"_blank\" aria-label=\"Compartir en LinkedIn\" href='https:\/\/linkedin.com\/shareArticle?mini=true&#038;title=Dan%20inicio%20a%20las%20postulaciones%20presenciales%20para%20el%20Programa%20Mujeres%20Jefas%20de%20Hogar%202026%20en%20Puerto%20Ays%C3%A9n&#038;url=https:\/\/radiorevelacionfm.cl\/?p=63820' aria-hidden='false' data-av_icon='\ue8fc' data-av_iconfont='entypo-fontello' title='' data-avia-related-tooltip='Compartir en LinkedIn' rel=\"noopener\"><span class='avia_hidden_link_text'>Compartir en LinkedIn<\/span><\/a><\/li><li class='av-share-link av-social-link-mail' ><a  aria-label=\"Compartir por correo\" href='mailto:?subject=Dan%20inicio%20a%20las%20postulaciones%20presenciales%20para%20el%20Programa%20Mujeres%20Jefas%20de%20Hogar%202026%20en%20Puerto%20Ays%C3%A9n&#038;body=https:\/\/radiorevelacionfm.cl\/?p=63820' aria-hidden='false' data-av_icon='\ue805' data-av_iconfont='entypo-fontello' title='' data-avia-related-tooltip='Compartir por correo'><span class='avia_hidden_link_text'>Compartir por correo<\/span><\/a><\/li><\/ul><\/div><\/div>\n<div  style='height:50px' class='hr hr-invisible   avia-builder-el-8  el_after_av_social_share  el_before_av_comments_list '><span class='hr-inner ' ><span class='hr-inner-style'><\/span><\/span><\/div>\n<div  class='av-buildercomment  av-blog-meta-html-info-disabled av-blog-meta-tag-disabled  '><\/div>\n","protected":false},"excerpt":{"rendered":"","protected":false},"author":1,"featured_media":63821,"comment_status":"closed","ping_status":"closed","sticky":false,"template":"","format":"standard","meta":{"footnotes":""},"categories":[38],"tags":[],"class_list":["post-63820","post","type-post","status-publish","format-standard","has-post-thumbnail","hentry","category-regional"],"jetpack_featured_media_url":"https:\/\/radiorevelacionfm.cl\/wp-content\/uploads\/2026\/01\/mjh-1-2-1_optimized.jpeg","_links":{"self":[{"href":"https:\/\/radiorevelacionfm.cl\/index.php?rest_route=\/wp\/v2\/posts\/63820","targetHints":{"allow":["GET"]}}],"collection":[{"href":"https:\/\/radiorevelacionfm.cl\/index.php?rest_route=\/wp\/v2\/posts"}],"about":[{"href":"https:\/\/radiorevelacionfm.cl\/index.php?rest_route=\/wp\/v2\/types\/post"}],"author":[{"embeddable":true,"href":"https:\/\/radiorevelacionfm.cl\/index.php?rest_route=\/wp\/v2\/users\/1"}],"replies":[{"embeddable":true,"href":"https:\/\/radiorevelacionfm.cl\/index.php?rest_route=%2Fwp%2Fv2%2Fcomments&post=63820"}],"version-history":[{"count":2,"href":"https:\/\/radiorevelacionfm.cl\/index.php?rest_route=\/wp\/v2\/posts\/63820\/revisions"}],"predecessor-version":[{"id":63835,"href":"https:\/\/radiorevelacionfm.cl\/index.php?rest_route=\/wp\/v2\/posts\/63820\/revisions\/63835"}],"wp:featuredmedia":[{"embeddable":true,"href":"https:\/\/radiorevelacionfm.cl\/index.php?rest_route=\/wp\/v2\/media\/63821"}],"wp:attachment":[{"href":"https:\/\/radiorevelacionfm.cl\/index.php?rest_route=%2Fwp%2Fv2%2Fmedia&parent=63820"}],"wp:term":[{"taxonomy":"category","embeddable":true,"href":"https:\/\/radiorevelacionfm.cl\/index.php?rest_route=%2Fwp%2Fv2%2Fcategories&post=63820"},{"taxonomy":"post_tag","embeddable":true,"href":"https:\/\/radiorevelacionfm.cl\/index.php?rest_route=%2Fwp%2Fv2%2Ftags&post=63820"}],"curies":[{"name":"wp","href":"https:\/\/api.w.org\/{rel}","templated":true}]}}