{"id":63814,"date":"2026-01-29T09:46:39","date_gmt":"2026-01-29T12:46:39","guid":{"rendered":"https:\/\/radiorevelacionfm.cl\/?p=63814"},"modified":"2026-01-29T09:46:39","modified_gmt":"2026-01-29T12:46:39","slug":"ninos-de-la-escuela-de-verano-del-programa-4-a-7-visitan-la-reserva-nacional-rio-simpson-y-el-museo-de-carabineros","status":"publish","type":"post","link":"https:\/\/radiorevelacionfm.cl\/?p=63814","title":{"rendered":"Ni\u00f1os de la escuela de verano del programa \u201c4 a 7\u201d visitan la Reserva Nacional R\u00edo Simpson y el Museo de Carabineros"},"content":{"rendered":"<div class=\"flex_column av_one_full  flex_column_div av-zero-column-padding first  avia-builder-el-0  el_before_av_one_full  avia-builder-el-first  \" style='border-radius:0px; '><div  class='avia-image-container  av-styling-    avia-builder-el-1  avia-builder-el-no-sibling  avia-align-center '  itemprop=\"image\" itemscope=\"itemscope\" itemtype=\"https:\/\/schema.org\/ImageObject\"  ><div class='avia-image-container-inner'><div class='avia-image-overlay-wrap'><img decoding=\"async\" class='wp-image-63816 avia-img-lazy-loading-not-63816 avia_image' src=\"https:\/\/radiorevelacionfm.cl\/wp-content\/uploads\/2026\/01\/whatsapp-image-2026-01-28-at-6_optimized.29.35-pm-1-1-1-1.jpeg\" alt='' title='whatsapp-image-2026-01-28-at-6_optimized.29.35-pm-(1)-(1) (1) (1)' height=\"600\" width=\"800\"  itemprop=\"thumbnailUrl\" srcset=\"https:\/\/radiorevelacionfm.cl\/wp-content\/uploads\/2026\/01\/whatsapp-image-2026-01-28-at-6_optimized.29.35-pm-1-1-1-1.jpeg 800w, https:\/\/radiorevelacionfm.cl\/wp-content\/uploads\/2026\/01\/whatsapp-image-2026-01-28-at-6_optimized.29.35-pm-1-1-1-1-300x225.jpeg 300w, https:\/\/radiorevelacionfm.cl\/wp-content\/uploads\/2026\/01\/whatsapp-image-2026-01-28-at-6_optimized.29.35-pm-1-1-1-1-768x576.jpeg 768w, https:\/\/radiorevelacionfm.cl\/wp-content\/uploads\/2026\/01\/whatsapp-image-2026-01-28-at-6_optimized.29.35-pm-1-1-1-1-705x529.jpeg 705w, https:\/\/radiorevelacionfm.cl\/wp-content\/uploads\/2026\/01\/whatsapp-image-2026-01-28-at-6_optimized.29.35-pm-1-1-1-1-450x338.jpeg 450w, https:\/\/radiorevelacionfm.cl\/wp-content\/uploads\/2026\/01\/whatsapp-image-2026-01-28-at-6_optimized.29.35-pm-1-1-1-1-600x450.jpeg 600w\" sizes=\"(max-width: 800px) 100vw, 800px\" \/><\/div><\/div><\/div><\/div><div class=\"flex_column av_one_full  flex_column_div av-zero-column-padding first  avia-builder-el-2  el_after_av_one_full  el_before_av_one_full  column-top-margin\" style='border-radius:0px; '><section class=\"av_textblock_section \"  itemscope=\"itemscope\" itemtype=\"https:\/\/schema.org\/BlogPosting\" itemprop=\"blogPost\" ><div class='avia_textblock  '   itemprop=\"text\" ><p style=\"text-align: center;\"><strong><span style=\"font-size: 18pt;\">Ni\u00f1os de la escuela de verano del programa \u201c4 a 7\u201d visitan la Reserva Nacional R\u00edo Simpson y el Museo de Carabineros<\/span><\/strong><\/p>\n<div id=\"gtx-trans\" style=\"position: absolute; left: -50px; top: 4.31534px;\">\n<div class=\"gtx-trans-icon\"><\/div>\n<\/div>\n<\/div><\/section><\/div><div class=\"flex_column av_one_full  flex_column_div av-zero-column-padding first  avia-builder-el-4  el_after_av_one_full  el_before_av_hr  column-top-margin\" style='border-radius:0px; '><section class=\"av_textblock_section \"  itemscope=\"itemscope\" itemtype=\"https:\/\/schema.org\/BlogPosting\" itemprop=\"blogPost\" ><div class='avia_textblock  '   itemprop=\"text\" ><p style=\"text-align: justify;\">En una acci\u00f3n colaborativa entre la Oficina Local de la Ni\u00f1ez (OLN) y el programa \u201c4 a 7\u201d, ni\u00f1os y ni\u00f1as de la comuna de Ays\u00e9n realizaron visitas pedag\u00f3gicas a la Reserva Nacional R\u00edo Simpson y al Museo de Carabineros de Puerto Ays\u00e9n, instancias que tuvieron como objetivo promover el aprendizaje en contacto con la naturaleza y fortalecer el conocimiento sobre la historia e identidad del territorio.<\/p>\n<p style=\"text-align: justify;\">La jornada educativa comenz\u00f3 durante la ma\u00f1ana del mi\u00e9rcoles, cuando ni\u00f1os y ni\u00f1as pertenecientes a las escuelas Gabriela Mistral y Litoral Austral se reunieron para trasladarse, a bordo del bus el\u00e9ctrico de la Municipalidad de Ays\u00e9n, hasta la Reserva Nacional R\u00edo Simpson.<\/p>\n<p style=\"text-align: justify;\">Durante esta primera actividad, las y los participantes pudieron conocer en terreno uno de los espacios naturales m\u00e1s relevantes de la regi\u00f3n, fomentando el cuidado del medioambiente, la valoraci\u00f3n del patrimonio natural y el aprendizaje significativo fuera del aula, en el marco de las actividades de la escuela de verano.<\/p>\n<p style=\"text-align: justify;\">En la reserva, los ni\u00f1os y ni\u00f1as observaron el bosque montano, conformado por especies como el coig\u00fce, el canelo o el chilco, adem\u00e1s de disfrutar del sonido de la naturaleza, especialmente de aves como el mart\u00edn pescador, el chucao o el zorzal. Desde la Oficina Local de la Ni\u00f1ez destacaron que esta experiencia favorece el derecho de ni\u00f1os y ni\u00f1as a vivir en un medioambiente sano, as\u00ed como a disfrutar del contacto directo con la naturaleza.<\/p>\n<p style=\"text-align: justify;\">Ya durante la tarde, luego del almuerzo, la comitiva se traslad\u00f3 al Museo de Carabineros de Puerto Ays\u00e9n, recinto que fue renovado hace algunos meses y que hoy se encuentra abierto a la comunidad, ofreciendo un espacio para conocer la historia local y la figura del Teniente Hern\u00e1n Merino Correa.<\/p>\n<p style=\"text-align: justify;\">Previo al ingreso al museo, la Banda de Carabineros de Puerto Ays\u00e9n sorprendi\u00f3 a los ni\u00f1os y ni\u00f1as con una presentaci\u00f3n musical especialmente pensada para las infancias, permiti\u00e9ndoles adem\u00e1s conocer una faceta art\u00edstica del trabajo que realiza la instituci\u00f3n.<\/p>\n<p style=\"text-align: justify;\">Uno de los participantes, Gabriel B\u00f3rquez, valor\u00f3 positivamente la experiencia, se\u00f1alando que \u201cencuentro s\u00faper bien esta actividad, porque nos hace conocer nuestra identidad comunal, saber por qu\u00e9 estamos ac\u00e1 y qui\u00e9nes contribuyeron para que podamos estar viviendo en este lugar\u201d. Asimismo, expres\u00f3 su inter\u00e9s en continuar visitando otros espacios culturales de la regi\u00f3n, indicando que \u201cme gustar\u00eda que nos puedan llevar a otros museos de la zona, porque he visto en las redes de la municipalidad que hay uno en Coyhaique y se ve muy bonito por dentro\u201d.<\/p>\n<p style=\"text-align: justify;\">El programa \u201c4 a 7\u201d, en su versi\u00f3n Escuela de Verano, tiene como prop\u00f3sito apoyar a las madres trabajadoras que contin\u00faan requiriendo este servicio durante el periodo estival, entregando cuidado, acompa\u00f1amiento y actividades educativas a ni\u00f1os y ni\u00f1as en entornos seguros, como los establecimientos educacionales.<\/p>\n<p style=\"text-align: justify;\">Al respecto, Solange V\u00e1squez, coordinadora del programa 4 a 7 de la Escuela Gabriela Mistral, se\u00f1al\u00f3 que \u201cnuestros ni\u00f1os y ni\u00f1as est\u00e1n muy felices de poder participar de estas actividades, sobre todo considerando que en verano el programa funciona en jornada completa, lo que tambi\u00e9n ha sido muy positivo para muchas mujeres que pueden trabajar tranquilas mientras sus hijos se encuentran bajo el cuidado de las funcionarias del programa\u201d.<\/p>\n<p style=\"text-align: justify;\">La educadora agreg\u00f3 adem\u00e1s que \u201ceste a\u00f1o quisimos darle un enfoque distinto, sacando a los ni\u00f1os y ni\u00f1as a participar de visitas a reservas y museos, permiti\u00e9ndoles vivir experiencias diferentes a las que se realizan habitualmente durante el periodo de marzo a diciembre\u201d.<\/p>\n<p style=\"text-align: justify;\">Este tipo de iniciativas refuerza el compromiso del municipio con el bienestar integral de ni\u00f1os y ni\u00f1as, promoviendo experiencias educativas, recreativas y formativas que fortalecen su desarrollo, su identidad local y su v\u00ednculo con el entorno natural y cultural de la regi\u00f3n.<\/p>\n<\/div><\/section><\/div><div  style='height:50px' class='hr hr-invisible   avia-builder-el-6  el_after_av_one_full  el_before_av_social_share '><span class='hr-inner ' ><span class='hr-inner-style'><\/span><\/span><\/div><\/p>\n<div  class='av-social-sharing-box  avia-builder-el-7  el_after_av_hr  el_before_av_hr  '><div class='av-share-box'><h5 class='av-share-link-description av-no-toc '>Compartir esta noticia<\/h5><ul class='av-share-box-list noLightbox'><li class='av-share-link av-social-link-facebook' ><a target=\"_blank\" aria-label=\"Compartir en Facebook\" href='https:\/\/www.facebook.com\/sharer.php?u=https:\/\/radiorevelacionfm.cl\/?p=63814&#038;t=Ni%C3%B1os%20de%20la%20escuela%20de%20verano%20del%20programa%20%E2%80%9C4%20a%207%E2%80%9D%20visitan%20la%20Reserva%20Nacional%20R%C3%ADo%20Simpson%20y%20el%20Museo%20de%20Carabineros' aria-hidden='false' data-av_icon='\ue8f3' data-av_iconfont='entypo-fontello' title='' data-avia-related-tooltip='Compartir en Facebook' rel=\"noopener\"><span class='avia_hidden_link_text'>Compartir en Facebook<\/span><\/a><\/li><li class='av-share-link av-social-link-twitter' ><a target=\"_blank\" aria-label=\"Compartir en Twitter\" href='https:\/\/twitter.com\/share?text=Ni%C3%B1os%20de%20la%20escuela%20de%20verano%20del%20programa%20%E2%80%9C4%20a%207%E2%80%9D%20visitan%20la%20Reserva%20Nacional%20R%C3%ADo%20Simpson%20y%20el%20Museo%20de%20Carabineros&#038;url=https:\/\/radiorevelacionfm.cl\/?p=63814' aria-hidden='false' data-av_icon='\ue8f1' data-av_iconfont='entypo-fontello' title='' data-avia-related-tooltip='Compartir en Twitter' rel=\"noopener\"><span class='avia_hidden_link_text'>Compartir en Twitter<\/span><\/a><\/li><li class='av-share-link av-social-link-whatsapp' ><a target=\"_blank\" aria-label=\"Compartir en Whatsapp\" href='https:\/\/api.whatsapp.com\/send?text=https:\/\/radiorevelacionfm.cl\/?p=63814' aria-hidden='false' data-av_icon='\uf232' data-av_iconfont='entypo-fontello' title='' data-avia-related-tooltip='Compartir en Whatsapp' rel=\"noopener\"><span class='avia_hidden_link_text'>Compartir en Whatsapp<\/span><\/a><\/li><li class='av-share-link av-social-link-linkedin' ><a target=\"_blank\" aria-label=\"Compartir en LinkedIn\" href='https:\/\/linkedin.com\/shareArticle?mini=true&#038;title=Ni%C3%B1os%20de%20la%20escuela%20de%20verano%20del%20programa%20%E2%80%9C4%20a%207%E2%80%9D%20visitan%20la%20Reserva%20Nacional%20R%C3%ADo%20Simpson%20y%20el%20Museo%20de%20Carabineros&#038;url=https:\/\/radiorevelacionfm.cl\/?p=63814' aria-hidden='false' data-av_icon='\ue8fc' data-av_iconfont='entypo-fontello' title='' data-avia-related-tooltip='Compartir en LinkedIn' rel=\"noopener\"><span class='avia_hidden_link_text'>Compartir en LinkedIn<\/span><\/a><\/li><li class='av-share-link av-social-link-mail' ><a  aria-label=\"Compartir por correo\" href='mailto:?subject=Ni%C3%B1os%20de%20la%20escuela%20de%20verano%20del%20programa%20%E2%80%9C4%20a%207%E2%80%9D%20visitan%20la%20Reserva%20Nacional%20R%C3%ADo%20Simpson%20y%20el%20Museo%20de%20Carabineros&#038;body=https:\/\/radiorevelacionfm.cl\/?p=63814' aria-hidden='false' data-av_icon='\ue805' data-av_iconfont='entypo-fontello' title='' data-avia-related-tooltip='Compartir por correo'><span class='avia_hidden_link_text'>Compartir por correo<\/span><\/a><\/li><\/ul><\/div><\/div>\n<div  style='height:50px' class='hr hr-invisible   avia-builder-el-8  el_after_av_social_share  el_before_av_comments_list '><span class='hr-inner ' ><span class='hr-inner-style'><\/span><\/span><\/div>\n<div  class='av-buildercomment  av-blog-meta-html-info-disabled av-blog-meta-tag-disabled  '><\/div>\n","protected":false},"excerpt":{"rendered":"","protected":false},"author":1,"featured_media":63816,"comment_status":"closed","ping_status":"closed","sticky":false,"template":"","format":"standard","meta":{"footnotes":""},"categories":[38],"tags":[],"class_list":["post-63814","post","type-post","status-publish","format-standard","has-post-thumbnail","hentry","category-regional"],"jetpack_featured_media_url":"https:\/\/radiorevelacionfm.cl\/wp-content\/uploads\/2026\/01\/whatsapp-image-2026-01-28-at-6_optimized.29.35-pm-1-1-1-1.jpeg","_links":{"self":[{"href":"https:\/\/radiorevelacionfm.cl\/index.php?rest_route=\/wp\/v2\/posts\/63814","targetHints":{"allow":["GET"]}}],"collection":[{"href":"https:\/\/radiorevelacionfm.cl\/index.php?rest_route=\/wp\/v2\/posts"}],"about":[{"href":"https:\/\/radiorevelacionfm.cl\/index.php?rest_route=\/wp\/v2\/types\/post"}],"author":[{"embeddable":true,"href":"https:\/\/radiorevelacionfm.cl\/index.php?rest_route=\/wp\/v2\/users\/1"}],"replies":[{"embeddable":true,"href":"https:\/\/radiorevelacionfm.cl\/index.php?rest_route=%2Fwp%2Fv2%2Fcomments&post=63814"}],"version-history":[{"count":2,"href":"https:\/\/radiorevelacionfm.cl\/index.php?rest_route=\/wp\/v2\/posts\/63814\/revisions"}],"predecessor-version":[{"id":63834,"href":"https:\/\/radiorevelacionfm.cl\/index.php?rest_route=\/wp\/v2\/posts\/63814\/revisions\/63834"}],"wp:featuredmedia":[{"embeddable":true,"href":"https:\/\/radiorevelacionfm.cl\/index.php?rest_route=\/wp\/v2\/media\/63816"}],"wp:attachment":[{"href":"https:\/\/radiorevelacionfm.cl\/index.php?rest_route=%2Fwp%2Fv2%2Fmedia&parent=63814"}],"wp:term":[{"taxonomy":"category","embeddable":true,"href":"https:\/\/radiorevelacionfm.cl\/index.php?rest_route=%2Fwp%2Fv2%2Fcategories&post=63814"},{"taxonomy":"post_tag","embeddable":true,"href":"https:\/\/radiorevelacionfm.cl\/index.php?rest_route=%2Fwp%2Fv2%2Ftags&post=63814"}],"curies":[{"name":"wp","href":"https:\/\/api.w.org\/{rel}","templated":true}]}}