{"id":63804,"date":"2026-01-29T17:12:57","date_gmt":"2026-01-29T20:12:57","guid":{"rendered":"https:\/\/radiorevelacionfm.cl\/?p=63804"},"modified":"2026-01-29T17:18:22","modified_gmt":"2026-01-29T20:18:22","slug":"diputada-raphael-advierte-falta-de-conectividad-lacustre-el-2027-por-tiempos-entre-carena-de-la-tehuelche-y-obras-de-nueva-barcaza","status":"publish","type":"post","link":"https:\/\/radiorevelacionfm.cl\/?p=63804","title":{"rendered":"Diputada Raphael advierte falta de conectividad lacustre el 2027 por tiempos entre carena de la Tehuelche y obras de nueva barcaza"},"content":{"rendered":"<div class=\"flex_column av_one_full  flex_column_div av-zero-column-padding first  avia-builder-el-0  el_before_av_one_full  avia-builder-el-first  \" style='border-radius:0px; '><div  class='avia-image-container  av-styling-    avia-builder-el-1  avia-builder-el-no-sibling  avia-align-center '  itemprop=\"image\" itemscope=\"itemscope\" itemtype=\"https:\/\/schema.org\/ImageObject\"  ><div class='avia-image-container-inner'><div class='avia-image-overlay-wrap'><img decoding=\"async\" class='wp-image-63878 avia-img-lazy-loading-not-63878 avia_image' src=\"https:\/\/radiorevelacionfm.cl\/wp-content\/uploads\/2026\/01\/MarciaRaphael-barcaza-3-1-1.jpg\" alt='' title='MarciaRaphael-barcaza (3) (1) (1)' height=\"660\" width=\"803\"  itemprop=\"thumbnailUrl\" srcset=\"https:\/\/radiorevelacionfm.cl\/wp-content\/uploads\/2026\/01\/MarciaRaphael-barcaza-3-1-1.jpg 803w, https:\/\/radiorevelacionfm.cl\/wp-content\/uploads\/2026\/01\/MarciaRaphael-barcaza-3-1-1-300x247.jpg 300w, https:\/\/radiorevelacionfm.cl\/wp-content\/uploads\/2026\/01\/MarciaRaphael-barcaza-3-1-1-768x631.jpg 768w, https:\/\/radiorevelacionfm.cl\/wp-content\/uploads\/2026\/01\/MarciaRaphael-barcaza-3-1-1-705x579.jpg 705w, https:\/\/radiorevelacionfm.cl\/wp-content\/uploads\/2026\/01\/MarciaRaphael-barcaza-3-1-1-450x370.jpg 450w, https:\/\/radiorevelacionfm.cl\/wp-content\/uploads\/2026\/01\/MarciaRaphael-barcaza-3-1-1-600x493.jpg 600w\" sizes=\"(max-width: 803px) 100vw, 803px\" \/><\/div><\/div><\/div><\/div><div class=\"flex_column av_one_full  flex_column_div av-zero-column-padding first  avia-builder-el-2  el_after_av_one_full  el_before_av_one_full  column-top-margin\" style='border-radius:0px; '><section class=\"av_textblock_section \"  itemscope=\"itemscope\" itemtype=\"https:\/\/schema.org\/BlogPosting\" itemprop=\"blogPost\" ><div class='avia_textblock  '   itemprop=\"text\" ><p style=\"text-align: center;\"><span style=\"font-size: 18pt;\"><b>Diputada Raphael advierte falta de conectividad lacustre el 2027 por tiempos entre carena de la Tehuelche y obras de nueva barcaza<\/b><\/span><\/p>\n<div id=\"gtx-trans\" style=\"position: absolute; left: -50px; top: 4.31534px;\">\n<div class=\"gtx-trans-icon\"><\/div>\n<\/div>\n<\/div><\/section><\/div><\/p>\n<div class=\"flex_column av_one_full  flex_column_div av-zero-column-padding first  avia-builder-el-4  el_after_av_one_full  el_before_av_hr  column-top-margin\" style='border-radius:0px; '><section class=\"av_textblock_section \"  itemscope=\"itemscope\" itemtype=\"https:\/\/schema.org\/BlogPosting\" itemprop=\"blogPost\" ><div class='avia_textblock  '   itemprop=\"text\" ><p style=\"font-weight: 400; text-align: justify;\"><em>La diputada de Renovaci\u00f3n Nacional afirm\u00f3 que \u201cestamos frente a una falta de coordinaci\u00f3n del gobierno, sin embargo, hay tiempo para revertirla y generar una mejor planificaci\u00f3n en materia de conectividad lacustre\u201d.<\/em><\/p>\n<p style=\"font-weight: 400; text-align: justify;\">Con un llamado al Ministerio de Obras P\u00fablicas\u00a0a elaborar un plan de contingencia para las comunidades de la Provincia de General Carrera, la diputada de la regi\u00f3n, Marcia Raphael Mora,\u00a0manifest\u00f3 su preocupaci\u00f3n tras conocer la respuesta de la ministra del MOP, a trav\u00e9s de la Direcci\u00f3n de Obras Portuarias (DOP), respecto al estado del proyecto de construcci\u00f3n de la nueva barcaza para el Lago General Carrera, que iniciar\u00eda este a\u00f1o y concluir\u00eda el 2027, sin embargo, no se tendr\u00eda lista cuando se lleve a cabo la carena en seco de la actual barcaza.<\/p>\n<p style=\"font-weight: 400; text-align: justify;\">De acuerdo a la informaci\u00f3n entregada por la cartera, el contrato de la nueva embarcaci\u00f3n se encuentra actualmente en proceso de toma de raz\u00f3n por parte de la Contralor\u00eda General de la Rep\u00fablica, tr\u00e1mite que\u00a0una vez concluido, permitir\u00eda que se inicie la construcci\u00f3n de la embarcaci\u00f3n a comienzos de\u00a0febrero de 2026, estiman desde la DOP.<\/p>\n<p style=\"font-weight: 400; text-align: justify;\">El documento de respuesta a la fiscalizaci\u00f3n realizada por la parlamentaria, confirma adem\u00e1s que la obra tendr\u00e1 una duraci\u00f3n aproximada de\u00a0630 d\u00edas corridos, proyect\u00e1ndose\u00a0su\u00a0t\u00e9rmino estimado para el\u00a025 de octubre de 2027.<\/p>\n<p style=\"font-weight: 400; text-align: justify;\">Frente a este escenario, la diputada\u00a0Raphael\u00a0fue enf\u00e1tica en advertir las consecuencias que estos plazos podr\u00edan generar en la conectividad lacustre.\u00a0\u201cEstamos hablando de una situaci\u00f3n\u00a0compleja si no se cuenta con un plan de contingencia con la debida anticipaci\u00f3n. Dado que con los\u00a0tiempos\u00a0proyectados, en septiembre de 2027 las comunidades podr\u00edan quedar simplemente sin barcaza, sin conexi\u00f3n y sin respuestas\u201d, sostuvo.<\/p>\n<p style=\"font-weight: 400; text-align: justify;\">La diputada\u00a0explic\u00f3 que\u00a0\u201cen\u00a0septiembre de 2027\u00a0la actual barcaza deber\u00e1 someterse obligatoriamente a un proceso de\u00a0carena en seco, lo que implica su salida de operaci\u00f3n por un per\u00edodo prolongado. Sin embargo, seg\u00fan la respuesta del MOP,\u00a0no existe hasta ahora un plan de contingencia\u00a0que asegure la continuidad del servicio mientras se construye la nueva embarcaci\u00f3n\u201d.<\/p>\n<p style=\"font-weight: 400; text-align: justify;\">\u201cLo m\u00e1s preocupante es que los plazos no calzan. La barcaza actual debe entrar a mantenci\u00f3n y la nueva todav\u00eda no estar\u00eda lista. \u00bfQu\u00e9 va a pasar con la gente? \u00bfQui\u00e9n se hace cargo si el lago queda sin conectividad?\u201d, cuestion\u00f3 Raphael.<\/p>\n<p style=\"font-weight: 400; text-align: justify;\">En ese sentido, la legisladora apunt\u00f3 directamente a la responsabilidad del Ejecutivo.\u00a0\u201cAqu\u00ed hay una falta de planificaci\u00f3n evidente. No se puede jugar con la conectividad de\u00a0nuestra regi\u00f3n. El MOP debe entregar respuestas claras y un plan de emergencia ahora, no cuando el problema ya est\u00e9 encima\u201d, recalc\u00f3.<\/p>\n<\/div><\/section><\/div>\n<div  style='height:50px' class='hr hr-invisible   avia-builder-el-6  el_after_av_one_full  el_before_av_social_share '><span class='hr-inner ' ><span class='hr-inner-style'><\/span><\/span><\/div>\n<div  class='av-social-sharing-box  avia-builder-el-7  el_after_av_hr  el_before_av_hr  '><div class='av-share-box'><h5 class='av-share-link-description av-no-toc '>Compartir esta noticia<\/h5><ul class='av-share-box-list noLightbox'><li class='av-share-link av-social-link-facebook' ><a target=\"_blank\" aria-label=\"Compartir en Facebook\" href='https:\/\/www.facebook.com\/sharer.php?u=https:\/\/radiorevelacionfm.cl\/?p=63804&#038;t=Diputada%20Raphael%20advierte%20falta%20de%20conectividad%20lacustre%20el%202027%20por%20tiempos%20entre%20carena%20de%20la%20Tehuelche%20y%20obras%20de%20nueva%20barcaza' aria-hidden='false' data-av_icon='\ue8f3' data-av_iconfont='entypo-fontello' title='' data-avia-related-tooltip='Compartir en Facebook' rel=\"noopener\"><span class='avia_hidden_link_text'>Compartir en Facebook<\/span><\/a><\/li><li class='av-share-link av-social-link-twitter' ><a target=\"_blank\" aria-label=\"Compartir en Twitter\" href='https:\/\/twitter.com\/share?text=Diputada%20Raphael%20advierte%20falta%20de%20conectividad%20lacustre%20el%202027%20por%20tiempos%20entre%20carena%20de%20la%20Tehuelche%20y%20obras%20de%20nueva%20barcaza&#038;url=https:\/\/radiorevelacionfm.cl\/?p=63804' aria-hidden='false' data-av_icon='\ue8f1' data-av_iconfont='entypo-fontello' title='' data-avia-related-tooltip='Compartir en Twitter' rel=\"noopener\"><span class='avia_hidden_link_text'>Compartir en Twitter<\/span><\/a><\/li><li class='av-share-link av-social-link-whatsapp' ><a target=\"_blank\" aria-label=\"Compartir en Whatsapp\" href='https:\/\/api.whatsapp.com\/send?text=https:\/\/radiorevelacionfm.cl\/?p=63804' aria-hidden='false' data-av_icon='\uf232' data-av_iconfont='entypo-fontello' title='' data-avia-related-tooltip='Compartir en Whatsapp' rel=\"noopener\"><span class='avia_hidden_link_text'>Compartir en Whatsapp<\/span><\/a><\/li><li class='av-share-link av-social-link-linkedin' ><a target=\"_blank\" aria-label=\"Compartir en LinkedIn\" href='https:\/\/linkedin.com\/shareArticle?mini=true&#038;title=Diputada%20Raphael%20advierte%20falta%20de%20conectividad%20lacustre%20el%202027%20por%20tiempos%20entre%20carena%20de%20la%20Tehuelche%20y%20obras%20de%20nueva%20barcaza&#038;url=https:\/\/radiorevelacionfm.cl\/?p=63804' aria-hidden='false' data-av_icon='\ue8fc' data-av_iconfont='entypo-fontello' title='' data-avia-related-tooltip='Compartir en LinkedIn' rel=\"noopener\"><span class='avia_hidden_link_text'>Compartir en LinkedIn<\/span><\/a><\/li><li class='av-share-link av-social-link-mail' ><a  aria-label=\"Compartir por correo\" href='mailto:?subject=Diputada%20Raphael%20advierte%20falta%20de%20conectividad%20lacustre%20el%202027%20por%20tiempos%20entre%20carena%20de%20la%20Tehuelche%20y%20obras%20de%20nueva%20barcaza&#038;body=https:\/\/radiorevelacionfm.cl\/?p=63804' aria-hidden='false' data-av_icon='\ue805' data-av_iconfont='entypo-fontello' title='' data-avia-related-tooltip='Compartir por correo'><span class='avia_hidden_link_text'>Compartir por correo<\/span><\/a><\/li><\/ul><\/div><\/div>\n<div  style='height:50px' class='hr hr-invisible   avia-builder-el-8  el_after_av_social_share  el_before_av_comments_list '><span class='hr-inner ' ><span class='hr-inner-style'><\/span><\/span><\/div>\n<div  class='av-buildercomment  av-blog-meta-html-info-disabled av-blog-meta-tag-disabled  '><\/div>\n","protected":false},"excerpt":{"rendered":"","protected":false},"author":1,"featured_media":63878,"comment_status":"closed","ping_status":"closed","sticky":false,"template":"","format":"standard","meta":{"footnotes":""},"categories":[35],"tags":[],"class_list":["post-63804","post","type-post","status-publish","format-standard","has-post-thumbnail","hentry","category-politica"],"jetpack_featured_media_url":"https:\/\/radiorevelacionfm.cl\/wp-content\/uploads\/2026\/01\/MarciaRaphael-barcaza-3-1-1.jpg","_links":{"self":[{"href":"https:\/\/radiorevelacionfm.cl\/index.php?rest_route=\/wp\/v2\/posts\/63804","targetHints":{"allow":["GET"]}}],"collection":[{"href":"https:\/\/radiorevelacionfm.cl\/index.php?rest_route=\/wp\/v2\/posts"}],"about":[{"href":"https:\/\/radiorevelacionfm.cl\/index.php?rest_route=\/wp\/v2\/types\/post"}],"author":[{"embeddable":true,"href":"https:\/\/radiorevelacionfm.cl\/index.php?rest_route=\/wp\/v2\/users\/1"}],"replies":[{"embeddable":true,"href":"https:\/\/radiorevelacionfm.cl\/index.php?rest_route=%2Fwp%2Fv2%2Fcomments&post=63804"}],"version-history":[{"count":3,"href":"https:\/\/radiorevelacionfm.cl\/index.php?rest_route=\/wp\/v2\/posts\/63804\/revisions"}],"predecessor-version":[{"id":63877,"href":"https:\/\/radiorevelacionfm.cl\/index.php?rest_route=\/wp\/v2\/posts\/63804\/revisions\/63877"}],"wp:featuredmedia":[{"embeddable":true,"href":"https:\/\/radiorevelacionfm.cl\/index.php?rest_route=\/wp\/v2\/media\/63878"}],"wp:attachment":[{"href":"https:\/\/radiorevelacionfm.cl\/index.php?rest_route=%2Fwp%2Fv2%2Fmedia&parent=63804"}],"wp:term":[{"taxonomy":"category","embeddable":true,"href":"https:\/\/radiorevelacionfm.cl\/index.php?rest_route=%2Fwp%2Fv2%2Fcategories&post=63804"},{"taxonomy":"post_tag","embeddable":true,"href":"https:\/\/radiorevelacionfm.cl\/index.php?rest_route=%2Fwp%2Fv2%2Ftags&post=63804"}],"curies":[{"name":"wp","href":"https:\/\/api.w.org\/{rel}","templated":true}]}}