{"id":63794,"date":"2026-01-29T12:44:43","date_gmt":"2026-01-29T15:44:43","guid":{"rendered":"https:\/\/radiorevelacionfm.cl\/?p=63794"},"modified":"2026-01-29T12:44:43","modified_gmt":"2026-01-29T15:44:43","slug":"suelos-de-aysen-iniciativa-que-busca-revivir-las-tierras-de-la-patagonia","status":"publish","type":"post","link":"https:\/\/radiorevelacionfm.cl\/?p=63794","title":{"rendered":"Suelos de Ays\u00e9n: Iniciativa que busca revivir las tierras de la Patagonia"},"content":{"rendered":"<div class=\"flex_column av_one_full  flex_column_div av-zero-column-padding first  avia-builder-el-0  el_before_av_one_full  avia-builder-el-first  \" style='border-radius:0px; '><div  class='avia-image-container  av-styling-    avia-builder-el-1  avia-builder-el-no-sibling  avia-align-center '  itemprop=\"image\" itemscope=\"itemscope\" itemtype=\"https:\/\/schema.org\/ImageObject\"  ><div class='avia-image-container-inner'><div class='avia-image-overlay-wrap'><img decoding=\"async\" class='wp-image-63795 avia-img-lazy-loading-not-63795 avia_image' src=\"https:\/\/radiorevelacionfm.cl\/wp-content\/uploads\/2026\/01\/guano_rojo-1_optimized-1.jpg\" alt='' title='guano_rojo-(1)_optimized (1)' height=\"600\" width=\"1067\"  itemprop=\"thumbnailUrl\" srcset=\"https:\/\/radiorevelacionfm.cl\/wp-content\/uploads\/2026\/01\/guano_rojo-1_optimized-1.jpg 1067w, https:\/\/radiorevelacionfm.cl\/wp-content\/uploads\/2026\/01\/guano_rojo-1_optimized-1-300x169.jpg 300w, https:\/\/radiorevelacionfm.cl\/wp-content\/uploads\/2026\/01\/guano_rojo-1_optimized-1-1030x579.jpg 1030w, https:\/\/radiorevelacionfm.cl\/wp-content\/uploads\/2026\/01\/guano_rojo-1_optimized-1-768x432.jpg 768w, https:\/\/radiorevelacionfm.cl\/wp-content\/uploads\/2026\/01\/guano_rojo-1_optimized-1-705x396.jpg 705w, https:\/\/radiorevelacionfm.cl\/wp-content\/uploads\/2026\/01\/guano_rojo-1_optimized-1-450x253.jpg 450w, https:\/\/radiorevelacionfm.cl\/wp-content\/uploads\/2026\/01\/guano_rojo-1_optimized-1-600x337.jpg 600w\" sizes=\"(max-width: 1067px) 100vw, 1067px\" \/><\/div><\/div><\/div><\/div><div class=\"flex_column av_one_full  flex_column_div av-zero-column-padding first  avia-builder-el-2  el_after_av_one_full  el_before_av_one_full  column-top-margin\" style='border-radius:0px; '><section class=\"av_textblock_section \"  itemscope=\"itemscope\" itemtype=\"https:\/\/schema.org\/BlogPosting\" itemprop=\"blogPost\" ><div class='avia_textblock  '   itemprop=\"text\" ><p style=\"text-align: center;\"><strong><span style=\"font-size: 18pt;\">Suelos de Ays\u00e9n: Iniciativa que busca revivir las tierras de la Patagonia<\/span><\/strong><\/p>\n<div id=\"gtx-trans\" style=\"position: absolute; left: -50px; top: 4.31534px;\">\n<div class=\"gtx-trans-icon\"><\/div>\n<\/div>\n<\/div><\/section><\/div><div class=\"flex_column av_one_full  flex_column_div av-zero-column-padding first  avia-builder-el-4  el_after_av_one_full  el_before_av_hr  column-top-margin\" style='border-radius:0px; '><section class=\"av_textblock_section \"  itemscope=\"itemscope\" itemtype=\"https:\/\/schema.org\/BlogPosting\" itemprop=\"blogPost\" ><div class='avia_textblock  '   itemprop=\"text\" ><p style=\"text-align: justify;\"><em>Con un innovador programa que combina financiamiento regional y sectorial, adem\u00e1s de capacitaci\u00f3n y ciencia aplicada, productores de la regi\u00f3n aprenden e implementan t\u00e9cnicas sustentables para recuperar suelos degradados, fortaleciendo la agricultura familiar campesina y la resiliencia frente al cambio clim\u00e1tico.<\/em><\/p>\n<p style=\"text-align: justify;\">Con las manos en la tierra y la mirada en el futuro, agricultores, profesionales e investigadores est\u00e1n escribiendo una nueva historia para los suelos de Ays\u00e9n. Frente a la degradaci\u00f3n hist\u00f3rica de la tierra, una iniciativa financiada por el Gobierno Regional y ejecutada por la Seremi de Agricultura, en conjunto a los servicios del AGRO, se ha convertido en un pilar de esperanza. A trav\u00e9s de pr\u00e1cticas sustentables y capacitaciones t\u00e9cnicas en terreno, el programa busca no solo detener el da\u00f1o, sino revertirlo; promoviendo un modelo agroecol\u00f3gico que habla de \u201csuelos vivos\u201d y productividad en armon\u00eda con el entorno.<\/p>\n<p style=\"text-align: justify;\">El compromiso del Ministerio de Agricultura por fortalecer la agricultura familiar campesina y la seguridad alimentaria encuentra en la regi\u00f3n una expresi\u00f3n concreta y urgente: la recuperaci\u00f3n de suelos degradados. Seg\u00fan detall\u00f3 Mary Schmidt, seremi (S) de Agricultura, y profesional a cargo del programa, \u201cesto es un problema complejo y urgente, con ra\u00edces hist\u00f3ricas, lo que se agrava por pr\u00e1cticas extractivas, el sobrepastoreo y la acci\u00f3n del cambio clim\u00e1tico\u201d.<\/p>\n<p style=\"text-align: justify;\">Proyecciones indican para la regi\u00f3n un aumento significativo de temperaturas y una disminuci\u00f3n de las precipitaciones, intensificando fen\u00f3menos como la erosi\u00f3n y la desertificaci\u00f3n. Frente a este escenario, que limita severamente el potencial productivo, se vuelve imprescindible la adopci\u00f3n de pr\u00e1cticas silvoagroambientales que reviertan el da\u00f1o y construyan suelos resilientes.<\/p>\n<p style=\"text-align: justify;\">Por ello, tras la aprobaci\u00f3n del financiamiento por parte del Gobierno Regional y su Consejo, se implement\u00f3 el programa \u201cTransferencia de Recursos para Incentivar la Implementaci\u00f3n de Pr\u00e1cticas Silvoagroambientales\u201d, conocido como \u201cSuelos de Ays\u00e9n\u201d.<\/p>\n<p style=\"text-align: justify;\">Su objetivo es claro: incentivar pr\u00e1cticas fundamentales como la fertilizaci\u00f3n, el establecimiento de praderas, conservaci\u00f3n de suelos, entre otras, a trav\u00e9s de concursos p\u00fablicos que permiten a los productores acceder a recursos. Junto con las t\u00e9cnicas de recuperaci\u00f3n, el programa tambi\u00e9n enfatiza el\u00a0marco regulatorio y de planificaci\u00f3n.<\/p>\n<p style=\"text-align: justify;\">\u00a0Al respecto, Fernando Bascu\u00f1\u00e1n, jefe del Departamento de Bosque y Cambio Clim\u00e1tico de CONAF Ays\u00e9n, explic\u00f3 que cualquier pr\u00e1ctica de manejo en terrenos forestales\u00a0debe contar con un Plan de Manejo aprobado. \u201cSi no existe claridad al respecto, no dude en consultar en CONAF. Podemos revisar su situaci\u00f3n y, si es necesario, apoyar en la construcci\u00f3n de este instrumento de planificaci\u00f3n\u201d, se\u00f1al\u00f3, destacando el rol de apoyo t\u00e9cnico de la instituci\u00f3n para regularizar y guiar el manejo sustentable.<\/p>\n<p style=\"text-align: justify;\">De esta forma, se busca mejorar sustancialmente las condiciones del suelo, revirtiendo procesos de degradaci\u00f3n y generando un impacto positivo en la base productiva y ambiental del sector rural patag\u00f3nico.<\/p>\n<p style=\"text-align: justify;\">Capacitaci\u00f3n en Terreno<\/p>\n<p style=\"text-align: justify;\">El \u00e9xito del programa se basa en una poderosa alianza entre la teor\u00eda y la pr\u00e1ctica. Recientemente, en Cerro Galera se realiz\u00f3 una capacitaci\u00f3n donde profesionales de INIA Tamel Aike, INFOR y CONAF se reunieron con productores en d\u00f3nde mostraron c\u00f3mo trabajar la erosi\u00f3n del agua con biofiltros, adem\u00e1s de ver los efectos de un plan de manejo en un bosque aleda\u00f1o al sector. Misma actividad se repiti\u00f3 en el predio demostrativo de Valle Simpson y La Junta.<\/p>\n<p style=\"text-align: justify;\">Para Carlos Schilling, del programa PRODESAL de La Junta, el enfoque es innovador, \u201cel tema de silvopastoreo es interesante por el nuevo uso que se le puede dar, un espacio para poder incorporar la ganader\u00eda y mezclarlo con el tema forestal\u201d. Coincide Carlos Luengo, de Ma\u00f1ihuales, quien asegura haber aprendido \u201charto\u201d y subraya la tendencia, \u201chay que hacerlo m\u00e1s agroecol\u00f3gico y estamos trabajando de esa forma\u201d.<\/p>\n<p style=\"text-align: justify;\">Revivir el suelo<\/p>\n<p style=\"text-align: justify;\">Una de las claves t\u00e9cnicas del programa es la introducci\u00f3n de mejoradores de suelo naturales. Ver\u00f3nica Gonz\u00e1lez, investigadora extensionista de INIA Tamel Aike, explica el trabajo cient\u00edfico detr\u00e1s de la iniciativa: \u201cTuvimos una capacitaci\u00f3n t\u00e9cnica te\u00f3rica acerca de mejoradores de suelo, espec\u00edficamente en el uso del guano rojo y de la roca fosf\u00f3rica\u2026 La idea es promover una agricultura que sea m\u00e1s sustentable, m\u00e1s amigable con el medio ambiente\u201d.<\/p>\n<p style=\"text-align: justify;\">El ensayo, que se replica en La Junta, INIA Tamel Aike y pr\u00f3ximamente en Cochrane, eval\u00faa el impacto de estos insumos en la productividad y, sobre todo, en la actividad microbiana del suelo. \u201cLa idea es bajar un poco la carga tan grande que tenemos de agroqu\u00edmicos ac\u00e1 en la regi\u00f3n e irlos reemplazando por estos mejoradores\u2026 despertar un poco el suelo. Nuestro lema es que el suelo sea m\u00e1s sustentable y un suelo vivo\u201d, afirma Gonz\u00e1lez.<\/p>\n<p style=\"text-align: justify;\">Esta perspectiva, de revivir el suelo, tuvo eco en Evelyn Jeffy Avil\u00e9s, productora y emprendedora del sector Mano Negra, en Coyhaique, quien coment\u00f3 lo interesante de la actividad, a lo que agreg\u00f3, \u201cy no olvidarnos de lo principal que nutre nuestro suelo, \u00bfqui\u00e9nes son estos bichitos, estos amigos que est\u00e1n bajo la tierra? Conocer nuevas formas de aplicaciones podemos aportarles los nutrientes para que nuestro suelo sea mucho mejor\u2026 y tambi\u00e9n saber si es amigable o no con el medioambiente, que es lo que buscamos hoy\u201d.<\/p>\n<p style=\"text-align: justify;\">Resultados transformadores<\/p>\n<p style=\"text-align: justify;\">El testimonio m\u00e1s elocuente del potencial transformador del programa viene de quienes ya han sido intervenidos. Sergio Barrientos Millar, del predio La Fortuna en Cerro Galera, relata la evoluci\u00f3n de su bosque, \u201cel trabajo que se inici\u00f3 ac\u00e1 fue por INFOR, es un silvopastoreo. De un principio ten\u00edamos poco pasto, poco ingreso de animales\u2026 a los a\u00f1os que se ha estado interviniendo, tenemos un tremendo cambio: hay ya pastoreo, entra m\u00e1s luz y los \u00e1rboles ha crecido en rendimiento\u201d.<\/p>\n<p style=\"text-align: justify;\">Sergio destaca el factor clave; el apoyo institucional. \u201cClaramente que, si se puede hacer\u2026 cuando hay intervenci\u00f3n de CONAF, de INFOR, hemos tenido un muy buen repunte. Lamentablemente, como agricultor solo no podr\u00eda obtener esto, pero con las instituciones que est\u00e1n apoyando, s\u00ed se puede lograr\u201d.<\/p>\n<p style=\"text-align: justify;\">De esta forma, \u201cSuelos de Ays\u00e9n\u201d, es el producto de una alianza entre organismos estatales, la ciencia y la voluntad de los productores, quienes unidos trabajan en la misi\u00f3n de devolverle la vida y la productividad a uno de sus recursos m\u00e1s preciados y vulnerables: la tierra que los sustenta.<\/p>\n<\/div><\/section><\/div><div  style='height:50px' class='hr hr-invisible   avia-builder-el-6  el_after_av_one_full  el_before_av_social_share '><span class='hr-inner ' ><span class='hr-inner-style'><\/span><\/span><\/div><\/p>\n<div  class='av-social-sharing-box  avia-builder-el-7  el_after_av_hr  el_before_av_hr  '><div class='av-share-box'><h5 class='av-share-link-description av-no-toc '>Compartir esta noticia<\/h5><ul class='av-share-box-list noLightbox'><li class='av-share-link av-social-link-facebook' ><a target=\"_blank\" aria-label=\"Compartir en Facebook\" href='https:\/\/www.facebook.com\/sharer.php?u=https:\/\/radiorevelacionfm.cl\/?p=63794&#038;t=Suelos%20de%20Ays%C3%A9n%3A%20Iniciativa%20que%20busca%20revivir%20las%20tierras%20de%20la%20Patagonia' aria-hidden='false' data-av_icon='\ue8f3' data-av_iconfont='entypo-fontello' title='' data-avia-related-tooltip='Compartir en Facebook' rel=\"noopener\"><span class='avia_hidden_link_text'>Compartir en Facebook<\/span><\/a><\/li><li class='av-share-link av-social-link-twitter' ><a target=\"_blank\" aria-label=\"Compartir en Twitter\" href='https:\/\/twitter.com\/share?text=Suelos%20de%20Ays%C3%A9n%3A%20Iniciativa%20que%20busca%20revivir%20las%20tierras%20de%20la%20Patagonia&#038;url=https:\/\/radiorevelacionfm.cl\/?p=63794' aria-hidden='false' data-av_icon='\ue8f1' data-av_iconfont='entypo-fontello' title='' data-avia-related-tooltip='Compartir en Twitter' rel=\"noopener\"><span class='avia_hidden_link_text'>Compartir en Twitter<\/span><\/a><\/li><li class='av-share-link av-social-link-whatsapp' ><a target=\"_blank\" aria-label=\"Compartir en Whatsapp\" href='https:\/\/api.whatsapp.com\/send?text=https:\/\/radiorevelacionfm.cl\/?p=63794' aria-hidden='false' data-av_icon='\uf232' data-av_iconfont='entypo-fontello' title='' data-avia-related-tooltip='Compartir en Whatsapp' rel=\"noopener\"><span class='avia_hidden_link_text'>Compartir en Whatsapp<\/span><\/a><\/li><li class='av-share-link av-social-link-linkedin' ><a target=\"_blank\" aria-label=\"Compartir en LinkedIn\" href='https:\/\/linkedin.com\/shareArticle?mini=true&#038;title=Suelos%20de%20Ays%C3%A9n%3A%20Iniciativa%20que%20busca%20revivir%20las%20tierras%20de%20la%20Patagonia&#038;url=https:\/\/radiorevelacionfm.cl\/?p=63794' aria-hidden='false' data-av_icon='\ue8fc' data-av_iconfont='entypo-fontello' title='' data-avia-related-tooltip='Compartir en LinkedIn' rel=\"noopener\"><span class='avia_hidden_link_text'>Compartir en LinkedIn<\/span><\/a><\/li><li class='av-share-link av-social-link-mail' ><a  aria-label=\"Compartir por correo\" href='mailto:?subject=Suelos%20de%20Ays%C3%A9n%3A%20Iniciativa%20que%20busca%20revivir%20las%20tierras%20de%20la%20Patagonia&#038;body=https:\/\/radiorevelacionfm.cl\/?p=63794' aria-hidden='false' data-av_icon='\ue805' data-av_iconfont='entypo-fontello' title='' data-avia-related-tooltip='Compartir por correo'><span class='avia_hidden_link_text'>Compartir por correo<\/span><\/a><\/li><\/ul><\/div><\/div>\n<div  style='height:50px' class='hr hr-invisible   avia-builder-el-8  el_after_av_social_share  el_before_av_comments_list '><span class='hr-inner ' ><span class='hr-inner-style'><\/span><\/span><\/div>\n<div  class='av-buildercomment  av-blog-meta-html-info-disabled av-blog-meta-tag-disabled  '><\/div>\n","protected":false},"excerpt":{"rendered":"","protected":false},"author":1,"featured_media":63795,"comment_status":"closed","ping_status":"closed","sticky":false,"template":"","format":"standard","meta":{"footnotes":""},"categories":[58],"tags":[],"class_list":["post-63794","post","type-post","status-publish","format-standard","has-post-thumbnail","hentry","category-agricultura"],"jetpack_featured_media_url":"https:\/\/radiorevelacionfm.cl\/wp-content\/uploads\/2026\/01\/guano_rojo-1_optimized-1.jpg","_links":{"self":[{"href":"https:\/\/radiorevelacionfm.cl\/index.php?rest_route=\/wp\/v2\/posts\/63794","targetHints":{"allow":["GET"]}}],"collection":[{"href":"https:\/\/radiorevelacionfm.cl\/index.php?rest_route=\/wp\/v2\/posts"}],"about":[{"href":"https:\/\/radiorevelacionfm.cl\/index.php?rest_route=\/wp\/v2\/types\/post"}],"author":[{"embeddable":true,"href":"https:\/\/radiorevelacionfm.cl\/index.php?rest_route=\/wp\/v2\/users\/1"}],"replies":[{"embeddable":true,"href":"https:\/\/radiorevelacionfm.cl\/index.php?rest_route=%2Fwp%2Fv2%2Fcomments&post=63794"}],"version-history":[{"count":2,"href":"https:\/\/radiorevelacionfm.cl\/index.php?rest_route=\/wp\/v2\/posts\/63794\/revisions"}],"predecessor-version":[{"id":63844,"href":"https:\/\/radiorevelacionfm.cl\/index.php?rest_route=\/wp\/v2\/posts\/63794\/revisions\/63844"}],"wp:featuredmedia":[{"embeddable":true,"href":"https:\/\/radiorevelacionfm.cl\/index.php?rest_route=\/wp\/v2\/media\/63795"}],"wp:attachment":[{"href":"https:\/\/radiorevelacionfm.cl\/index.php?rest_route=%2Fwp%2Fv2%2Fmedia&parent=63794"}],"wp:term":[{"taxonomy":"category","embeddable":true,"href":"https:\/\/radiorevelacionfm.cl\/index.php?rest_route=%2Fwp%2Fv2%2Fcategories&post=63794"},{"taxonomy":"post_tag","embeddable":true,"href":"https:\/\/radiorevelacionfm.cl\/index.php?rest_route=%2Fwp%2Fv2%2Ftags&post=63794"}],"curies":[{"name":"wp","href":"https:\/\/api.w.org\/{rel}","templated":true}]}}