{"id":63788,"date":"2026-01-28T22:16:35","date_gmt":"2026-01-29T01:16:35","guid":{"rendered":"https:\/\/radiorevelacionfm.cl\/?p=63788"},"modified":"2026-01-28T22:16:35","modified_gmt":"2026-01-29T01:16:35","slug":"vacaciones-en-mi-jardin-entrega-experiencias-de-juego-bienestar-y-aprendizaje-a-mas-de-130-ninas-y-ninos","status":"publish","type":"post","link":"https:\/\/radiorevelacionfm.cl\/?p=63788","title":{"rendered":"Vacaciones en Mi Jard\u00edn entrega experiencias de juego, bienestar y aprendizaje a m\u00e1s de 130 ni\u00f1as y ni\u00f1os"},"content":{"rendered":"<div class=\"flex_column av_one_full  flex_column_div av-zero-column-padding first  avia-builder-el-0  el_before_av_one_full  avia-builder-el-first  \" style='border-radius:0px; '><div  class='avia-image-container  av-styling-    avia-builder-el-1  avia-builder-el-no-sibling  avia-align-center '  itemprop=\"image\" itemscope=\"itemscope\" itemtype=\"https:\/\/schema.org\/ImageObject\"  ><div class='avia-image-container-inner'><div class='avia-image-overlay-wrap'><img decoding=\"async\" class='wp-image-63789 avia-img-lazy-loading-not-63789 avia_image' src=\"https:\/\/radiorevelacionfm.cl\/wp-content\/uploads\/2026\/01\/3-98-1-1.jpeg\" alt='' title='3 (98) (1) (1)' height=\"720\" width=\"803\"  itemprop=\"thumbnailUrl\" srcset=\"https:\/\/radiorevelacionfm.cl\/wp-content\/uploads\/2026\/01\/3-98-1-1.jpeg 803w, https:\/\/radiorevelacionfm.cl\/wp-content\/uploads\/2026\/01\/3-98-1-1-300x269.jpeg 300w, https:\/\/radiorevelacionfm.cl\/wp-content\/uploads\/2026\/01\/3-98-1-1-768x689.jpeg 768w, https:\/\/radiorevelacionfm.cl\/wp-content\/uploads\/2026\/01\/3-98-1-1-705x632.jpeg 705w, https:\/\/radiorevelacionfm.cl\/wp-content\/uploads\/2026\/01\/3-98-1-1-450x403.jpeg 450w, https:\/\/radiorevelacionfm.cl\/wp-content\/uploads\/2026\/01\/3-98-1-1-600x538.jpeg 600w\" sizes=\"(max-width: 803px) 100vw, 803px\" \/><\/div><\/div><\/div><\/div>\n<div class=\"flex_column av_one_full  flex_column_div av-zero-column-padding first  avia-builder-el-2  el_after_av_one_full  el_before_av_one_full  column-top-margin\" style='border-radius:0px; '><section class=\"av_textblock_section \"  itemscope=\"itemscope\" itemtype=\"https:\/\/schema.org\/BlogPosting\" itemprop=\"blogPost\" ><div class='avia_textblock  '   itemprop=\"text\" ><p style=\"text-align: center;\"><strong><span style=\"font-size: 18pt;\">Vacaciones en Mi Jard\u00edn entrega experiencias de juego, bienestar y aprendizaje a m\u00e1s de 130 ni\u00f1as y ni\u00f1os<\/span><\/strong><\/p>\n<div id=\"gtx-trans\" style=\"position: absolute; left: -50px; top: 4.31534px;\">\n<div class=\"gtx-trans-icon\"><\/div>\n<\/div>\n<\/div><\/section><\/div><div class=\"flex_column av_one_full  flex_column_div av-zero-column-padding first  avia-builder-el-4  el_after_av_one_full  el_before_av_hr  column-top-margin\" style='border-radius:0px; '><section class=\"av_textblock_section \"  itemscope=\"itemscope\" itemtype=\"https:\/\/schema.org\/BlogPosting\" itemprop=\"blogPost\" ><div class='avia_textblock  '   itemprop=\"text\" ><p style=\"font-weight: 400; text-align: justify;\"><em>Las salas cuna y jardines infantiles \u201cLas Araucarias\u201d y \u201cLos Chilcos\u201d de Fundaci\u00f3n Integra han desarrollado durante el verano una propuesta educativa centrada en el juego, la contenci\u00f3n emocional y el disfrute de ni\u00f1as y ni\u00f1os.<\/em><\/p>\n<p style=\"font-weight: 400; text-align: justify;\">Con actividades l\u00fadicas, art\u00edsticas y de exploraci\u00f3n del entorno, el programa Vacaciones en Mi Jard\u00edn (VMJ) 2026 de Fundaci\u00f3n Integra se ha convertido en un espacio de encuentro, cuidado y aprendizaje para m\u00e1s de 130 ni\u00f1as y ni\u00f1os de la regi\u00f3n de Ays\u00e9n, entregando continuidad educativa en un periodo clave para su desarrollo.<\/p>\n<p style=\"font-weight: 400; text-align: justify;\">Un positivo balance realizan los equipos educativos de las salas cuna y jardines infantiles (SC y JI) \u201cLas Araucarias\u201d en Coyhaique y \u201cLos Chilcos\u201d en Puerto Ays\u00e9n, a tres semanas de comenzado el programa Vacaciones en Mi Jard\u00edn, iniciativa institucional que se desarrolla durante el periodo estival con foco en el bienestar integral de ni\u00f1as y ni\u00f1os.<\/p>\n<p style=\"font-weight: 400; text-align: justify;\">A trav\u00e9s de experiencias centradas en el juego libre, el arte, la m\u00fasica, la exploraci\u00f3n sensorial y el v\u00ednculo con la naturaleza, los equipos han generado espacios donde las ni\u00f1as y ni\u00f1os contin\u00faan aprendiendo en ambientes afectivos, seguros y respetuosos de sus intereses y ritmos.<\/p>\n<p style=\"font-weight: 400; text-align: justify;\">Durante estas semanas, las comunidades educativas han impulsado actividades como circuitos de psicomotricidad, jornadas de juegos de agua, talleres de expresi\u00f3n art\u00edstica, momentos de lectura al aire libre y din\u00e1micas de exploraci\u00f3n del entorno natural, favoreciendo la curiosidad, la autonom\u00eda y la convivencia entre pares.<\/p>\n<p style=\"font-weight: 400; text-align: justify;\">Adem\u00e1s, el programa ha permitido mantener rutinas de cuidado fundamentales como la alimentaci\u00f3n equilibrada, el descanso y la contenci\u00f3n emocional, aspectos clave para el desarrollo integral en la primera infancia.<\/p>\n<p style=\"font-weight: 400; text-align: justify;\">Viviana Campos, directora del JI y SC \u201cLas Araucarias\u201d destaca que \u201chemos tenido buena asistencia. Las actividades pedag\u00f3gicas han sido en torno al juego, con actividades muy variadas, al aire libre y donde ni\u00f1as y ni\u00f1os son protagonistas de las actividades que les hemos preparado como equipo\u201d. A la vez refuerza que \u201cdurante estos d\u00edas hemos estado programando algunas salidas pedag\u00f3gicas pero siempre como foco principal que las ni\u00f1as y ni\u00f1os lo pasen bien\u201d.<\/p>\n<p style=\"font-weight: 400; text-align: justify;\">En Coyhaique, el jard\u00edn infantil Las Araucarias ha recibido a 79 ni\u00f1as y ni\u00f1os, quienes han participado activamente en experiencias pensadas para que el verano tambi\u00e9n sea un tiempo de descubrimiento, juego y socializaci\u00f3n.<\/p>\n<p style=\"font-weight: 400; text-align: justify;\">Por su parte, en Puerto Ays\u00e9n, el jard\u00edn infantil Los Chilcos ha desarrollado su programaci\u00f3n con 52 ni\u00f1as y ni\u00f1os, promoviendo experiencias educativas pertinentes al territorio y fortaleciendo los v\u00ednculos entre pares y con los equipos educativos.<\/p>\n<p style=\"font-weight: 400; text-align: justify;\">Jacqueline Coliboro, directora de la SC y JI \u201cLos Chilcos\u201d recalca que \u201cestamos proyectando un cierre del VMJ en conjunto con las familias y las redes, porque nos damos cuenta y sabemos de lo importante que son estos para el desarrollo pleno de ni\u00f1as y ni\u00f1os\u201d. A la vez destac\u00f3 que estas semanas \u201chan sido enriquecedoras y muy agradecida del equipo educativo conformado ya que ha permitido que todo lo planificado resulte como lo hemos planeado\u201d.<\/p>\n<p style=\"font-weight: 400; text-align: justify;\">El programa Vacaciones en Mi Jard\u00edn forma parte del compromiso de Fundaci\u00f3n Integra por garantizar espacios educativos de calidad durante todo el a\u00f1o, resguardando el derecho de ni\u00f1as y ni\u00f1os a jugar, aprender y desarrollarse en ambientes bientratantes.<\/p>\n<p style=\"font-weight: 400; text-align: justify;\">Finalmente, desde Integra invitan a las familias a seguir confiando en los jardines infantiles como espacios donde ni\u00f1as y ni\u00f1os crecen, aprenden y son protagonistas de sus propios procesos, en entornos que combinan educaci\u00f3n, cuidado y afecto.<\/p>\n<\/div><\/section><\/div><\/p>\n<div  style='height:50px' class='hr hr-invisible   avia-builder-el-6  el_after_av_one_full  el_before_av_social_share '><span class='hr-inner ' ><span class='hr-inner-style'><\/span><\/span><\/div>\n<div  class='av-social-sharing-box  avia-builder-el-7  el_after_av_hr  el_before_av_hr  '><div class='av-share-box'><h5 class='av-share-link-description av-no-toc '>Compartir esta noticia<\/h5><ul class='av-share-box-list noLightbox'><li class='av-share-link av-social-link-facebook' ><a target=\"_blank\" aria-label=\"Compartir en Facebook\" href='https:\/\/www.facebook.com\/sharer.php?u=https:\/\/radiorevelacionfm.cl\/?p=63788&#038;t=Vacaciones%20en%20Mi%20Jard%C3%ADn%20entrega%20experiencias%20de%20juego%2C%20bienestar%20y%20aprendizaje%20a%20m%C3%A1s%20de%20130%20ni%C3%B1as%20y%20ni%C3%B1os' aria-hidden='false' data-av_icon='\ue8f3' data-av_iconfont='entypo-fontello' title='' data-avia-related-tooltip='Compartir en Facebook' rel=\"noopener\"><span class='avia_hidden_link_text'>Compartir en Facebook<\/span><\/a><\/li><li class='av-share-link av-social-link-twitter' ><a target=\"_blank\" aria-label=\"Compartir en Twitter\" href='https:\/\/twitter.com\/share?text=Vacaciones%20en%20Mi%20Jard%C3%ADn%20entrega%20experiencias%20de%20juego%2C%20bienestar%20y%20aprendizaje%20a%20m%C3%A1s%20de%20130%20ni%C3%B1as%20y%20ni%C3%B1os&#038;url=https:\/\/radiorevelacionfm.cl\/?p=63788' aria-hidden='false' data-av_icon='\ue8f1' data-av_iconfont='entypo-fontello' title='' data-avia-related-tooltip='Compartir en Twitter' rel=\"noopener\"><span class='avia_hidden_link_text'>Compartir en Twitter<\/span><\/a><\/li><li class='av-share-link av-social-link-whatsapp' ><a target=\"_blank\" aria-label=\"Compartir en Whatsapp\" href='https:\/\/api.whatsapp.com\/send?text=https:\/\/radiorevelacionfm.cl\/?p=63788' aria-hidden='false' data-av_icon='\uf232' data-av_iconfont='entypo-fontello' title='' data-avia-related-tooltip='Compartir en Whatsapp' rel=\"noopener\"><span class='avia_hidden_link_text'>Compartir en Whatsapp<\/span><\/a><\/li><li class='av-share-link av-social-link-linkedin' ><a target=\"_blank\" aria-label=\"Compartir en LinkedIn\" href='https:\/\/linkedin.com\/shareArticle?mini=true&#038;title=Vacaciones%20en%20Mi%20Jard%C3%ADn%20entrega%20experiencias%20de%20juego%2C%20bienestar%20y%20aprendizaje%20a%20m%C3%A1s%20de%20130%20ni%C3%B1as%20y%20ni%C3%B1os&#038;url=https:\/\/radiorevelacionfm.cl\/?p=63788' aria-hidden='false' data-av_icon='\ue8fc' data-av_iconfont='entypo-fontello' title='' data-avia-related-tooltip='Compartir en LinkedIn' rel=\"noopener\"><span class='avia_hidden_link_text'>Compartir en LinkedIn<\/span><\/a><\/li><li class='av-share-link av-social-link-mail' ><a  aria-label=\"Compartir por correo\" href='mailto:?subject=Vacaciones%20en%20Mi%20Jard%C3%ADn%20entrega%20experiencias%20de%20juego%2C%20bienestar%20y%20aprendizaje%20a%20m%C3%A1s%20de%20130%20ni%C3%B1as%20y%20ni%C3%B1os&#038;body=https:\/\/radiorevelacionfm.cl\/?p=63788' aria-hidden='false' data-av_icon='\ue805' data-av_iconfont='entypo-fontello' title='' data-avia-related-tooltip='Compartir por correo'><span class='avia_hidden_link_text'>Compartir por correo<\/span><\/a><\/li><\/ul><\/div><\/div>\n<div  style='height:50px' class='hr hr-invisible   avia-builder-el-8  el_after_av_social_share  el_before_av_comments_list '><span class='hr-inner ' ><span class='hr-inner-style'><\/span><\/span><\/div>\n<div  class='av-buildercomment  av-blog-meta-html-info-disabled av-blog-meta-tag-disabled  '><\/div>\n","protected":false},"excerpt":{"rendered":"","protected":false},"author":1,"featured_media":63789,"comment_status":"closed","ping_status":"closed","sticky":false,"template":"","format":"standard","meta":{"footnotes":""},"categories":[49],"tags":[],"class_list":["post-63788","post","type-post","status-publish","format-standard","has-post-thumbnail","hentry","category-educacion"],"jetpack_featured_media_url":"https:\/\/radiorevelacionfm.cl\/wp-content\/uploads\/2026\/01\/3-98-1-1.jpeg","_links":{"self":[{"href":"https:\/\/radiorevelacionfm.cl\/index.php?rest_route=\/wp\/v2\/posts\/63788","targetHints":{"allow":["GET"]}}],"collection":[{"href":"https:\/\/radiorevelacionfm.cl\/index.php?rest_route=\/wp\/v2\/posts"}],"about":[{"href":"https:\/\/radiorevelacionfm.cl\/index.php?rest_route=\/wp\/v2\/types\/post"}],"author":[{"embeddable":true,"href":"https:\/\/radiorevelacionfm.cl\/index.php?rest_route=\/wp\/v2\/users\/1"}],"replies":[{"embeddable":true,"href":"https:\/\/radiorevelacionfm.cl\/index.php?rest_route=%2Fwp%2Fv2%2Fcomments&post=63788"}],"version-history":[{"count":3,"href":"https:\/\/radiorevelacionfm.cl\/index.php?rest_route=\/wp\/v2\/posts\/63788\/revisions"}],"predecessor-version":[{"id":63825,"href":"https:\/\/radiorevelacionfm.cl\/index.php?rest_route=\/wp\/v2\/posts\/63788\/revisions\/63825"}],"wp:featuredmedia":[{"embeddable":true,"href":"https:\/\/radiorevelacionfm.cl\/index.php?rest_route=\/wp\/v2\/media\/63789"}],"wp:attachment":[{"href":"https:\/\/radiorevelacionfm.cl\/index.php?rest_route=%2Fwp%2Fv2%2Fmedia&parent=63788"}],"wp:term":[{"taxonomy":"category","embeddable":true,"href":"https:\/\/radiorevelacionfm.cl\/index.php?rest_route=%2Fwp%2Fv2%2Fcategories&post=63788"},{"taxonomy":"post_tag","embeddable":true,"href":"https:\/\/radiorevelacionfm.cl\/index.php?rest_route=%2Fwp%2Fv2%2Ftags&post=63788"}],"curies":[{"name":"wp","href":"https:\/\/api.w.org\/{rel}","templated":true}]}}