{"id":63786,"date":"2026-01-28T18:32:05","date_gmt":"2026-01-28T21:32:05","guid":{"rendered":"https:\/\/radiorevelacionfm.cl\/?p=63786"},"modified":"2026-01-28T23:25:50","modified_gmt":"2026-01-29T02:25:50","slug":"juzgado-de-garantia-de-puerto-aysen-decreta-el-arresto-domiciliario-de-imputado-por-incendio-y-amenazas","status":"publish","type":"post","link":"https:\/\/radiorevelacionfm.cl\/?p=63786","title":{"rendered":"Juzgado de Garant\u00eda de Puerto Ays\u00e9n decreta el arresto domiciliario de imputado por incendio y amenazas, ocurrido en Puerto Aguirre"},"content":{"rendered":"<div class=\"flex_column av_one_full  flex_column_div av-zero-column-padding first  avia-builder-el-0  el_before_av_one_full  avia-builder-el-first  \" style='border-radius:0px; '><div  class='avia-image-container  av-styling-    avia-builder-el-1  avia-builder-el-no-sibling  avia-align-center '  itemprop=\"image\" itemscope=\"itemscope\" itemtype=\"https:\/\/schema.org\/ImageObject\"  ><div class='avia-image-container-inner'><div class='avia-image-overlay-wrap'><img decoding=\"async\" class='wp-image-63827 avia-img-lazy-loading-not-63827 avia_image' src=\"https:\/\/radiorevelacionfm.cl\/wp-content\/uploads\/2026\/01\/puerto-aguirre_embarcacion-quemada-1_optimized.jpg\" alt='' title='puerto-aguirre_embarcacion-quemada-(1)_optimized' height=\"600\" width=\"819\"  itemprop=\"thumbnailUrl\" srcset=\"https:\/\/radiorevelacionfm.cl\/wp-content\/uploads\/2026\/01\/puerto-aguirre_embarcacion-quemada-1_optimized.jpg 819w, https:\/\/radiorevelacionfm.cl\/wp-content\/uploads\/2026\/01\/puerto-aguirre_embarcacion-quemada-1_optimized-300x220.jpg 300w, https:\/\/radiorevelacionfm.cl\/wp-content\/uploads\/2026\/01\/puerto-aguirre_embarcacion-quemada-1_optimized-768x563.jpg 768w, https:\/\/radiorevelacionfm.cl\/wp-content\/uploads\/2026\/01\/puerto-aguirre_embarcacion-quemada-1_optimized-705x516.jpg 705w, https:\/\/radiorevelacionfm.cl\/wp-content\/uploads\/2026\/01\/puerto-aguirre_embarcacion-quemada-1_optimized-450x330.jpg 450w, https:\/\/radiorevelacionfm.cl\/wp-content\/uploads\/2026\/01\/puerto-aguirre_embarcacion-quemada-1_optimized-600x440.jpg 600w\" sizes=\"(max-width: 819px) 100vw, 819px\" \/><\/div><\/div><\/div><\/div><div class=\"flex_column av_one_full  flex_column_div av-zero-column-padding first  avia-builder-el-2  el_after_av_one_full  el_before_av_one_full  column-top-margin\" style='border-radius:0px; '><section class=\"av_textblock_section \"  itemscope=\"itemscope\" itemtype=\"https:\/\/schema.org\/BlogPosting\" itemprop=\"blogPost\" ><div class='avia_textblock  '   itemprop=\"text\" ><p style=\"text-align: center;\"><span style=\"font-size: 18pt;\"><b>Juzgado de Garant\u00eda de Puerto Ays\u00e9n decreta el arresto domiciliario de imputado por incendio y amenazas, ocurrido en Puerto Aguirre<\/b><\/span><\/p>\n<div id=\"gtx-trans\" style=\"position: absolute; left: -50px; top: 4.31534px;\">\n<div class=\"gtx-trans-icon\"><\/div>\n<\/div>\n<\/div><\/section><\/div><\/p>\n<div class=\"flex_column av_one_full  flex_column_div av-zero-column-padding first  avia-builder-el-4  el_after_av_one_full  el_before_av_hr  column-top-margin\" style='border-radius:0px; '><section class=\"av_textblock_section \"  itemscope=\"itemscope\" itemtype=\"https:\/\/schema.org\/BlogPosting\" itemprop=\"blogPost\" ><div class='avia_textblock  '   itemprop=\"text\" ><p style=\"font-weight: 400; text-align: justify;\">El Juzgado de Garant\u00eda de Puerto Ays\u00e9n dej\u00f3 hoy \u2013mi\u00e9rcoles 28 de enero\u2013 sujeto a las medidas cautelares de arresto domiciliario total y prohibici\u00f3n de acercarse a la v\u00edctima a C.E.F.M., imputado por el Ministerio P\u00fablico como autor de los delitos de incendio y amenazas simples. Il\u00edcitos perpetrados el fin de semana reci\u00e9n pasado, en la localidad de Puerto Aguirre.<\/p>\n<p style=\"font-weight: 400; text-align: justify;\">En la audiencia de formalizaci\u00f3n (causa rol 105-2026), el magistrado Daniel Henr\u00edquez no acogi\u00f3 la solicitud de prisi\u00f3n preventiva impetrada por la fiscal\u00eda, al estimar que las medidas cautelares decretadas resultan suficientes para asegurar los fines del procedimiento y que, adem\u00e1s, el imputado cuenta con irreprochable conducta anterior y se present\u00f3 ante Carabineros sin que existiera una orden de detenci\u00f3n en su contra. Adem\u00e1s, fij\u00f3 en 90 d\u00edas el plazo de investigaci\u00f3n.<\/p>\n<p style=\"font-weight: 400; text-align: justify;\">Seg\u00fan el ente persecutor, en las primeras horas de la madrugada del 25 de enero de 2026, el imputado habr\u00eda concurrido hasta el domicilio de la v\u00edctima, lugar donde procedi\u00f3 a amenazarla verbales. Posteriormente, alrededor de las 03:00 horas, lleg\u00f3 hasta la explanada del muelle artesanal de Puerto Aguirre, lugar donde le prendi\u00f3 fuego a la embarcaci\u00f3n Sol de Am\u00e9rica, de propiedad de la v\u00edctima.<\/p>\n<p style=\"font-weight: 400; text-align: justify;\">A consecuencia del siniestro, la nave result\u00f3 con p\u00e9rdida total, con da\u00f1os avaluados en $4.520.000, propag\u00e1ndose adem\u00e1s el fuego a una segunda embarcaci\u00f3n. El informe pericial evacuado por el Laboratorio de Criminal\u00edstica de Carabineros (Labocar), descart\u00f3 fallas el\u00e9ctricas o mec\u00e1nicas y concluy\u00f3 que el incendio fue provocado por acci\u00f3n humana voluntaria mediante una fuente cal\u00f3rica m\u00f3vil.<\/p>\n<\/div><\/section><\/div>\n<div  style='height:50px' class='hr hr-invisible   avia-builder-el-6  el_after_av_one_full  el_before_av_social_share '><span class='hr-inner ' ><span class='hr-inner-style'><\/span><\/span><\/div>\n<div  class='av-social-sharing-box  avia-builder-el-7  el_after_av_hr  el_before_av_hr  '><div class='av-share-box'><h5 class='av-share-link-description av-no-toc '>Compartir esta noticia<\/h5><ul class='av-share-box-list noLightbox'><li class='av-share-link av-social-link-facebook' ><a target=\"_blank\" aria-label=\"Compartir en Facebook\" href='https:\/\/www.facebook.com\/sharer.php?u=https:\/\/radiorevelacionfm.cl\/?p=63786&#038;t=Juzgado%20de%20Garant%C3%ADa%20de%20Puerto%20Ays%C3%A9n%20decreta%20el%20arresto%20domiciliario%20de%20imputado%20por%20incendio%20y%20amenazas%2C%20ocurrido%20en%20Puerto%20Aguirre' aria-hidden='false' data-av_icon='\ue8f3' data-av_iconfont='entypo-fontello' title='' data-avia-related-tooltip='Compartir en Facebook' rel=\"noopener\"><span class='avia_hidden_link_text'>Compartir en Facebook<\/span><\/a><\/li><li class='av-share-link av-social-link-twitter' ><a target=\"_blank\" aria-label=\"Compartir en Twitter\" href='https:\/\/twitter.com\/share?text=Juzgado%20de%20Garant%C3%ADa%20de%20Puerto%20Ays%C3%A9n%20decreta%20el%20arresto%20domiciliario%20de%20imputado%20por%20incendio%20y%20amenazas%2C%20ocurrido%20en%20Puerto%20Aguirre&#038;url=https:\/\/radiorevelacionfm.cl\/?p=63786' aria-hidden='false' data-av_icon='\ue8f1' data-av_iconfont='entypo-fontello' title='' data-avia-related-tooltip='Compartir en Twitter' rel=\"noopener\"><span class='avia_hidden_link_text'>Compartir en Twitter<\/span><\/a><\/li><li class='av-share-link av-social-link-whatsapp' ><a target=\"_blank\" aria-label=\"Compartir en Whatsapp\" href='https:\/\/api.whatsapp.com\/send?text=https:\/\/radiorevelacionfm.cl\/?p=63786' aria-hidden='false' data-av_icon='\uf232' data-av_iconfont='entypo-fontello' title='' data-avia-related-tooltip='Compartir en Whatsapp' rel=\"noopener\"><span class='avia_hidden_link_text'>Compartir en Whatsapp<\/span><\/a><\/li><li class='av-share-link av-social-link-linkedin' ><a target=\"_blank\" aria-label=\"Compartir en LinkedIn\" href='https:\/\/linkedin.com\/shareArticle?mini=true&#038;title=Juzgado%20de%20Garant%C3%ADa%20de%20Puerto%20Ays%C3%A9n%20decreta%20el%20arresto%20domiciliario%20de%20imputado%20por%20incendio%20y%20amenazas%2C%20ocurrido%20en%20Puerto%20Aguirre&#038;url=https:\/\/radiorevelacionfm.cl\/?p=63786' aria-hidden='false' data-av_icon='\ue8fc' data-av_iconfont='entypo-fontello' title='' data-avia-related-tooltip='Compartir en LinkedIn' rel=\"noopener\"><span class='avia_hidden_link_text'>Compartir en LinkedIn<\/span><\/a><\/li><li class='av-share-link av-social-link-mail' ><a  aria-label=\"Compartir por correo\" href='mailto:?subject=Juzgado%20de%20Garant%C3%ADa%20de%20Puerto%20Ays%C3%A9n%20decreta%20el%20arresto%20domiciliario%20de%20imputado%20por%20incendio%20y%20amenazas%2C%20ocurrido%20en%20Puerto%20Aguirre&#038;body=https:\/\/radiorevelacionfm.cl\/?p=63786' aria-hidden='false' data-av_icon='\ue805' data-av_iconfont='entypo-fontello' title='' data-avia-related-tooltip='Compartir por correo'><span class='avia_hidden_link_text'>Compartir por correo<\/span><\/a><\/li><\/ul><\/div><\/div>\n<div  style='height:50px' class='hr hr-invisible   avia-builder-el-8  el_after_av_social_share  el_before_av_comments_list '><span class='hr-inner ' ><span class='hr-inner-style'><\/span><\/span><\/div>\n<div  class='av-buildercomment  av-blog-meta-html-info-disabled av-blog-meta-tag-disabled  '><\/div>\n","protected":false},"excerpt":{"rendered":"","protected":false},"author":1,"featured_media":63827,"comment_status":"closed","ping_status":"closed","sticky":false,"template":"","format":"standard","meta":{"footnotes":""},"categories":[55],"tags":[],"class_list":["post-63786","post","type-post","status-publish","format-standard","has-post-thumbnail","hentry","category-justicia"],"jetpack_featured_media_url":"https:\/\/radiorevelacionfm.cl\/wp-content\/uploads\/2026\/01\/puerto-aguirre_embarcacion-quemada-1_optimized.jpg","_links":{"self":[{"href":"https:\/\/radiorevelacionfm.cl\/index.php?rest_route=\/wp\/v2\/posts\/63786","targetHints":{"allow":["GET"]}}],"collection":[{"href":"https:\/\/radiorevelacionfm.cl\/index.php?rest_route=\/wp\/v2\/posts"}],"about":[{"href":"https:\/\/radiorevelacionfm.cl\/index.php?rest_route=\/wp\/v2\/types\/post"}],"author":[{"embeddable":true,"href":"https:\/\/radiorevelacionfm.cl\/index.php?rest_route=\/wp\/v2\/users\/1"}],"replies":[{"embeddable":true,"href":"https:\/\/radiorevelacionfm.cl\/index.php?rest_route=%2Fwp%2Fv2%2Fcomments&post=63786"}],"version-history":[{"count":4,"href":"https:\/\/radiorevelacionfm.cl\/index.php?rest_route=\/wp\/v2\/posts\/63786\/revisions"}],"predecessor-version":[{"id":63826,"href":"https:\/\/radiorevelacionfm.cl\/index.php?rest_route=\/wp\/v2\/posts\/63786\/revisions\/63826"}],"wp:featuredmedia":[{"embeddable":true,"href":"https:\/\/radiorevelacionfm.cl\/index.php?rest_route=\/wp\/v2\/media\/63827"}],"wp:attachment":[{"href":"https:\/\/radiorevelacionfm.cl\/index.php?rest_route=%2Fwp%2Fv2%2Fmedia&parent=63786"}],"wp:term":[{"taxonomy":"category","embeddable":true,"href":"https:\/\/radiorevelacionfm.cl\/index.php?rest_route=%2Fwp%2Fv2%2Fcategories&post=63786"},{"taxonomy":"post_tag","embeddable":true,"href":"https:\/\/radiorevelacionfm.cl\/index.php?rest_route=%2Fwp%2Fv2%2Ftags&post=63786"}],"curies":[{"name":"wp","href":"https:\/\/api.w.org\/{rel}","templated":true}]}}