{"id":63782,"date":"2026-01-28T15:59:22","date_gmt":"2026-01-28T18:59:22","guid":{"rendered":"https:\/\/radiorevelacionfm.cl\/?p=63782"},"modified":"2026-01-28T15:59:22","modified_gmt":"2026-01-28T18:59:22","slug":"uaysen-abre-segunda-convocatoria-del-programa-de-insercion-laboral-para-tituladas-y-titulados","status":"publish","type":"post","link":"https:\/\/radiorevelacionfm.cl\/?p=63782","title":{"rendered":"UAys\u00e9n abre segunda convocatoria del Programa de Inserci\u00f3n Laboral para tituladas y titulados"},"content":{"rendered":"<div class=\"flex_column av_one_full  flex_column_div av-zero-column-padding first  avia-builder-el-0  el_before_av_one_full  avia-builder-el-first  \" style='border-radius:0px; '><div  class='avia-image-container  av-styling-    avia-builder-el-1  avia-builder-el-no-sibling  avia-align-center '  itemprop=\"image\" itemscope=\"itemscope\" itemtype=\"https:\/\/schema.org\/ImageObject\"  ><div class='avia-image-container-inner'><div class='avia-image-overlay-wrap'><img decoding=\"async\" class='wp-image-63783 avia-img-lazy-loading-not-63783 avia_image' src=\"https:\/\/radiorevelacionfm.cl\/wp-content\/uploads\/2026\/01\/dsc09916-1_optimized.jpg\" alt='' title='dsc09916-(1)_optimized' height=\"600\" width=\"900\"  itemprop=\"thumbnailUrl\" srcset=\"https:\/\/radiorevelacionfm.cl\/wp-content\/uploads\/2026\/01\/dsc09916-1_optimized.jpg 900w, https:\/\/radiorevelacionfm.cl\/wp-content\/uploads\/2026\/01\/dsc09916-1_optimized-300x200.jpg 300w, https:\/\/radiorevelacionfm.cl\/wp-content\/uploads\/2026\/01\/dsc09916-1_optimized-768x512.jpg 768w, https:\/\/radiorevelacionfm.cl\/wp-content\/uploads\/2026\/01\/dsc09916-1_optimized-705x470.jpg 705w, https:\/\/radiorevelacionfm.cl\/wp-content\/uploads\/2026\/01\/dsc09916-1_optimized-450x300.jpg 450w, https:\/\/radiorevelacionfm.cl\/wp-content\/uploads\/2026\/01\/dsc09916-1_optimized-600x400.jpg 600w\" sizes=\"(max-width: 900px) 100vw, 900px\" \/><\/div><\/div><\/div><\/div><div class=\"flex_column av_one_full  flex_column_div av-zero-column-padding first  avia-builder-el-2  el_after_av_one_full  el_before_av_one_full  column-top-margin\" style='border-radius:0px; '><section class=\"av_textblock_section \"  itemscope=\"itemscope\" itemtype=\"https:\/\/schema.org\/BlogPosting\" itemprop=\"blogPost\" ><div class='avia_textblock  '   itemprop=\"text\" ><p style=\"text-align: center;\"><strong><span style=\"font-size: 18pt;\">UAys\u00e9n abre segunda convocatoria del Programa de Inserci\u00f3n Laboral para tituladas y titulados<\/span><\/strong><\/p>\n<div id=\"gtx-trans\" style=\"position: absolute; left: -50px; top: 4.31534px;\">\n<div class=\"gtx-trans-icon\"><\/div>\n<\/div>\n<\/div><\/section><\/div><div class=\"flex_column av_one_full  flex_column_div av-zero-column-padding first  avia-builder-el-4  el_after_av_one_full  el_before_av_hr  column-top-margin\" style='border-radius:0px; '><section class=\"av_textblock_section \"  itemscope=\"itemscope\" itemtype=\"https:\/\/schema.org\/BlogPosting\" itemprop=\"blogPost\" ><div class='avia_textblock  '   itemprop=\"text\" ><p style=\"text-align: justify;\"><em>La segunda convocatoria del programa permitir\u00e1 a tituladas y titulados integrarse por un a\u00f1o a organizaciones del territorio, contribuyendo al desarrollo regional y al fortalecimiento del capital humano local.<\/em><\/p>\n<p style=\"text-align: justify;\">La Universidad de Ays\u00e9n abri\u00f3 las inscripciones para la segunda convocatoria de su Programa de Inserci\u00f3n Laboral, iniciativa dirigida a sus tituladas y titulados que busca fortalecer su empleabilidad y facilitar su inserci\u00f3n en el mercado laboral regional, en articulaci\u00f3n con instituciones p\u00fablicas, privadas, acad\u00e9micas y de la sociedad civil de la Regi\u00f3n de Ays\u00e9n.<\/p>\n<p style=\"text-align: justify;\">En esta nueva convocatoria, el programa se implementa a trav\u00e9s de la etapa Desaf\u00edos Territoriales para la Inserci\u00f3n Laboral Alumni UAys\u00e9n, la cual contempla la asignaci\u00f3n de 15 cupos laborales por un per\u00edodo de 12 meses, permitiendo a las y los profesionales integrarse a organizaciones que enfrentan desaf\u00edos concretos vinculados al desarrollo del territorio.<\/p>\n<p style=\"text-align: justify;\">El dise\u00f1o del programa fue desarrollado de manera colaborativa junto a la Comisi\u00f3n de Trabajo de Inserci\u00f3n Laboral, integrada por miembros del Consejo Social y jefaturas de carrera de la Universidad de Ays\u00e9n. Este trabajo conjunto permiti\u00f3 definir \u00e1reas estrat\u00e9gicas de inserci\u00f3n laboral, respondiendo a necesidades reales de la regi\u00f3n, tales como el fortalecimiento de la atenci\u00f3n en salud, el cuidado del medioambiente, el turismo, la energ\u00eda, los encadenamientos productivos y el sector silvoagropecuario.<\/p>\n<p style=\"text-align: justify;\">El Director de Vinculaci\u00f3n con el Medio de la UAys\u00e9n, Marcelo Sanhueza, invita a las instituciones de la Regi\u00f3n de Ays\u00e9n a participar de este programa, se\u00f1alando que \u201cbusca vincular a titulados y tituladas de la universidad con desaf\u00edos reales de desarrollo territorial. A trav\u00e9s de este programa, instituciones p\u00fablicas, privadas y de la sociedad civil pueden postular proyectos para incorporar a profesionales egresados por un per\u00edodo de 12 meses, contribuyendo al fortalecimiento de \u00e1reas como medioambiente, salud, energ\u00eda y el sector silvoagropecuario\u201d, puntualiz\u00f3.<\/p>\n<p style=\"text-align: justify;\">Las personas interesadas en postular deben ingresar al sitio web\u00a0<a href=\"http:\/\/www.uaysen.cl\/programa-de-insercion-laboral\">www.uaysen.cl\/programa-de-insercion-laboral<\/a>, donde podr\u00e1n revisar las bases, el calendario del proceso y completar su postulaci\u00f3n de manera online, plazo que finaliza el lunes 02 de marzo. Para consultas o mayor informaci\u00f3n, est\u00e1 disponible el correo\u00a0<a href=\"mailto:red.titulados@uaysen.cl\">red.titulados@uaysen.cl<\/a>.<\/p>\n<\/div><\/section><\/div><div  style='height:50px' class='hr hr-invisible   avia-builder-el-6  el_after_av_one_full  el_before_av_social_share '><span class='hr-inner ' ><span class='hr-inner-style'><\/span><\/span><\/div><\/p>\n<div  class='av-social-sharing-box  avia-builder-el-7  el_after_av_hr  el_before_av_hr  '><div class='av-share-box'><h5 class='av-share-link-description av-no-toc '>Compartir esta noticia<\/h5><ul class='av-share-box-list noLightbox'><li class='av-share-link av-social-link-facebook' ><a target=\"_blank\" aria-label=\"Compartir en Facebook\" href='https:\/\/www.facebook.com\/sharer.php?u=https:\/\/radiorevelacionfm.cl\/?p=63782&#038;t=UAys%C3%A9n%20abre%20segunda%20convocatoria%20del%20Programa%20de%20Inserci%C3%B3n%20Laboral%20para%20tituladas%20y%20titulados' aria-hidden='false' data-av_icon='\ue8f3' data-av_iconfont='entypo-fontello' title='' data-avia-related-tooltip='Compartir en Facebook' rel=\"noopener\"><span class='avia_hidden_link_text'>Compartir en Facebook<\/span><\/a><\/li><li class='av-share-link av-social-link-twitter' ><a target=\"_blank\" aria-label=\"Compartir en Twitter\" href='https:\/\/twitter.com\/share?text=UAys%C3%A9n%20abre%20segunda%20convocatoria%20del%20Programa%20de%20Inserci%C3%B3n%20Laboral%20para%20tituladas%20y%20titulados&#038;url=https:\/\/radiorevelacionfm.cl\/?p=63782' aria-hidden='false' data-av_icon='\ue8f1' data-av_iconfont='entypo-fontello' title='' data-avia-related-tooltip='Compartir en Twitter' rel=\"noopener\"><span class='avia_hidden_link_text'>Compartir en Twitter<\/span><\/a><\/li><li class='av-share-link av-social-link-whatsapp' ><a target=\"_blank\" aria-label=\"Compartir en Whatsapp\" href='https:\/\/api.whatsapp.com\/send?text=https:\/\/radiorevelacionfm.cl\/?p=63782' aria-hidden='false' data-av_icon='\uf232' data-av_iconfont='entypo-fontello' title='' data-avia-related-tooltip='Compartir en Whatsapp' rel=\"noopener\"><span class='avia_hidden_link_text'>Compartir en Whatsapp<\/span><\/a><\/li><li class='av-share-link av-social-link-linkedin' ><a target=\"_blank\" aria-label=\"Compartir en LinkedIn\" href='https:\/\/linkedin.com\/shareArticle?mini=true&#038;title=UAys%C3%A9n%20abre%20segunda%20convocatoria%20del%20Programa%20de%20Inserci%C3%B3n%20Laboral%20para%20tituladas%20y%20titulados&#038;url=https:\/\/radiorevelacionfm.cl\/?p=63782' aria-hidden='false' data-av_icon='\ue8fc' data-av_iconfont='entypo-fontello' title='' data-avia-related-tooltip='Compartir en LinkedIn' rel=\"noopener\"><span class='avia_hidden_link_text'>Compartir en LinkedIn<\/span><\/a><\/li><li class='av-share-link av-social-link-mail' ><a  aria-label=\"Compartir por correo\" href='mailto:?subject=UAys%C3%A9n%20abre%20segunda%20convocatoria%20del%20Programa%20de%20Inserci%C3%B3n%20Laboral%20para%20tituladas%20y%20titulados&#038;body=https:\/\/radiorevelacionfm.cl\/?p=63782' aria-hidden='false' data-av_icon='\ue805' data-av_iconfont='entypo-fontello' title='' data-avia-related-tooltip='Compartir por correo'><span class='avia_hidden_link_text'>Compartir por correo<\/span><\/a><\/li><\/ul><\/div><\/div>\n<div  style='height:50px' class='hr hr-invisible   avia-builder-el-8  el_after_av_social_share  el_before_av_comments_list '><span class='hr-inner ' ><span class='hr-inner-style'><\/span><\/span><\/div>\n<div  class='av-buildercomment  av-blog-meta-html-info-disabled av-blog-meta-tag-disabled  '><\/div>\n","protected":false},"excerpt":{"rendered":"","protected":false},"author":1,"featured_media":63783,"comment_status":"closed","ping_status":"closed","sticky":false,"template":"","format":"standard","meta":{"footnotes":""},"categories":[49],"tags":[],"class_list":["post-63782","post","type-post","status-publish","format-standard","has-post-thumbnail","hentry","category-educacion"],"jetpack_featured_media_url":"https:\/\/radiorevelacionfm.cl\/wp-content\/uploads\/2026\/01\/dsc09916-1_optimized.jpg","_links":{"self":[{"href":"https:\/\/radiorevelacionfm.cl\/index.php?rest_route=\/wp\/v2\/posts\/63782","targetHints":{"allow":["GET"]}}],"collection":[{"href":"https:\/\/radiorevelacionfm.cl\/index.php?rest_route=\/wp\/v2\/posts"}],"about":[{"href":"https:\/\/radiorevelacionfm.cl\/index.php?rest_route=\/wp\/v2\/types\/post"}],"author":[{"embeddable":true,"href":"https:\/\/radiorevelacionfm.cl\/index.php?rest_route=\/wp\/v2\/users\/1"}],"replies":[{"embeddable":true,"href":"https:\/\/radiorevelacionfm.cl\/index.php?rest_route=%2Fwp%2Fv2%2Fcomments&post=63782"}],"version-history":[{"count":2,"href":"https:\/\/radiorevelacionfm.cl\/index.php?rest_route=\/wp\/v2\/posts\/63782\/revisions"}],"predecessor-version":[{"id":63785,"href":"https:\/\/radiorevelacionfm.cl\/index.php?rest_route=\/wp\/v2\/posts\/63782\/revisions\/63785"}],"wp:featuredmedia":[{"embeddable":true,"href":"https:\/\/radiorevelacionfm.cl\/index.php?rest_route=\/wp\/v2\/media\/63783"}],"wp:attachment":[{"href":"https:\/\/radiorevelacionfm.cl\/index.php?rest_route=%2Fwp%2Fv2%2Fmedia&parent=63782"}],"wp:term":[{"taxonomy":"category","embeddable":true,"href":"https:\/\/radiorevelacionfm.cl\/index.php?rest_route=%2Fwp%2Fv2%2Fcategories&post=63782"},{"taxonomy":"post_tag","embeddable":true,"href":"https:\/\/radiorevelacionfm.cl\/index.php?rest_route=%2Fwp%2Fv2%2Ftags&post=63782"}],"curies":[{"name":"wp","href":"https:\/\/api.w.org\/{rel}","templated":true}]}}