{"id":63779,"date":"2026-01-28T15:47:55","date_gmt":"2026-01-28T18:47:55","guid":{"rendered":"https:\/\/radiorevelacionfm.cl\/?p=63779"},"modified":"2026-01-28T15:47:55","modified_gmt":"2026-01-28T18:47:55","slug":"corte-de-coyhaique-confirma-la-prision-preventiva-de-imputado-por-cohecho-y-lavado-de-activos","status":"publish","type":"post","link":"https:\/\/radiorevelacionfm.cl\/?p=63779","title":{"rendered":"Corte de Coyhaique confirma la prisi\u00f3n preventiva de imputado por cohecho y lavado de activos"},"content":{"rendered":"<div class=\"flex_column av_one_full  flex_column_div av-zero-column-padding first  avia-builder-el-0  el_before_av_one_full  avia-builder-el-first  \" style='border-radius:0px; '><div  class='avia-image-container  av-styling-    avia-builder-el-1  avia-builder-el-no-sibling  avia-align-center '  itemprop=\"image\" itemscope=\"itemscope\" itemtype=\"https:\/\/schema.org\/ImageObject\"  ><div class='avia-image-container-inner'><div class='avia-image-overlay-wrap'><img decoding=\"async\" class='wp-image-45207 avia-img-lazy-loading-not-45207 avia_image' src=\"https:\/\/radiorevelacionfm.cl\/wp-content\/uploads\/2024\/08\/Foto-Corte-Coyhaique-01-2-1.jpeg\" alt='' title='Foto Corte Coyhaique 01 (2) (1)' height=\"600\" width=\"1326\"  itemprop=\"thumbnailUrl\" srcset=\"https:\/\/radiorevelacionfm.cl\/wp-content\/uploads\/2024\/08\/Foto-Corte-Coyhaique-01-2-1.jpeg 1326w, https:\/\/radiorevelacionfm.cl\/wp-content\/uploads\/2024\/08\/Foto-Corte-Coyhaique-01-2-1-300x136.jpeg 300w, https:\/\/radiorevelacionfm.cl\/wp-content\/uploads\/2024\/08\/Foto-Corte-Coyhaique-01-2-1-1030x466.jpeg 1030w, https:\/\/radiorevelacionfm.cl\/wp-content\/uploads\/2024\/08\/Foto-Corte-Coyhaique-01-2-1-768x348.jpeg 768w, https:\/\/radiorevelacionfm.cl\/wp-content\/uploads\/2024\/08\/Foto-Corte-Coyhaique-01-2-1-705x319.jpeg 705w, https:\/\/radiorevelacionfm.cl\/wp-content\/uploads\/2024\/08\/Foto-Corte-Coyhaique-01-2-1-450x204.jpeg 450w, https:\/\/radiorevelacionfm.cl\/wp-content\/uploads\/2024\/08\/Foto-Corte-Coyhaique-01-2-1-600x271.jpeg 600w\" sizes=\"(max-width: 1326px) 100vw, 1326px\" \/><\/div><\/div><\/div><\/div><div class=\"flex_column av_one_full  flex_column_div av-zero-column-padding first  avia-builder-el-2  el_after_av_one_full  el_before_av_one_full  column-top-margin\" style='border-radius:0px; '><section class=\"av_textblock_section \"  itemscope=\"itemscope\" itemtype=\"https:\/\/schema.org\/BlogPosting\" itemprop=\"blogPost\" ><div class='avia_textblock  '   itemprop=\"text\" ><p style=\"text-align: center;\"><span style=\"font-size: 18pt;\"><b><span lang=\"ES\">Corte de Coyhaique confirma la prisi\u00f3n preventiva de imputado por cohecho y lavado de activos<\/span><\/b><\/span><\/p>\n<div id=\"gtx-trans\" style=\"position: absolute; left: -50px; top: 4.31534px;\">\n<div class=\"gtx-trans-icon\"><\/div>\n<\/div>\n<\/div><\/section><\/div><div class=\"flex_column av_one_full  flex_column_div av-zero-column-padding first  avia-builder-el-4  el_after_av_one_full  el_before_av_hr  column-top-margin\" style='border-radius:0px; '><section class=\"av_textblock_section \"  itemscope=\"itemscope\" itemtype=\"https:\/\/schema.org\/BlogPosting\" itemprop=\"blogPost\" ><div class='avia_textblock  '   itemprop=\"text\" ><p style=\"font-weight: 400; text-align: justify;\">La Corte de Coyhaique rechaz\u00f3 el recurso de apelaci\u00f3n interpuesto por la defensa y confirm\u00f3 la resoluci\u00f3n que mantuvo en prisi\u00f3n preventiva de\u00a0E.G.G.S.,\u00a0imputado por el Ministerio P\u00fablico como autor de delitos reiterados de cohecho y lavado de activos, en el marco de la obtenci\u00f3n irregular de licencias de conducir.<\/p>\n<p style=\"font-weight: 400; text-align: justify;\">En fallo un\u00e1nime (causa rol 23-2026), la Primera Sala del tribunal de alzada \u2013integrada por los ministros Jos\u00e9 Ignacio Mora Trujillo, Natalia Rencoret y el fiscal judicial Jaime \u00c1lvarez\u2013 confirm\u00f3 la resoluci\u00f3n impugnada, dictada por el Juzgado de Garant\u00eda de Coyhaique, al estimar que no han variado las circunstancias tenidas a la vista al decretarse la medida cautelar.<\/p>\n<p style=\"font-weight: 400; text-align: justify;\">\u201cAtendido el m\u00e9rito\u00a0de los antecedentes que se conocen, alegaciones de los intervinientes,\u00a0estim\u00e1ndose\u00a0que, hasta ahora,\u00a0no han variado sustancialmente las circunstancias tenidas a la vista al momento de decretarse la prisi\u00f3n preventiva del encartado; que\u00a0existen\u00a0indicios que resultan suficientes para considerar que la medida cautelar personal de prisi\u00f3n preventiva aparece proporcionada, en atenci\u00f3n a que la libertad de este constituye un peligro para la seguridad de la sociedad, en raz\u00f3n de la pena asignada por la ley a los delitos reiterados atribuidos, el car\u00e1cter, circunstancias, n\u00famero y forma de comisi\u00f3n;\u00a0y\u00a0lo dispuesto, adem\u00e1s, en los art\u00edculos 139,\u00a0140, 143 y 144 del C\u00f3digo Procesal Penal,\u00a0<strong>SE CONFIRMA<\/strong>\u00a0la resoluci\u00f3n apelada de fecha 23 de enero del a\u00f1o 2026, en cuanto por ella se mantuvo la prisi\u00f3n preventiva del imputado\u00a0E.G.S.S.\u201d.<\/p>\n<p style=\"font-weight: 400; text-align: justify;\">Seg\u00fan el ente persecutor, desde una fecha anterior no precisada y hasta 2025, se desarroll\u00f3 una operaci\u00f3n destinada a obtener licencias de conducir de manera irregular en la Municipalidad de Coyhaique, en la que habr\u00edan participado, al menos, tres involucrados que actuaron en forma coordinada. En dicho contexto, fue posible\u00a0identificar al funcionario del Servicio de Salud E.G.S.S., quien coordinaba y contactaba a interesados en la obtenci\u00f3n expedita de licencias de conducir a cambio de pagos que fluctuaban entre $250.000 y $350.000, sin cumplir con los ex\u00e1menes te\u00f3ricos y pr\u00e1cticos exigidos por la normativa vigente.<\/p>\n<p style=\"font-weight: 400; text-align: justify;\">Posteriormente, E.G.S.S. contactaba a los coimputados J.C.V.S. y L.R.M.A. funcionarios del Departamento de Tr\u00e1nsito municipal, quienes proced\u00edan a facilitar u omitir evaluaciones obligatorias, para asegurar la entrega de licencias en plazos inferiores a los establecidos. Gestiones irregulares que beneficiaron a m\u00faltiples \u201cpostulantes\u201d, incluyendo la obtenci\u00f3n de licencias profesionales en solo un d\u00eda.<\/p>\n<p style=\"font-weight: 400; text-align: justify;\">Con el beneficio obtenido, E.G.S.S. adquiri\u00f3, a trav\u00e9s de terceros, una parcela y una camioneta. En la causa, se incautaron alrededor de $7.000.000 en dinero en efectivo.<\/p>\n<\/div><\/section><\/div><div  style='height:50px' class='hr hr-invisible   avia-builder-el-6  el_after_av_one_full  el_before_av_social_share '><span class='hr-inner ' ><span class='hr-inner-style'><\/span><\/span><\/div><\/p>\n<div  class='av-social-sharing-box  avia-builder-el-7  el_after_av_hr  el_before_av_hr  '><div class='av-share-box'><h5 class='av-share-link-description av-no-toc '>Compartir esta noticia<\/h5><ul class='av-share-box-list noLightbox'><li class='av-share-link av-social-link-facebook' ><a target=\"_blank\" aria-label=\"Compartir en Facebook\" href='https:\/\/www.facebook.com\/sharer.php?u=https:\/\/radiorevelacionfm.cl\/?p=63779&#038;t=Corte%20de%20Coyhaique%20confirma%20la%20prisi%C3%B3n%20preventiva%20de%20imputado%20por%20cohecho%20y%20lavado%20de%20activos' aria-hidden='false' data-av_icon='\ue8f3' data-av_iconfont='entypo-fontello' title='' data-avia-related-tooltip='Compartir en Facebook' rel=\"noopener\"><span class='avia_hidden_link_text'>Compartir en Facebook<\/span><\/a><\/li><li class='av-share-link av-social-link-twitter' ><a target=\"_blank\" aria-label=\"Compartir en Twitter\" href='https:\/\/twitter.com\/share?text=Corte%20de%20Coyhaique%20confirma%20la%20prisi%C3%B3n%20preventiva%20de%20imputado%20por%20cohecho%20y%20lavado%20de%20activos&#038;url=https:\/\/radiorevelacionfm.cl\/?p=63779' aria-hidden='false' data-av_icon='\ue8f1' data-av_iconfont='entypo-fontello' title='' data-avia-related-tooltip='Compartir en Twitter' rel=\"noopener\"><span class='avia_hidden_link_text'>Compartir en Twitter<\/span><\/a><\/li><li class='av-share-link av-social-link-whatsapp' ><a target=\"_blank\" aria-label=\"Compartir en Whatsapp\" href='https:\/\/api.whatsapp.com\/send?text=https:\/\/radiorevelacionfm.cl\/?p=63779' aria-hidden='false' data-av_icon='\uf232' data-av_iconfont='entypo-fontello' title='' data-avia-related-tooltip='Compartir en Whatsapp' rel=\"noopener\"><span class='avia_hidden_link_text'>Compartir en Whatsapp<\/span><\/a><\/li><li class='av-share-link av-social-link-linkedin' ><a target=\"_blank\" aria-label=\"Compartir en LinkedIn\" href='https:\/\/linkedin.com\/shareArticle?mini=true&#038;title=Corte%20de%20Coyhaique%20confirma%20la%20prisi%C3%B3n%20preventiva%20de%20imputado%20por%20cohecho%20y%20lavado%20de%20activos&#038;url=https:\/\/radiorevelacionfm.cl\/?p=63779' aria-hidden='false' data-av_icon='\ue8fc' data-av_iconfont='entypo-fontello' title='' data-avia-related-tooltip='Compartir en LinkedIn' rel=\"noopener\"><span class='avia_hidden_link_text'>Compartir en LinkedIn<\/span><\/a><\/li><li class='av-share-link av-social-link-mail' ><a  aria-label=\"Compartir por correo\" href='mailto:?subject=Corte%20de%20Coyhaique%20confirma%20la%20prisi%C3%B3n%20preventiva%20de%20imputado%20por%20cohecho%20y%20lavado%20de%20activos&#038;body=https:\/\/radiorevelacionfm.cl\/?p=63779' aria-hidden='false' data-av_icon='\ue805' data-av_iconfont='entypo-fontello' title='' data-avia-related-tooltip='Compartir por correo'><span class='avia_hidden_link_text'>Compartir por correo<\/span><\/a><\/li><\/ul><\/div><\/div>\n<div  style='height:50px' class='hr hr-invisible   avia-builder-el-8  el_after_av_social_share  el_before_av_comments_list '><span class='hr-inner ' ><span class='hr-inner-style'><\/span><\/span><\/div>\n<div  class='av-buildercomment  av-blog-meta-html-info-disabled av-blog-meta-tag-disabled  '><\/div>\n","protected":false},"excerpt":{"rendered":"","protected":false},"author":1,"featured_media":45207,"comment_status":"closed","ping_status":"closed","sticky":false,"template":"","format":"standard","meta":{"footnotes":""},"categories":[55],"tags":[],"class_list":["post-63779","post","type-post","status-publish","format-standard","has-post-thumbnail","hentry","category-justicia"],"jetpack_featured_media_url":"https:\/\/radiorevelacionfm.cl\/wp-content\/uploads\/2024\/08\/Foto-Corte-Coyhaique-01-2-1.jpeg","_links":{"self":[{"href":"https:\/\/radiorevelacionfm.cl\/index.php?rest_route=\/wp\/v2\/posts\/63779","targetHints":{"allow":["GET"]}}],"collection":[{"href":"https:\/\/radiorevelacionfm.cl\/index.php?rest_route=\/wp\/v2\/posts"}],"about":[{"href":"https:\/\/radiorevelacionfm.cl\/index.php?rest_route=\/wp\/v2\/types\/post"}],"author":[{"embeddable":true,"href":"https:\/\/radiorevelacionfm.cl\/index.php?rest_route=\/wp\/v2\/users\/1"}],"replies":[{"embeddable":true,"href":"https:\/\/radiorevelacionfm.cl\/index.php?rest_route=%2Fwp%2Fv2%2Fcomments&post=63779"}],"version-history":[{"count":2,"href":"https:\/\/radiorevelacionfm.cl\/index.php?rest_route=\/wp\/v2\/posts\/63779\/revisions"}],"predecessor-version":[{"id":63781,"href":"https:\/\/radiorevelacionfm.cl\/index.php?rest_route=\/wp\/v2\/posts\/63779\/revisions\/63781"}],"wp:featuredmedia":[{"embeddable":true,"href":"https:\/\/radiorevelacionfm.cl\/index.php?rest_route=\/wp\/v2\/media\/45207"}],"wp:attachment":[{"href":"https:\/\/radiorevelacionfm.cl\/index.php?rest_route=%2Fwp%2Fv2%2Fmedia&parent=63779"}],"wp:term":[{"taxonomy":"category","embeddable":true,"href":"https:\/\/radiorevelacionfm.cl\/index.php?rest_route=%2Fwp%2Fv2%2Fcategories&post=63779"},{"taxonomy":"post_tag","embeddable":true,"href":"https:\/\/radiorevelacionfm.cl\/index.php?rest_route=%2Fwp%2Fv2%2Ftags&post=63779"}],"curies":[{"name":"wp","href":"https:\/\/api.w.org\/{rel}","templated":true}]}}