{"id":63775,"date":"2026-01-30T16:07:41","date_gmt":"2026-01-30T19:07:41","guid":{"rendered":"https:\/\/radiorevelacionfm.cl\/?p=63775"},"modified":"2026-01-30T16:07:41","modified_gmt":"2026-01-30T19:07:41","slug":"camara-despacha-a-ley-el-proyecto-que-reconoce-y-fortalece-a-las-ferias-libres","status":"publish","type":"post","link":"https:\/\/radiorevelacionfm.cl\/?p=63775","title":{"rendered":"C\u00e1mara despacha a ley el Proyecto que reconoce y fortalece a las Ferias Libres"},"content":{"rendered":"<div class=\"flex_column av_one_full  flex_column_div av-zero-column-padding first  avia-builder-el-0  el_before_av_one_full  avia-builder-el-first  \" style='border-radius:0px; '><div  class='avia-image-container  av-styling-    avia-builder-el-1  avia-builder-el-no-sibling  avia-align-center '  itemprop=\"image\" itemscope=\"itemscope\" itemtype=\"https:\/\/schema.org\/ImageObject\"  ><div class='avia-image-container-inner'><div class='avia-image-overlay-wrap'><img decoding=\"async\" class='wp-image-63776 avia-img-lazy-loading-not-63776 avia_image' src=\"https:\/\/radiorevelacionfm.cl\/wp-content\/uploads\/2026\/01\/feria-victor-domingo-silva-1_optimized-1.jpeg\" alt='' title='feria-victor-domingo-silva-(1)_optimized (1)' height=\"600\" width=\"1067\"  itemprop=\"thumbnailUrl\" srcset=\"https:\/\/radiorevelacionfm.cl\/wp-content\/uploads\/2026\/01\/feria-victor-domingo-silva-1_optimized-1.jpeg 1067w, https:\/\/radiorevelacionfm.cl\/wp-content\/uploads\/2026\/01\/feria-victor-domingo-silva-1_optimized-1-300x169.jpeg 300w, https:\/\/radiorevelacionfm.cl\/wp-content\/uploads\/2026\/01\/feria-victor-domingo-silva-1_optimized-1-1030x579.jpeg 1030w, https:\/\/radiorevelacionfm.cl\/wp-content\/uploads\/2026\/01\/feria-victor-domingo-silva-1_optimized-1-768x432.jpeg 768w, https:\/\/radiorevelacionfm.cl\/wp-content\/uploads\/2026\/01\/feria-victor-domingo-silva-1_optimized-1-705x396.jpeg 705w, https:\/\/radiorevelacionfm.cl\/wp-content\/uploads\/2026\/01\/feria-victor-domingo-silva-1_optimized-1-450x253.jpeg 450w, https:\/\/radiorevelacionfm.cl\/wp-content\/uploads\/2026\/01\/feria-victor-domingo-silva-1_optimized-1-600x337.jpeg 600w\" sizes=\"(max-width: 1067px) 100vw, 1067px\" \/><\/div><\/div><\/div><\/div><div class=\"flex_column av_one_full  flex_column_div av-zero-column-padding first  avia-builder-el-2  el_after_av_one_full  el_before_av_one_full  column-top-margin\" style='border-radius:0px; '><section class=\"av_textblock_section \"  itemscope=\"itemscope\" itemtype=\"https:\/\/schema.org\/BlogPosting\" itemprop=\"blogPost\" ><div class='avia_textblock  '   itemprop=\"text\" ><p style=\"text-align: center;\"><strong><span style=\"font-size: 18pt;\">C\u00e1mara despacha a ley el Proyecto que reconoce y fortalece a las Ferias Libres<\/span><\/strong><\/p>\n<div id=\"gtx-trans\" style=\"position: absolute; left: -50px; top: 4.31534px;\">\n<div class=\"gtx-trans-icon\"><\/div>\n<\/div>\n<\/div><\/section><\/div><div class=\"flex_column av_one_full  flex_column_div av-zero-column-padding first  avia-builder-el-4  el_after_av_one_full  el_before_av_hr  column-top-margin\" style='border-radius:0px; '><section class=\"av_textblock_section \"  itemscope=\"itemscope\" itemtype=\"https:\/\/schema.org\/BlogPosting\" itemprop=\"blogPost\" ><div class='avia_textblock  '   itemprop=\"text\" ><p style=\"text-align: justify;\"><em>La iniciativa, que ya est\u00e1 lista para ser promulgada por el Presidente de la Rep\u00fablica tras ser aprobada en tercer tr\u00e1mite, por la Sala de la C\u00e1mara de Diputadas y Diputados, busca entregarles un estatus jur\u00eddico a las ferias libres del pa\u00eds, identific\u00e1ndolas como un pilar de la alimentaci\u00f3n y desarrollo social.<\/em><\/p>\n<p style=\"text-align: justify;\">La sala de la C\u00e1mara de Diputadas y Diputados aprob\u00f3 por 114 votos, 1 en contra y 5 abstenciones, y despach\u00f3 a Ley el proyecto de Fortalecimiento de Ferias Libres, con lo que termin\u00f3 el tercer tr\u00e1mite constitucional y est\u00e1 listo para ser promulgado como Ley por el Presidente de la Rep\u00fablica, Gabriel Boric. La iniciativa que fue ingresada a tramitaci\u00f3n en el Congreso en septiembre de 2024, establece un marco jur\u00eddico que reconoce y fortalece estos espacios como un pilar de alimentaci\u00f3n y desarrollo local.<\/p>\n<p style=\"text-align: justify;\">El biministro de Econom\u00eda, Fomento y Turismo, y de Energ\u00eda, \u00c1lvaro Garc\u00eda, valor\u00f3 este hito para un proyecto que ha sido fruto de un trabajo colaborativo entre gremios del sector, el gobierno y parlamentarios: <em>\u201cCelebramos un avance largamente esperado por miles de feriantes en todo Chile. La aprobaci\u00f3n de este proyecto no solo reconoce a las ferias libres como un pilar fundamental del abastecimiento, sino que tambi\u00e9n salda una deuda hist\u00f3rica con quienes, por generaciones, han garantizado alimentos m\u00e1s frescos y accesibles para las familias. Este es un punto que marca un antes y un despu\u00e9s en dignidad, representaci\u00f3n y formalidad para el sector\u201d.<\/em><\/p>\n<p style=\"text-align: justify;\">La Regi\u00f3n de Ays\u00e9n cuenta con una poblaci\u00f3n menor en comparaci\u00f3n a otras regiones del pa\u00eds, sin embargo, las ferias libres han jugado un rol econ\u00f3mico significativo en la generaci\u00f3n de ingresos, empleo y provisi\u00f3n de bienes de consumo b\u00e1sico, al mismo tiempo que tienen impactos sociales relevantes al fortalecer la asociatividad, la participaci\u00f3n comunitaria y el acceso a productos locales frescos. En este contexto, el Seremi de Econom\u00eda, Fomento y Turismo de Ays\u00e9n, Felipe Rojas destac\u00f3 la importancia de este esperado proyecto; <em>\u201cEsta ley establece un marco jur\u00eddico integral para las ferias libres que contempla, entre otras cosas, el reconocimiento de las ferias, sus trabajadores, y la formalizaci\u00f3n de instancias representativas como, por ejemplo, una Asamblea General y un Comit\u00e9 de Representaci\u00f3n considerando estos espacios como claves en el abastecimiento de alimentos de la poblaci\u00f3n y de la econom\u00eda popular. Destacar que en nuestro pa\u00eds y en la Regi\u00f3n de Ays\u00e9n, las ferias constituyen espacios econ\u00f3micos y socioculturales esenciales para el desarrollo local, combinando la comercializaci\u00f3n de alimentos, productos artesanales y servicios con redes de sociabilidad comunitaria que fortalecen la cohesi\u00f3n social, todo lo anterior se ver\u00e1 fortalecido con este proyecto que ahora est\u00e1 a punto de ser Ley.\u201d<\/em><\/p>\n<p style=\"text-align: justify;\">Este proceso se inici\u00f3 en agosto de 2024 con la firma de un acuerdo entre el Ministerio de Econom\u00eda y la Confederaci\u00f3n Gremial Nacional de Organizaciones de Ferias Libres (ASOF C.G.), la Federaci\u00f3n Nacional de Sindicatos de Trabajadores Independientes de Ferias Libres, Persas y Anexos (FETRACOM) y la Coordinadora de Ferias Libres.<\/p>\n<p style=\"text-align: justify;\">Marissa Az\u00f3car AG Arte Patagonia, relev\u00f3 este hito mencionando que: <em>\u201cValoramos <\/em><em>la aprobaci\u00f3n de la Ley de Ferias Libres, ya que entrega reglas claras para la organizaci\u00f3n de estos espacios fortaleciendo el comercio local y el trabajo artesanal. Destacamos la estandarizaci\u00f3n de la ordenanza municipal que mejora la seguridad y la gesti\u00f3n de los espacios p\u00fablicos, as\u00ed como la creaci\u00f3n de instancias de participaci\u00f3n que permiten un di\u00e1logo formal con los municipios. Estas medidas aportan a ferias m\u00e1s digna seguras y con mejores condiciones para el desarrollo de la feria artesanal. Consideramos que esta ley es un avance para la econom\u00eda local, la identidad territorial y la convivencia comunitaria y esperamos que su implementaci\u00f3n reconozca y respete el rol de los artesanos en las Ferias Libres y en cada comuna.\u201d<\/em><\/p>\n<p style=\"text-align: justify;\">Por su parte Marta Soto, dirigenta Feria V\u00edctor Domingo Silva enfatiz\u00f3 que: <em>\u201cEstamos muy contentos como feria porque este es una Ley que reconoce a las ferias como pilar fundamental de la alimentaci\u00f3n y la econom\u00eda local. Adem\u00e1s, trae hartos beneficios como reconocer el rol de la feria con las municipalidades, permisos y vigencia. Tambi\u00e9n, vamos a poder trabajar de mejor manera el impacto ambiental mediante el correcto manejo de residuos. Con esto tambi\u00e9n ingresamos al Registro Nacional del Ministerio Econom\u00eda, as\u00ed que realmente contentos de que haya salido esta Ley porque viene a resguardar, cuidar y protegernos.\u201d<\/em><\/p>\n<p style=\"text-align: justify;\">El proyecto busca apoyar a un sector que tiene m\u00e1s de 1.200 ferias y que emplea a m\u00e1s de 300 mil personas, adem\u00e1s, tambi\u00e9n formaliza la relaci\u00f3n entre ferias y municipios al promover una mejor gesti\u00f3n y regulaci\u00f3n local, y defiende los intereses de los vecinos al incorporar procedimientos transparentes y participativos para la creaci\u00f3n de nuevas ferias.<\/p>\n<p style=\"text-align: justify;\">Adicionalmente, integra una disposici\u00f3n que permite a los municipios, en coordinaci\u00f3n con las ferias libres y sus organizaciones, implementar medidas para prevenir el desperdicio de alimentos, reducir la generaci\u00f3n de residuos y fomentar el reciclaje, la reutilizaci\u00f3n o la valorizaci\u00f3n de subproductos.<\/p>\n<\/div><\/section><\/div><div  style='height:50px' class='hr hr-invisible   avia-builder-el-6  el_after_av_one_full  el_before_av_social_share '><span class='hr-inner ' ><span class='hr-inner-style'><\/span><\/span><\/div><\/p>\n<div  class='av-social-sharing-box  avia-builder-el-7  el_after_av_hr  el_before_av_hr  '><div class='av-share-box'><h5 class='av-share-link-description av-no-toc '>Compartir esta noticia<\/h5><ul class='av-share-box-list noLightbox'><li class='av-share-link av-social-link-facebook' ><a target=\"_blank\" aria-label=\"Compartir en Facebook\" href='https:\/\/www.facebook.com\/sharer.php?u=https:\/\/radiorevelacionfm.cl\/?p=63775&#038;t=C%C3%A1mara%20despacha%20a%20ley%20el%20Proyecto%20que%20reconoce%20y%20fortalece%20a%20las%20Ferias%20Libres' aria-hidden='false' data-av_icon='\ue8f3' data-av_iconfont='entypo-fontello' title='' data-avia-related-tooltip='Compartir en Facebook' rel=\"noopener\"><span class='avia_hidden_link_text'>Compartir en Facebook<\/span><\/a><\/li><li class='av-share-link av-social-link-twitter' ><a target=\"_blank\" aria-label=\"Compartir en Twitter\" href='https:\/\/twitter.com\/share?text=C%C3%A1mara%20despacha%20a%20ley%20el%20Proyecto%20que%20reconoce%20y%20fortalece%20a%20las%20Ferias%20Libres&#038;url=https:\/\/radiorevelacionfm.cl\/?p=63775' aria-hidden='false' data-av_icon='\ue8f1' data-av_iconfont='entypo-fontello' title='' data-avia-related-tooltip='Compartir en Twitter' rel=\"noopener\"><span class='avia_hidden_link_text'>Compartir en Twitter<\/span><\/a><\/li><li class='av-share-link av-social-link-whatsapp' ><a target=\"_blank\" aria-label=\"Compartir en Whatsapp\" href='https:\/\/api.whatsapp.com\/send?text=https:\/\/radiorevelacionfm.cl\/?p=63775' aria-hidden='false' data-av_icon='\uf232' data-av_iconfont='entypo-fontello' title='' data-avia-related-tooltip='Compartir en Whatsapp' rel=\"noopener\"><span class='avia_hidden_link_text'>Compartir en Whatsapp<\/span><\/a><\/li><li class='av-share-link av-social-link-linkedin' ><a target=\"_blank\" aria-label=\"Compartir en LinkedIn\" href='https:\/\/linkedin.com\/shareArticle?mini=true&#038;title=C%C3%A1mara%20despacha%20a%20ley%20el%20Proyecto%20que%20reconoce%20y%20fortalece%20a%20las%20Ferias%20Libres&#038;url=https:\/\/radiorevelacionfm.cl\/?p=63775' aria-hidden='false' data-av_icon='\ue8fc' data-av_iconfont='entypo-fontello' title='' data-avia-related-tooltip='Compartir en LinkedIn' rel=\"noopener\"><span class='avia_hidden_link_text'>Compartir en LinkedIn<\/span><\/a><\/li><li class='av-share-link av-social-link-mail' ><a  aria-label=\"Compartir por correo\" href='mailto:?subject=C%C3%A1mara%20despacha%20a%20ley%20el%20Proyecto%20que%20reconoce%20y%20fortalece%20a%20las%20Ferias%20Libres&#038;body=https:\/\/radiorevelacionfm.cl\/?p=63775' aria-hidden='false' data-av_icon='\ue805' data-av_iconfont='entypo-fontello' title='' data-avia-related-tooltip='Compartir por correo'><span class='avia_hidden_link_text'>Compartir por correo<\/span><\/a><\/li><\/ul><\/div><\/div>\n<div  style='height:50px' class='hr hr-invisible   avia-builder-el-8  el_after_av_social_share  el_before_av_comments_list '><span class='hr-inner ' ><span class='hr-inner-style'><\/span><\/span><\/div>\n<div  class='av-buildercomment  av-blog-meta-html-info-disabled av-blog-meta-tag-disabled  '><\/div>\n","protected":false},"excerpt":{"rendered":"","protected":false},"author":1,"featured_media":63776,"comment_status":"closed","ping_status":"closed","sticky":false,"template":"","format":"standard","meta":{"footnotes":""},"categories":[37],"tags":[],"class_list":["post-63775","post","type-post","status-publish","format-standard","has-post-thumbnail","hentry","category-economia"],"jetpack_featured_media_url":"https:\/\/radiorevelacionfm.cl\/wp-content\/uploads\/2026\/01\/feria-victor-domingo-silva-1_optimized-1.jpeg","_links":{"self":[{"href":"https:\/\/radiorevelacionfm.cl\/index.php?rest_route=\/wp\/v2\/posts\/63775","targetHints":{"allow":["GET"]}}],"collection":[{"href":"https:\/\/radiorevelacionfm.cl\/index.php?rest_route=\/wp\/v2\/posts"}],"about":[{"href":"https:\/\/radiorevelacionfm.cl\/index.php?rest_route=\/wp\/v2\/types\/post"}],"author":[{"embeddable":true,"href":"https:\/\/radiorevelacionfm.cl\/index.php?rest_route=\/wp\/v2\/users\/1"}],"replies":[{"embeddable":true,"href":"https:\/\/radiorevelacionfm.cl\/index.php?rest_route=%2Fwp%2Fv2%2Fcomments&post=63775"}],"version-history":[{"count":2,"href":"https:\/\/radiorevelacionfm.cl\/index.php?rest_route=\/wp\/v2\/posts\/63775\/revisions"}],"predecessor-version":[{"id":63915,"href":"https:\/\/radiorevelacionfm.cl\/index.php?rest_route=\/wp\/v2\/posts\/63775\/revisions\/63915"}],"wp:featuredmedia":[{"embeddable":true,"href":"https:\/\/radiorevelacionfm.cl\/index.php?rest_route=\/wp\/v2\/media\/63776"}],"wp:attachment":[{"href":"https:\/\/radiorevelacionfm.cl\/index.php?rest_route=%2Fwp%2Fv2%2Fmedia&parent=63775"}],"wp:term":[{"taxonomy":"category","embeddable":true,"href":"https:\/\/radiorevelacionfm.cl\/index.php?rest_route=%2Fwp%2Fv2%2Fcategories&post=63775"},{"taxonomy":"post_tag","embeddable":true,"href":"https:\/\/radiorevelacionfm.cl\/index.php?rest_route=%2Fwp%2Fv2%2Ftags&post=63775"}],"curies":[{"name":"wp","href":"https:\/\/api.w.org\/{rel}","templated":true}]}}