{"id":63770,"date":"2026-01-28T12:15:23","date_gmt":"2026-01-28T15:15:23","guid":{"rendered":"https:\/\/radiorevelacionfm.cl\/?p=63770"},"modified":"2026-01-28T12:15:23","modified_gmt":"2026-01-28T15:15:23","slug":"inician-proceso-para-que-la-plaza-de-mallin-grande-lleve-el-nombre-del-profesor-robinson-cardenas","status":"publish","type":"post","link":"https:\/\/radiorevelacionfm.cl\/?p=63770","title":{"rendered":"Inician proceso para que la Plaza de Mall\u00edn Grande lleve el nombre del profesor Robinson C\u00e1rdenas"},"content":{"rendered":"<div class=\"flex_column av_one_full  flex_column_div av-zero-column-padding first  avia-builder-el-0  el_before_av_one_full  avia-builder-el-first  \" style='border-radius:0px; '><div  class='avia-image-container  av-styling-    avia-builder-el-1  avia-builder-el-no-sibling  avia-align-center '  itemprop=\"image\" itemscope=\"itemscope\" itemtype=\"https:\/\/schema.org\/ImageObject\"  ><div class='avia-image-container-inner'><div class='avia-image-overlay-wrap'><img decoding=\"async\" class='wp-image-63772 avia-img-lazy-loading-not-63772 avia_image' src=\"https:\/\/radiorevelacionfm.cl\/wp-content\/uploads\/2026\/01\/496336391_1122490479915004_3589176949626129399_n-1-1.jpg\" alt='' title='496336391_1122490479915004_3589176949626129399_n (1) (1)' height=\"600\" width=\"800\"  itemprop=\"thumbnailUrl\" srcset=\"https:\/\/radiorevelacionfm.cl\/wp-content\/uploads\/2026\/01\/496336391_1122490479915004_3589176949626129399_n-1-1.jpg 800w, https:\/\/radiorevelacionfm.cl\/wp-content\/uploads\/2026\/01\/496336391_1122490479915004_3589176949626129399_n-1-1-300x225.jpg 300w, https:\/\/radiorevelacionfm.cl\/wp-content\/uploads\/2026\/01\/496336391_1122490479915004_3589176949626129399_n-1-1-768x576.jpg 768w, https:\/\/radiorevelacionfm.cl\/wp-content\/uploads\/2026\/01\/496336391_1122490479915004_3589176949626129399_n-1-1-705x529.jpg 705w, https:\/\/radiorevelacionfm.cl\/wp-content\/uploads\/2026\/01\/496336391_1122490479915004_3589176949626129399_n-1-1-450x338.jpg 450w, https:\/\/radiorevelacionfm.cl\/wp-content\/uploads\/2026\/01\/496336391_1122490479915004_3589176949626129399_n-1-1-600x450.jpg 600w\" sizes=\"(max-width: 800px) 100vw, 800px\" \/><\/div><\/div><\/div><\/div><div class=\"flex_column av_one_full  flex_column_div av-zero-column-padding first  avia-builder-el-2  el_after_av_one_full  el_before_av_one_full  column-top-margin\" style='border-radius:0px; '><section class=\"av_textblock_section \"  itemscope=\"itemscope\" itemtype=\"https:\/\/schema.org\/BlogPosting\" itemprop=\"blogPost\" ><div class='avia_textblock  '   itemprop=\"text\" ><p style=\"text-align: center;\"><strong><span style=\"font-size: 18pt;\">Inician proceso para que la Plaza de Mall\u00edn Grande lleve el nombre del profesor Robinson C\u00e1rdenas<\/span><\/strong><\/p>\n<div id=\"gtx-trans\" style=\"position: absolute; left: -50px; top: 4.31534px;\">\n<div class=\"gtx-trans-icon\"><\/div>\n<\/div>\n<\/div><\/section><\/div><div class=\"flex_column av_one_full  flex_column_div av-zero-column-padding first  avia-builder-el-4  el_after_av_one_full  el_before_av_hr  column-top-margin\" style='border-radius:0px; '><section class=\"av_textblock_section \"  itemscope=\"itemscope\" itemtype=\"https:\/\/schema.org\/BlogPosting\" itemprop=\"blogPost\" ><div class='avia_textblock  '   itemprop=\"text\" ><p style=\"text-align: justify;\">Con un profundo sentido de respeto y memoria comunitaria, la Ilustre Municipalidad de Chile Chico inici\u00f3 el proceso para que la Plaza del sector Mall\u00edn Grande lleve el nombre del recordado profesor Robinson C\u00e1rdenas (Q.E.P.D.), vecino destacado que dej\u00f3 una huella significativa en la vida de numerosas familias de la comuna.<\/p>\n<p style=\"text-align: justify;\">La iniciativa se enmarca en el inicio de las obras del proyecto Mejoramiento Plaza Mall\u00edn Grande, impulsado por el Ministerio de Vivienda y Urbanismo (MINVU), instancia que permiti\u00f3 al municipio manifestar formalmente su intenci\u00f3n de que este espacio p\u00fablico rinda homenaje a quien dedic\u00f3 su vida a la educaci\u00f3n y al servicio de la comunidad.<\/p>\n<p style=\"text-align: justify;\">Al respecto, el alcalde de Chile Chico, Ariel Keim Hermosilla, se\u00f1al\u00f3 que esta propuesta nace desde el municipio como un acto de reconocimiento sincero hacia una persona que trascendi\u00f3 el aula y se transform\u00f3 en un referente humano y social para la comuna.<\/p>\n<p style=\"text-align: justify;\">\u201cDon Robinson fue mucho m\u00e1s que un profesor. Fue un vecino cercano, un formador de personas y alguien que dej\u00f3 una huella profunda en muchas familias de nuestra comuna, especialmente en Puerto Guadal y Mall\u00edn Grande. Creemos firmemente que nuestros espacios p\u00fablicos deben reflejar nuestra historia y reconocer a quienes entregaron su vida al servicio de los dem\u00e1s\u201d, expres\u00f3 el alcalde.<\/p>\n<p style=\"text-align: justify;\">La autoridad comunal explic\u00f3 que la denominaci\u00f3n oficial de la plaza deber\u00e1 cumplir con los procedimientos administrativos correspondientes, los cuales se desarrollar\u00e1n en paralelo a la ejecuci\u00f3n de las obras y una vez finalizadas estas, conforme a la normativa vigente.<\/p>\n<p style=\"text-align: justify;\">Desde la Municipalidad de Chile Chico se destac\u00f3 que este tipo de iniciativas buscan fortalecer la identidad local, rescatar la memoria colectiva y poner en valor el legado humano de quienes contribuyeron de manera significativa al desarrollo social y cultural del territorio.<\/p>\n<p style=\"text-align: justify;\">\u201cNombrar una plaza no es solo asignar un nombre a un espacio f\u00edsico, es preservar una historia y mantener viva la memoria de nuestra gente. El profesor Robinson C\u00e1rdenas seguir\u00e1 presente en el coraz\u00f3n de la comunidad que lo vio formar generaciones\u201d, concluy\u00f3 el alcalde.<\/p>\n<\/div><\/section><\/div><div  style='height:50px' class='hr hr-invisible   avia-builder-el-6  el_after_av_one_full  el_before_av_social_share '><span class='hr-inner ' ><span class='hr-inner-style'><\/span><\/span><\/div><\/p>\n<div  class='av-social-sharing-box  avia-builder-el-7  el_after_av_hr  el_before_av_hr  '><div class='av-share-box'><h5 class='av-share-link-description av-no-toc '>Compartir esta noticia<\/h5><ul class='av-share-box-list noLightbox'><li class='av-share-link av-social-link-facebook' ><a target=\"_blank\" aria-label=\"Compartir en Facebook\" href='https:\/\/www.facebook.com\/sharer.php?u=https:\/\/radiorevelacionfm.cl\/?p=63770&#038;t=Inician%20proceso%20para%20que%20la%20Plaza%20de%20Mall%C3%ADn%20Grande%20lleve%20el%20nombre%20del%20profesor%20Robinson%20C%C3%A1rdenas' aria-hidden='false' data-av_icon='\ue8f3' data-av_iconfont='entypo-fontello' title='' data-avia-related-tooltip='Compartir en Facebook' rel=\"noopener\"><span class='avia_hidden_link_text'>Compartir en Facebook<\/span><\/a><\/li><li class='av-share-link av-social-link-twitter' ><a target=\"_blank\" aria-label=\"Compartir en Twitter\" href='https:\/\/twitter.com\/share?text=Inician%20proceso%20para%20que%20la%20Plaza%20de%20Mall%C3%ADn%20Grande%20lleve%20el%20nombre%20del%20profesor%20Robinson%20C%C3%A1rdenas&#038;url=https:\/\/radiorevelacionfm.cl\/?p=63770' aria-hidden='false' data-av_icon='\ue8f1' data-av_iconfont='entypo-fontello' title='' data-avia-related-tooltip='Compartir en Twitter' rel=\"noopener\"><span class='avia_hidden_link_text'>Compartir en Twitter<\/span><\/a><\/li><li class='av-share-link av-social-link-whatsapp' ><a target=\"_blank\" aria-label=\"Compartir en Whatsapp\" href='https:\/\/api.whatsapp.com\/send?text=https:\/\/radiorevelacionfm.cl\/?p=63770' aria-hidden='false' data-av_icon='\uf232' data-av_iconfont='entypo-fontello' title='' data-avia-related-tooltip='Compartir en Whatsapp' rel=\"noopener\"><span class='avia_hidden_link_text'>Compartir en Whatsapp<\/span><\/a><\/li><li class='av-share-link av-social-link-linkedin' ><a target=\"_blank\" aria-label=\"Compartir en LinkedIn\" href='https:\/\/linkedin.com\/shareArticle?mini=true&#038;title=Inician%20proceso%20para%20que%20la%20Plaza%20de%20Mall%C3%ADn%20Grande%20lleve%20el%20nombre%20del%20profesor%20Robinson%20C%C3%A1rdenas&#038;url=https:\/\/radiorevelacionfm.cl\/?p=63770' aria-hidden='false' data-av_icon='\ue8fc' data-av_iconfont='entypo-fontello' title='' data-avia-related-tooltip='Compartir en LinkedIn' rel=\"noopener\"><span class='avia_hidden_link_text'>Compartir en LinkedIn<\/span><\/a><\/li><li class='av-share-link av-social-link-mail' ><a  aria-label=\"Compartir por correo\" href='mailto:?subject=Inician%20proceso%20para%20que%20la%20Plaza%20de%20Mall%C3%ADn%20Grande%20lleve%20el%20nombre%20del%20profesor%20Robinson%20C%C3%A1rdenas&#038;body=https:\/\/radiorevelacionfm.cl\/?p=63770' aria-hidden='false' data-av_icon='\ue805' data-av_iconfont='entypo-fontello' title='' data-avia-related-tooltip='Compartir por correo'><span class='avia_hidden_link_text'>Compartir por correo<\/span><\/a><\/li><\/ul><\/div><\/div>\n<div  style='height:50px' class='hr hr-invisible   avia-builder-el-8  el_after_av_social_share  el_before_av_comments_list '><span class='hr-inner ' ><span class='hr-inner-style'><\/span><\/span><\/div>\n<div  class='av-buildercomment  av-blog-meta-html-info-disabled av-blog-meta-tag-disabled  '><\/div>\n","protected":false},"excerpt":{"rendered":"","protected":false},"author":1,"featured_media":63772,"comment_status":"closed","ping_status":"closed","sticky":false,"template":"","format":"standard","meta":{"footnotes":""},"categories":[38],"tags":[],"class_list":["post-63770","post","type-post","status-publish","format-standard","has-post-thumbnail","hentry","category-regional"],"jetpack_featured_media_url":"https:\/\/radiorevelacionfm.cl\/wp-content\/uploads\/2026\/01\/496336391_1122490479915004_3589176949626129399_n-1-1.jpg","_links":{"self":[{"href":"https:\/\/radiorevelacionfm.cl\/index.php?rest_route=\/wp\/v2\/posts\/63770","targetHints":{"allow":["GET"]}}],"collection":[{"href":"https:\/\/radiorevelacionfm.cl\/index.php?rest_route=\/wp\/v2\/posts"}],"about":[{"href":"https:\/\/radiorevelacionfm.cl\/index.php?rest_route=\/wp\/v2\/types\/post"}],"author":[{"embeddable":true,"href":"https:\/\/radiorevelacionfm.cl\/index.php?rest_route=\/wp\/v2\/users\/1"}],"replies":[{"embeddable":true,"href":"https:\/\/radiorevelacionfm.cl\/index.php?rest_route=%2Fwp%2Fv2%2Fcomments&post=63770"}],"version-history":[{"count":2,"href":"https:\/\/radiorevelacionfm.cl\/index.php?rest_route=\/wp\/v2\/posts\/63770\/revisions"}],"predecessor-version":[{"id":63774,"href":"https:\/\/radiorevelacionfm.cl\/index.php?rest_route=\/wp\/v2\/posts\/63770\/revisions\/63774"}],"wp:featuredmedia":[{"embeddable":true,"href":"https:\/\/radiorevelacionfm.cl\/index.php?rest_route=\/wp\/v2\/media\/63772"}],"wp:attachment":[{"href":"https:\/\/radiorevelacionfm.cl\/index.php?rest_route=%2Fwp%2Fv2%2Fmedia&parent=63770"}],"wp:term":[{"taxonomy":"category","embeddable":true,"href":"https:\/\/radiorevelacionfm.cl\/index.php?rest_route=%2Fwp%2Fv2%2Fcategories&post=63770"},{"taxonomy":"post_tag","embeddable":true,"href":"https:\/\/radiorevelacionfm.cl\/index.php?rest_route=%2Fwp%2Fv2%2Ftags&post=63770"}],"curies":[{"name":"wp","href":"https:\/\/api.w.org\/{rel}","templated":true}]}}