{"id":63767,"date":"2026-01-28T21:42:34","date_gmt":"2026-01-29T00:42:34","guid":{"rendered":"https:\/\/radiorevelacionfm.cl\/?p=63767"},"modified":"2026-01-28T21:42:34","modified_gmt":"2026-01-29T00:42:34","slug":"senadis-aysen-informa-convocatoria-de-beca-para-estudiantes-con-discapacidad-de-educacion-superior","status":"publish","type":"post","link":"https:\/\/radiorevelacionfm.cl\/?p=63767","title":{"rendered":"Senadis Ays\u00e9n informa convocatoria de beca para estudiantes con discapacidad de educaci\u00f3n superior"},"content":{"rendered":"<div class=\"flex_column av_one_full  flex_column_div av-zero-column-padding first  avia-builder-el-0  el_before_av_one_full  avia-builder-el-first  \" style='border-radius:0px; '><div  class='avia-image-container  av-styling-    avia-builder-el-1  avia-builder-el-no-sibling  avia-align-center '  itemprop=\"image\" itemscope=\"itemscope\" itemtype=\"https:\/\/schema.org\/ImageObject\"  ><div class='avia-image-container-inner'><div class='avia-image-overlay-wrap'><img decoding=\"async\" class='wp-image-63768 avia-img-lazy-loading-not-63768 avia_image' src=\"https:\/\/radiorevelacionfm.cl\/wp-content\/uploads\/2026\/01\/Directora-final-1-1.jpg\" alt='' title='Directora final (1) (1)' height=\"600\" width=\"831\"  itemprop=\"thumbnailUrl\" srcset=\"https:\/\/radiorevelacionfm.cl\/wp-content\/uploads\/2026\/01\/Directora-final-1-1.jpg 831w, https:\/\/radiorevelacionfm.cl\/wp-content\/uploads\/2026\/01\/Directora-final-1-1-300x217.jpg 300w, https:\/\/radiorevelacionfm.cl\/wp-content\/uploads\/2026\/01\/Directora-final-1-1-768x555.jpg 768w, https:\/\/radiorevelacionfm.cl\/wp-content\/uploads\/2026\/01\/Directora-final-1-1-705x509.jpg 705w, https:\/\/radiorevelacionfm.cl\/wp-content\/uploads\/2026\/01\/Directora-final-1-1-450x325.jpg 450w, https:\/\/radiorevelacionfm.cl\/wp-content\/uploads\/2026\/01\/Directora-final-1-1-600x433.jpg 600w\" sizes=\"(max-width: 831px) 100vw, 831px\" \/><\/div><\/div><\/div><\/div><div class=\"flex_column av_one_full  flex_column_div av-zero-column-padding first  avia-builder-el-2  el_after_av_one_full  el_before_av_one_full  column-top-margin\" style='border-radius:0px; '><section class=\"av_textblock_section \"  itemscope=\"itemscope\" itemtype=\"https:\/\/schema.org\/BlogPosting\" itemprop=\"blogPost\" ><div class='avia_textblock  '   itemprop=\"text\" ><p style=\"text-align: center;\"><strong><span style=\"font-size: 18pt;\">Senadis Ays\u00e9n informa convocatoria de beca para estudiantes con discapacidad de educaci\u00f3n superior<\/span><\/strong><\/p>\n<div id=\"gtx-trans\" style=\"position: absolute; left: -50px; top: 4.31534px;\">\n<div class=\"gtx-trans-icon\"><\/div>\n<\/div>\n<\/div><\/section><\/div><div class=\"flex_column av_one_full  flex_column_div av-zero-column-padding first  avia-builder-el-4  el_after_av_one_full  el_before_av_hr  column-top-margin\" style='border-radius:0px; '><section class=\"av_textblock_section \"  itemscope=\"itemscope\" itemtype=\"https:\/\/schema.org\/BlogPosting\" itemprop=\"blogPost\" ><div class='avia_textblock  '   itemprop=\"text\" ><p style=\"text-align: justify;\">La iniciativa busca garantizar la inclusi\u00f3n financiando asistentes personales, int\u00e9rpretes de lengua de se\u00f1as y materiales tecnol\u00f3gicos especializados para estudiantes de la regi\u00f3n de Ays\u00e9n y de todo el pa\u00eds.<\/p>\n<p style=\"text-align: justify;\">Hasta las 23:59 horas del 6 de febrero se encontrar\u00e1n abiertas las postulaciones en el portal <a href=\"https:\/\/fondos.gob.cl\/\">https:\/\/fondos.gob.cl\/<\/a> de la nueva Beca del Programa de Apoyo para Estudiantes con Discapacidad de Educaci\u00f3n Superior del Servicio Nacional de la Discapacidad, Senadis.<\/p>\n<p style=\"text-align: justify;\">Esta beca est\u00e1 dirigida a estudiantes con discapacidad, que ingresan a la educaci\u00f3n superior este a\u00f1o y para quienes deban renovar y que consiste en cubrir el servicio de asistente personal, int\u00e9rprete de lengua de se\u00f1as y materiales de apoyo tecnol\u00f3gico especializado.<\/p>\n<p style=\"text-align: justify;\">Al respecto la directora del Senadis en la regi\u00f3n de Ays\u00e9n Viviana Mu\u00f1oz Vargas, invit\u00f3 a estudiantes a leer las bases, agregando que estar\u00e1n apoyando en postulaciones \u201cHago un llamado para que las personas con discapacidad que ingresan a la educaci\u00f3n superior este a\u00f1o, se informen de este importante beneficio y postulen. Los apoyos a los que pueden acceder buscan contribuir a la disminuci\u00f3n o eliminaci\u00f3n de barreras que enfrentan las personas para participar o permanecer en la educaci\u00f3n superior en igualdad de condiciones respecto de los dem\u00e1s estudiantes. Pueden ir a nuestras oficinas en 12 de octubre 467, estamos disponibles para orientarles en este proceso. Tambi\u00e9n, pueden llamar a nuestros tel\u00e9fonos 2252508 o 2252509\u201d.<\/p>\n<p style=\"text-align: justify;\">La convocatoria est\u00e1 destinada a estudiantes con discapacidad inscritos en el Registro Nacional de la Discapacidad, que se encuentren dentro del 70% m\u00e1s vulnerable del Registro Social de Hogares. Esta beca financia materiales de apoyo tales como, hardware, software, computador de escritorio o notebook, impresora multifuncional, Tablet, tel\u00e9fono inteligente, entre otros.<\/p>\n<p style=\"text-align: justify;\">Se podr\u00e1 solicitar un m\u00e1ximo de 3 materiales de apoyo, los cuales en su costo no deben exceder la suma de $1.000.000, mientras que el monto a adjudicar para asistente personal o int\u00e9rprete de lengua de se\u00f1as es de $3.135.000.<\/p>\n<\/div><\/section><\/div><div  style='height:50px' class='hr hr-invisible   avia-builder-el-6  el_after_av_one_full  el_before_av_social_share '><span class='hr-inner ' ><span class='hr-inner-style'><\/span><\/span><\/div><\/p>\n<div  class='av-social-sharing-box  avia-builder-el-7  el_after_av_hr  el_before_av_hr  '><div class='av-share-box'><h5 class='av-share-link-description av-no-toc '>Compartir esta noticia<\/h5><ul class='av-share-box-list noLightbox'><li class='av-share-link av-social-link-facebook' ><a target=\"_blank\" aria-label=\"Compartir en Facebook\" href='https:\/\/www.facebook.com\/sharer.php?u=https:\/\/radiorevelacionfm.cl\/?p=63767&#038;t=Senadis%20Ays%C3%A9n%20informa%20convocatoria%20de%20beca%20para%20estudiantes%20con%20discapacidad%20de%20educaci%C3%B3n%20superior' aria-hidden='false' data-av_icon='\ue8f3' data-av_iconfont='entypo-fontello' title='' data-avia-related-tooltip='Compartir en Facebook' rel=\"noopener\"><span class='avia_hidden_link_text'>Compartir en Facebook<\/span><\/a><\/li><li class='av-share-link av-social-link-twitter' ><a target=\"_blank\" aria-label=\"Compartir en Twitter\" href='https:\/\/twitter.com\/share?text=Senadis%20Ays%C3%A9n%20informa%20convocatoria%20de%20beca%20para%20estudiantes%20con%20discapacidad%20de%20educaci%C3%B3n%20superior&#038;url=https:\/\/radiorevelacionfm.cl\/?p=63767' aria-hidden='false' data-av_icon='\ue8f1' data-av_iconfont='entypo-fontello' title='' data-avia-related-tooltip='Compartir en Twitter' rel=\"noopener\"><span class='avia_hidden_link_text'>Compartir en Twitter<\/span><\/a><\/li><li class='av-share-link av-social-link-whatsapp' ><a target=\"_blank\" aria-label=\"Compartir en Whatsapp\" href='https:\/\/api.whatsapp.com\/send?text=https:\/\/radiorevelacionfm.cl\/?p=63767' aria-hidden='false' data-av_icon='\uf232' data-av_iconfont='entypo-fontello' title='' data-avia-related-tooltip='Compartir en Whatsapp' rel=\"noopener\"><span class='avia_hidden_link_text'>Compartir en Whatsapp<\/span><\/a><\/li><li class='av-share-link av-social-link-linkedin' ><a target=\"_blank\" aria-label=\"Compartir en LinkedIn\" href='https:\/\/linkedin.com\/shareArticle?mini=true&#038;title=Senadis%20Ays%C3%A9n%20informa%20convocatoria%20de%20beca%20para%20estudiantes%20con%20discapacidad%20de%20educaci%C3%B3n%20superior&#038;url=https:\/\/radiorevelacionfm.cl\/?p=63767' aria-hidden='false' data-av_icon='\ue8fc' data-av_iconfont='entypo-fontello' title='' data-avia-related-tooltip='Compartir en LinkedIn' rel=\"noopener\"><span class='avia_hidden_link_text'>Compartir en LinkedIn<\/span><\/a><\/li><li class='av-share-link av-social-link-mail' ><a  aria-label=\"Compartir por correo\" href='mailto:?subject=Senadis%20Ays%C3%A9n%20informa%20convocatoria%20de%20beca%20para%20estudiantes%20con%20discapacidad%20de%20educaci%C3%B3n%20superior&#038;body=https:\/\/radiorevelacionfm.cl\/?p=63767' aria-hidden='false' data-av_icon='\ue805' data-av_iconfont='entypo-fontello' title='' data-avia-related-tooltip='Compartir por correo'><span class='avia_hidden_link_text'>Compartir por correo<\/span><\/a><\/li><\/ul><\/div><\/div>\n<div  style='height:50px' class='hr hr-invisible   avia-builder-el-8  el_after_av_social_share  el_before_av_comments_list '><span class='hr-inner ' ><span class='hr-inner-style'><\/span><\/span><\/div>\n<div  class='av-buildercomment  av-blog-meta-html-info-disabled av-blog-meta-tag-disabled  '><\/div>\n","protected":false},"excerpt":{"rendered":"","protected":false},"author":1,"featured_media":63768,"comment_status":"closed","ping_status":"closed","sticky":false,"template":"","format":"standard","meta":{"footnotes":""},"categories":[38],"tags":[],"class_list":["post-63767","post","type-post","status-publish","format-standard","has-post-thumbnail","hentry","category-regional"],"jetpack_featured_media_url":"https:\/\/radiorevelacionfm.cl\/wp-content\/uploads\/2026\/01\/Directora-final-1-1.jpg","_links":{"self":[{"href":"https:\/\/radiorevelacionfm.cl\/index.php?rest_route=\/wp\/v2\/posts\/63767","targetHints":{"allow":["GET"]}}],"collection":[{"href":"https:\/\/radiorevelacionfm.cl\/index.php?rest_route=\/wp\/v2\/posts"}],"about":[{"href":"https:\/\/radiorevelacionfm.cl\/index.php?rest_route=\/wp\/v2\/types\/post"}],"author":[{"embeddable":true,"href":"https:\/\/radiorevelacionfm.cl\/index.php?rest_route=\/wp\/v2\/users\/1"}],"replies":[{"embeddable":true,"href":"https:\/\/radiorevelacionfm.cl\/index.php?rest_route=%2Fwp%2Fv2%2Fcomments&post=63767"}],"version-history":[{"count":2,"href":"https:\/\/radiorevelacionfm.cl\/index.php?rest_route=\/wp\/v2\/posts\/63767\/revisions"}],"predecessor-version":[{"id":63823,"href":"https:\/\/radiorevelacionfm.cl\/index.php?rest_route=\/wp\/v2\/posts\/63767\/revisions\/63823"}],"wp:featuredmedia":[{"embeddable":true,"href":"https:\/\/radiorevelacionfm.cl\/index.php?rest_route=\/wp\/v2\/media\/63768"}],"wp:attachment":[{"href":"https:\/\/radiorevelacionfm.cl\/index.php?rest_route=%2Fwp%2Fv2%2Fmedia&parent=63767"}],"wp:term":[{"taxonomy":"category","embeddable":true,"href":"https:\/\/radiorevelacionfm.cl\/index.php?rest_route=%2Fwp%2Fv2%2Fcategories&post=63767"},{"taxonomy":"post_tag","embeddable":true,"href":"https:\/\/radiorevelacionfm.cl\/index.php?rest_route=%2Fwp%2Fv2%2Ftags&post=63767"}],"curies":[{"name":"wp","href":"https:\/\/api.w.org\/{rel}","templated":true}]}}