{"id":63763,"date":"2026-01-28T11:00:51","date_gmt":"2026-01-28T14:00:51","guid":{"rendered":"https:\/\/radiorevelacionfm.cl\/?p=63763"},"modified":"2026-01-28T11:00:51","modified_gmt":"2026-01-28T14:00:51","slug":"injuv-refuerza-el-autocuidado-y-la-salud-mental-juvenil-en-balnearios-de-la-region-de-aysen","status":"publish","type":"post","link":"https:\/\/radiorevelacionfm.cl\/?p=63763","title":{"rendered":"INJUV refuerza el autocuidado y la salud mental juvenil en balnearios de la regi\u00f3n de Ays\u00e9n"},"content":{"rendered":"<div class=\"flex_column av_one_full  flex_column_div av-zero-column-padding first  avia-builder-el-0  el_before_av_one_full  avia-builder-el-first  \" style='border-radius:0px; '><div  class='avia-image-container  av-styling-    avia-builder-el-1  avia-builder-el-no-sibling  avia-align-center '  itemprop=\"image\" itemscope=\"itemscope\" itemtype=\"https:\/\/schema.org\/ImageObject\"  ><div class='avia-image-container-inner'><div class='avia-image-overlay-wrap'><img decoding=\"async\" class='wp-image-63764 avia-img-lazy-loading-not-63764 avia_image' src=\"https:\/\/radiorevelacionfm.cl\/wp-content\/uploads\/2026\/01\/foto-1-2026-01-28t104529_optimized.847-2.jpg\" alt='' title='foto-1 - -2026-01-28t104529_optimized.847-(2)' height=\"675\" width=\"802\"  itemprop=\"thumbnailUrl\" srcset=\"https:\/\/radiorevelacionfm.cl\/wp-content\/uploads\/2026\/01\/foto-1-2026-01-28t104529_optimized.847-2.jpg 802w, https:\/\/radiorevelacionfm.cl\/wp-content\/uploads\/2026\/01\/foto-1-2026-01-28t104529_optimized.847-2-300x252.jpg 300w, https:\/\/radiorevelacionfm.cl\/wp-content\/uploads\/2026\/01\/foto-1-2026-01-28t104529_optimized.847-2-768x646.jpg 768w, https:\/\/radiorevelacionfm.cl\/wp-content\/uploads\/2026\/01\/foto-1-2026-01-28t104529_optimized.847-2-705x593.jpg 705w, https:\/\/radiorevelacionfm.cl\/wp-content\/uploads\/2026\/01\/foto-1-2026-01-28t104529_optimized.847-2-450x379.jpg 450w, https:\/\/radiorevelacionfm.cl\/wp-content\/uploads\/2026\/01\/foto-1-2026-01-28t104529_optimized.847-2-600x505.jpg 600w\" sizes=\"(max-width: 802px) 100vw, 802px\" \/><\/div><\/div><\/div><\/div><div class=\"flex_column av_one_full  flex_column_div av-zero-column-padding first  avia-builder-el-2  el_after_av_one_full  el_before_av_one_full  column-top-margin\" style='border-radius:0px; '><section class=\"av_textblock_section \"  itemscope=\"itemscope\" itemtype=\"https:\/\/schema.org\/BlogPosting\" itemprop=\"blogPost\" ><div class='avia_textblock  '   itemprop=\"text\" ><p style=\"text-align: center;\"><strong><span style=\"font-size: 18pt;\">INJUV refuerza el autocuidado y la salud mental juvenil en balnearios de la regi\u00f3n de Ays\u00e9n<\/span><\/strong><\/p>\n<div id=\"gtx-trans\" style=\"position: absolute; left: -50px; top: 4.31534px;\">\n<div class=\"gtx-trans-icon\"><\/div>\n<\/div>\n<\/div><\/section><\/div><div class=\"flex_column av_one_full  flex_column_div av-zero-column-padding first  avia-builder-el-4  el_after_av_one_full  el_before_av_hr  column-top-margin\" style='border-radius:0px; '><section class=\"av_textblock_section \"  itemscope=\"itemscope\" itemtype=\"https:\/\/schema.org\/BlogPosting\" itemprop=\"blogPost\" ><div class='avia_textblock  '   itemprop=\"text\" ><p style=\"text-align: justify;\">Con el objetivo de relevar la importancia de la salud mental y fomentar el bienestar, el autocuidado y la participaci\u00f3n de las juventudes durante el a\u00f1o 2026, el Instituto Nacional de la Juventud (INJUV) Ays\u00e9n realiz\u00f3 un despliegue territorial en distintos balnearios de las comunas de Coyhaique y Ays\u00e9n, difundiendo el programa Hablemos de Todo.<\/p>\n<p style=\"text-align: justify;\">Funcionarias y funcionarios de INJUV Ays\u00e9n llegaron hasta Bah\u00eda Acantilada, en la comuna de Ays\u00e9n, y el Lago Elizalde, en la comuna de Coyhaique, para entregar material informativo, tarjetas con c\u00f3digo QR, folletos y merchandising del programa, acercando la oferta institucional a las juventudes que se encontraban disfrutando de estos espacios recreativos.<\/p>\n<p style=\"text-align: justify;\">La iniciativa estuvo orientada a informar, de manera clara y libre de estigmatizaci\u00f3n, sobre tem\u00e1ticas vinculadas al autocuidado y el bienestar emocional, entregando orientaci\u00f3n, contenci\u00f3n y acompa\u00f1amiento a las y los j\u00f3venes. En la oportunidad, adem\u00e1s, se dio a conocer la oferta program\u00e1tica que INJUV desarrollar\u00e1 durante el presente a\u00f1o en la regi\u00f3n de Ays\u00e9n.<\/p>\n<p style=\"text-align: justify;\">\u00a0\u201cPara nosotros es importante estar presente en los espacios donde las juventudes se re\u00fanen y comparten, especialmente en per\u00edodos de descanso. Hablar de salud mental y autocuidado no puede limitarse solo a lo digital; tambi\u00e9n requiere informaci\u00f3n clara y presencia en el territorio. A trav\u00e9s del programa Hablemos de Todo buscamos que las juventudes conozcan las herramientas disponibles y sepan que existe orientaci\u00f3n y apoyo cuando lo necesiten\u201d, sostuvo el director regional de INJUV Ays\u00e9n, Camilo Trivi\u00f1o Urtubia.<\/p>\n<p style=\"text-align: justify;\"><strong>Juventudes informadas<\/strong><\/p>\n<p style=\"text-align: justify;\">Roberto C\u00e1rcamo Vargas valor\u00f3 la actividad y se\u00f1al\u00f3 que \u201cencuentro bueno que difundan este tipo de programas, porque muchas veces uno no sabe que existen. As\u00ed tenemos m\u00e1s opciones a d\u00f3nde recurrir si nos sentimos bajoneados. La salud mental es importante y tenemos que cuidarla\u201d.<\/p>\n<p style=\"text-align: justify;\">En tanto, Roc\u00edo G\u00f3mez Villarroel destac\u00f3 la utilidad del programa indicando que \u201cno sab\u00eda que exist\u00eda un chat para hablar con un psic\u00f3logo. Tengo un amigo que lo necesita y le voy a compartir la informaci\u00f3n. Es importante que se siga difundiendo, para que m\u00e1s personas sepan donde pueden pedir ayuda\u201d.<\/p>\n<p style=\"text-align: justify;\"><strong>Atenci\u00f3n gratuita y confidencial<\/strong><\/p>\n<p style=\"text-align: justify;\">El programa Hablemos de Todo cuenta con un servicio de chat en l\u00ednea gratuito, donde psic\u00f3logas y psic\u00f3logos atienden consultas de las juventudes de manera totalmente confidencial. El chat funciona de lunes a viernes, entre las 10:00 y las 22:00 horas, y los s\u00e1bados de 11:00 a 17:00 horas, entregando informaci\u00f3n, contenci\u00f3n y, cuando corresponde, derivaci\u00f3n oportuna.<\/p>\n<p style=\"text-align: justify;\">Durante el a\u00f1o 2026, las subtem\u00e1ticas priorizadas para el trabajo con juventudes ser\u00e1n ansiedad, depresi\u00f3n y consumo de drogas, definidas a partir de una encuesta digital realizada a nivel nacional, donde las propias y los propios j\u00f3venes identificaron sus principales preocupaciones en materia de salud mental y bienestar.<\/p>\n<p style=\"text-align: justify;\">Las juventudes interesadas en obtener m\u00e1s informaci\u00f3n pueden ingresar a <a href=\"http:\/\/www.hablemosdetodo.injuv.gob.cl\"><strong>www.hablemosdetodo.injuv.gob.cl<\/strong><\/a>, escribir a las redes sociales de INJUV Ays\u00e9n en Facebook, Instagram y X @injuvaysen, o visitar la Direcci\u00f3n Regional de INJUV Ays\u00e9n, ubicada en Manuel Rodr\u00edguez #239, Coyhaique, de lunes a viernes, durante las ma\u00f1anas de 09:30 a 13:00 horas, y tardes de 14:00 a 16:30 horas (viernes hasta las 15:30 horas).<\/p>\n<\/div><\/section><\/div><div  style='height:50px' class='hr hr-invisible   avia-builder-el-6  el_after_av_one_full  el_before_av_social_share '><span class='hr-inner ' ><span class='hr-inner-style'><\/span><\/span><\/div><\/p>\n<div  class='av-social-sharing-box  avia-builder-el-7  el_after_av_hr  el_before_av_hr  '><div class='av-share-box'><h5 class='av-share-link-description av-no-toc '>Compartir esta noticia<\/h5><ul class='av-share-box-list noLightbox'><li class='av-share-link av-social-link-facebook' ><a target=\"_blank\" aria-label=\"Compartir en Facebook\" href='https:\/\/www.facebook.com\/sharer.php?u=https:\/\/radiorevelacionfm.cl\/?p=63763&#038;t=INJUV%20refuerza%20el%20autocuidado%20y%20la%20salud%20mental%20juvenil%20en%20balnearios%20de%20la%20regi%C3%B3n%20de%20Ays%C3%A9n' aria-hidden='false' data-av_icon='\ue8f3' data-av_iconfont='entypo-fontello' title='' data-avia-related-tooltip='Compartir en Facebook' rel=\"noopener\"><span class='avia_hidden_link_text'>Compartir en Facebook<\/span><\/a><\/li><li class='av-share-link av-social-link-twitter' ><a target=\"_blank\" aria-label=\"Compartir en Twitter\" href='https:\/\/twitter.com\/share?text=INJUV%20refuerza%20el%20autocuidado%20y%20la%20salud%20mental%20juvenil%20en%20balnearios%20de%20la%20regi%C3%B3n%20de%20Ays%C3%A9n&#038;url=https:\/\/radiorevelacionfm.cl\/?p=63763' aria-hidden='false' data-av_icon='\ue8f1' data-av_iconfont='entypo-fontello' title='' data-avia-related-tooltip='Compartir en Twitter' rel=\"noopener\"><span class='avia_hidden_link_text'>Compartir en Twitter<\/span><\/a><\/li><li class='av-share-link av-social-link-whatsapp' ><a target=\"_blank\" aria-label=\"Compartir en Whatsapp\" href='https:\/\/api.whatsapp.com\/send?text=https:\/\/radiorevelacionfm.cl\/?p=63763' aria-hidden='false' data-av_icon='\uf232' data-av_iconfont='entypo-fontello' title='' data-avia-related-tooltip='Compartir en Whatsapp' rel=\"noopener\"><span class='avia_hidden_link_text'>Compartir en Whatsapp<\/span><\/a><\/li><li class='av-share-link av-social-link-linkedin' ><a target=\"_blank\" aria-label=\"Compartir en LinkedIn\" href='https:\/\/linkedin.com\/shareArticle?mini=true&#038;title=INJUV%20refuerza%20el%20autocuidado%20y%20la%20salud%20mental%20juvenil%20en%20balnearios%20de%20la%20regi%C3%B3n%20de%20Ays%C3%A9n&#038;url=https:\/\/radiorevelacionfm.cl\/?p=63763' aria-hidden='false' data-av_icon='\ue8fc' data-av_iconfont='entypo-fontello' title='' data-avia-related-tooltip='Compartir en LinkedIn' rel=\"noopener\"><span class='avia_hidden_link_text'>Compartir en LinkedIn<\/span><\/a><\/li><li class='av-share-link av-social-link-mail' ><a  aria-label=\"Compartir por correo\" href='mailto:?subject=INJUV%20refuerza%20el%20autocuidado%20y%20la%20salud%20mental%20juvenil%20en%20balnearios%20de%20la%20regi%C3%B3n%20de%20Ays%C3%A9n&#038;body=https:\/\/radiorevelacionfm.cl\/?p=63763' aria-hidden='false' data-av_icon='\ue805' data-av_iconfont='entypo-fontello' title='' data-avia-related-tooltip='Compartir por correo'><span class='avia_hidden_link_text'>Compartir por correo<\/span><\/a><\/li><\/ul><\/div><\/div>\n<div  style='height:50px' class='hr hr-invisible   avia-builder-el-8  el_after_av_social_share  el_before_av_comments_list '><span class='hr-inner ' ><span class='hr-inner-style'><\/span><\/span><\/div>\n<div  class='av-buildercomment  av-blog-meta-html-info-disabled av-blog-meta-tag-disabled  '><\/div>\n","protected":false},"excerpt":{"rendered":"","protected":false},"author":1,"featured_media":63764,"comment_status":"closed","ping_status":"closed","sticky":false,"template":"","format":"standard","meta":{"footnotes":""},"categories":[38],"tags":[],"class_list":["post-63763","post","type-post","status-publish","format-standard","has-post-thumbnail","hentry","category-regional"],"jetpack_featured_media_url":"https:\/\/radiorevelacionfm.cl\/wp-content\/uploads\/2026\/01\/foto-1-2026-01-28t104529_optimized.847-2.jpg","_links":{"self":[{"href":"https:\/\/radiorevelacionfm.cl\/index.php?rest_route=\/wp\/v2\/posts\/63763","targetHints":{"allow":["GET"]}}],"collection":[{"href":"https:\/\/radiorevelacionfm.cl\/index.php?rest_route=\/wp\/v2\/posts"}],"about":[{"href":"https:\/\/radiorevelacionfm.cl\/index.php?rest_route=\/wp\/v2\/types\/post"}],"author":[{"embeddable":true,"href":"https:\/\/radiorevelacionfm.cl\/index.php?rest_route=\/wp\/v2\/users\/1"}],"replies":[{"embeddable":true,"href":"https:\/\/radiorevelacionfm.cl\/index.php?rest_route=%2Fwp%2Fv2%2Fcomments&post=63763"}],"version-history":[{"count":2,"href":"https:\/\/radiorevelacionfm.cl\/index.php?rest_route=\/wp\/v2\/posts\/63763\/revisions"}],"predecessor-version":[{"id":63766,"href":"https:\/\/radiorevelacionfm.cl\/index.php?rest_route=\/wp\/v2\/posts\/63763\/revisions\/63766"}],"wp:featuredmedia":[{"embeddable":true,"href":"https:\/\/radiorevelacionfm.cl\/index.php?rest_route=\/wp\/v2\/media\/63764"}],"wp:attachment":[{"href":"https:\/\/radiorevelacionfm.cl\/index.php?rest_route=%2Fwp%2Fv2%2Fmedia&parent=63763"}],"wp:term":[{"taxonomy":"category","embeddable":true,"href":"https:\/\/radiorevelacionfm.cl\/index.php?rest_route=%2Fwp%2Fv2%2Fcategories&post=63763"},{"taxonomy":"post_tag","embeddable":true,"href":"https:\/\/radiorevelacionfm.cl\/index.php?rest_route=%2Fwp%2Fv2%2Ftags&post=63763"}],"curies":[{"name":"wp","href":"https:\/\/api.w.org\/{rel}","templated":true}]}}