{"id":63755,"date":"2026-01-28T10:21:15","date_gmt":"2026-01-28T13:21:15","guid":{"rendered":"https:\/\/radiorevelacionfm.cl\/?p=63755"},"modified":"2026-01-28T10:21:15","modified_gmt":"2026-01-28T13:21:15","slug":"sernapesca-hace-un-llamado-a-cuidar-la-fauna-marina-protegida","status":"publish","type":"post","link":"https:\/\/radiorevelacionfm.cl\/?p=63755","title":{"rendered":"Sernapesca hace un llamado a cuidar la fauna marina protegida"},"content":{"rendered":"<div class=\"flex_column av_one_full  flex_column_div av-zero-column-padding first  avia-builder-el-0  el_before_av_one_full  avia-builder-el-first  \" style='border-radius:0px; '><div  class='avia-image-container  av-styling-    avia-builder-el-1  avia-builder-el-no-sibling  avia-align-center '  itemprop=\"image\" itemscope=\"itemscope\" itemtype=\"https:\/\/schema.org\/ImageObject\"  ><div class='avia-image-container-inner'><div class='avia-image-overlay-wrap'><img decoding=\"async\" class='wp-image-63756 avia-img-lazy-loading-not-63756 avia_image' src=\"https:\/\/radiorevelacionfm.cl\/wp-content\/uploads\/2026\/01\/G9__HNHXQAAF5x7-1-1.jpg\" alt='' title='G9__HNHXQAAF5x7 (1) (1)' height=\"640\" width=\"805\"  itemprop=\"thumbnailUrl\" srcset=\"https:\/\/radiorevelacionfm.cl\/wp-content\/uploads\/2026\/01\/G9__HNHXQAAF5x7-1-1.jpg 805w, https:\/\/radiorevelacionfm.cl\/wp-content\/uploads\/2026\/01\/G9__HNHXQAAF5x7-1-1-300x239.jpg 300w, https:\/\/radiorevelacionfm.cl\/wp-content\/uploads\/2026\/01\/G9__HNHXQAAF5x7-1-1-768x611.jpg 768w, https:\/\/radiorevelacionfm.cl\/wp-content\/uploads\/2026\/01\/G9__HNHXQAAF5x7-1-1-705x560.jpg 705w, https:\/\/radiorevelacionfm.cl\/wp-content\/uploads\/2026\/01\/G9__HNHXQAAF5x7-1-1-450x358.jpg 450w, https:\/\/radiorevelacionfm.cl\/wp-content\/uploads\/2026\/01\/G9__HNHXQAAF5x7-1-1-600x477.jpg 600w\" sizes=\"(max-width: 805px) 100vw, 805px\" \/><\/div><\/div><\/div><\/div><div class=\"flex_column av_one_full  flex_column_div av-zero-column-padding first  avia-builder-el-2  el_after_av_one_full  el_before_av_one_full  column-top-margin\" style='border-radius:0px; '><section class=\"av_textblock_section \"  itemscope=\"itemscope\" itemtype=\"https:\/\/schema.org\/BlogPosting\" itemprop=\"blogPost\" ><div class='avia_textblock  '   itemprop=\"text\" ><p style=\"text-align: center;\"><span style=\"font-size: 18pt;\"><b><span lang=\"ES\">Sernapesca hace un llamado a cuidar la fauna marina protegida<\/span><\/b><\/span><\/p>\n<div id=\"gtx-trans\" style=\"position: absolute; left: -50px; top: 4.31534px;\">\n<div class=\"gtx-trans-icon\"><\/div>\n<\/div>\n<\/div><\/section><\/div><div class=\"flex_column av_one_full  flex_column_div av-zero-column-padding first  avia-builder-el-4  el_after_av_one_full  el_before_av_hr  column-top-margin\" style='border-radius:0px; '><section class=\"av_textblock_section \"  itemscope=\"itemscope\" itemtype=\"https:\/\/schema.org\/BlogPosting\" itemprop=\"blogPost\" ><div class='avia_textblock  '   itemprop=\"text\" ><p style=\"font-weight: 400; text-align: justify;\">En \u00e9poca estival se produce un aumento en los llamados que recibe el Servicio Nacional de Pesca y Acuicultura debido a la mayor presencia de personas en las playas, donde se encuentran con fauna marina protegida como ping\u00fcinos y lobos marinos.<\/p>\n<p style=\"font-weight: 400; text-align: justify;\">Sin embargo, la presencia de estos animales es completamente normal, pues habitan en todo el litoral, de norte a sur, y suelen salir a descansar a playas y roquer\u00edos luego de cazar alimento, para regular su temperatura o para realizar mudas.<\/p>\n<p style=\"font-weight: 400; text-align: justify;\">Desde Sernapesca advirtieron a que las personas tengan precauci\u00f3n cuando se encuentren con fauna marina porque muchas especies est\u00e1n protegidas y su interacci\u00f3n est\u00e1 regulada y sancionada por ley.<\/p>\n<p style=\"font-weight: 400; text-align: justify;\">\u201cCuando interactuamos con animales que est\u00e1n protegidos por la ley de pesca y acuicultura, debemos tener un trato respetuoso con la fauna. Estamos en \u00e9poca de pariciones de muchas especies y es muy llamativo para la gente ir a ver los cachorros o los pichones en el caso de ping\u00fcinos, y aqu\u00ed el llamado es a tomar una distancia segura para las personas y para los ejemplares, en ning\u00fan caso molestarlos u hostigarlos, ni menos alimentarlos\u201d, indic\u00f3 el Jefe de la Unidad de Conservaci\u00f3n y Biodiversidad de Sernapesca, Ricardo S\u00e1ez.<\/p>\n<p style=\"font-weight: 400; text-align: justify;\">La observaci\u00f3n de estas especies desde el mar, tanto para personas que hacen deportes n\u00e1uticos como embarcaciones tur\u00edsticas o en tr\u00e1nsito, est\u00e1 regulada y debe respetar distancias m\u00ednimas de 50 metros para especies menores como ping\u00fcinos, lobos marinos, tortugas, chungungos y cet\u00e1ceos menores como delfines; de 100 metros para cet\u00e1ceos mayores como cachalotes y ballenas jorobadas; de 300 metros para ballenas azules y para el caso de ballena franca austral, solo se puede observar desde tierra.<\/p>\n<p style=\"font-weight: 400; text-align: justify;\">En Chile es ilegal no cumplir con las distancias m\u00ednimas de observaci\u00f3n, acosar, alimentar, capturar o matar especies marinas protegidas y las multas asociadas van desde las 3 a las 300 UTM.<\/p>\n<p style=\"font-weight: 400; text-align: justify;\">El especialista de Sernapesca agreg\u00f3: \u201cQueremos hacer un llamado tambi\u00e9n a las personas para que tengan una tenencia responsable de sus mascotas, esto quiere decir que, si van a ir a la l\u00ednea de costa, respeten la normativa que hay para andar, sobre todo con perros, para que no exista interacci\u00f3n con fauna marina. No solo por razones de transmisi\u00f3n de enfermedades de tipo zoon\u00f3ticas, sino porque tambi\u00e9n pueden ser atacadas por los perros, pues tenemos bastantes registros documentados de esto, lo que termina en animales heridos e incluso con ejemplares muertos\u201d.<\/p>\n<p style=\"font-weight: 400; text-align: justify;\">Si un ejemplar de fauna marina est\u00e1 herido o se encuentra siendo acosado por perros o incluso hostigado por personas, se puede llamar al Sernapesca al 800 320 032 para hacer una evaluaci\u00f3n de la situaci\u00f3n y acudir al lugar para el rescate o relocalizaci\u00f3n del ejemplar en una zona m\u00e1s segura.<\/p>\n<\/div><\/section><\/div><div  style='height:50px' class='hr hr-invisible   avia-builder-el-6  el_after_av_one_full  el_before_av_social_share '><span class='hr-inner ' ><span class='hr-inner-style'><\/span><\/span><\/div><\/p>\n<div  class='av-social-sharing-box  avia-builder-el-7  el_after_av_hr  el_before_av_hr  '><div class='av-share-box'><h5 class='av-share-link-description av-no-toc '>Compartir esta noticia<\/h5><ul class='av-share-box-list noLightbox'><li class='av-share-link av-social-link-facebook' ><a target=\"_blank\" aria-label=\"Compartir en Facebook\" href='https:\/\/www.facebook.com\/sharer.php?u=https:\/\/radiorevelacionfm.cl\/?p=63755&#038;t=Sernapesca%20hace%20un%20llamado%20a%20cuidar%20la%20fauna%20marina%20protegida' aria-hidden='false' data-av_icon='\ue8f3' data-av_iconfont='entypo-fontello' title='' data-avia-related-tooltip='Compartir en Facebook' rel=\"noopener\"><span class='avia_hidden_link_text'>Compartir en Facebook<\/span><\/a><\/li><li class='av-share-link av-social-link-twitter' ><a target=\"_blank\" aria-label=\"Compartir en Twitter\" href='https:\/\/twitter.com\/share?text=Sernapesca%20hace%20un%20llamado%20a%20cuidar%20la%20fauna%20marina%20protegida&#038;url=https:\/\/radiorevelacionfm.cl\/?p=63755' aria-hidden='false' data-av_icon='\ue8f1' data-av_iconfont='entypo-fontello' title='' data-avia-related-tooltip='Compartir en Twitter' rel=\"noopener\"><span class='avia_hidden_link_text'>Compartir en Twitter<\/span><\/a><\/li><li class='av-share-link av-social-link-whatsapp' ><a target=\"_blank\" aria-label=\"Compartir en Whatsapp\" href='https:\/\/api.whatsapp.com\/send?text=https:\/\/radiorevelacionfm.cl\/?p=63755' aria-hidden='false' data-av_icon='\uf232' data-av_iconfont='entypo-fontello' title='' data-avia-related-tooltip='Compartir en Whatsapp' rel=\"noopener\"><span class='avia_hidden_link_text'>Compartir en Whatsapp<\/span><\/a><\/li><li class='av-share-link av-social-link-linkedin' ><a target=\"_blank\" aria-label=\"Compartir en LinkedIn\" href='https:\/\/linkedin.com\/shareArticle?mini=true&#038;title=Sernapesca%20hace%20un%20llamado%20a%20cuidar%20la%20fauna%20marina%20protegida&#038;url=https:\/\/radiorevelacionfm.cl\/?p=63755' aria-hidden='false' data-av_icon='\ue8fc' data-av_iconfont='entypo-fontello' title='' data-avia-related-tooltip='Compartir en LinkedIn' rel=\"noopener\"><span class='avia_hidden_link_text'>Compartir en LinkedIn<\/span><\/a><\/li><li class='av-share-link av-social-link-mail' ><a  aria-label=\"Compartir por correo\" href='mailto:?subject=Sernapesca%20hace%20un%20llamado%20a%20cuidar%20la%20fauna%20marina%20protegida&#038;body=https:\/\/radiorevelacionfm.cl\/?p=63755' aria-hidden='false' data-av_icon='\ue805' data-av_iconfont='entypo-fontello' title='' data-avia-related-tooltip='Compartir por correo'><span class='avia_hidden_link_text'>Compartir por correo<\/span><\/a><\/li><\/ul><\/div><\/div>\n<div  style='height:50px' class='hr hr-invisible   avia-builder-el-8  el_after_av_social_share  el_before_av_comments_list '><span class='hr-inner ' ><span class='hr-inner-style'><\/span><\/span><\/div>\n<div  class='av-buildercomment  av-blog-meta-html-info-disabled av-blog-meta-tag-disabled  '><\/div>\n","protected":false},"excerpt":{"rendered":"","protected":false},"author":1,"featured_media":63756,"comment_status":"closed","ping_status":"closed","sticky":false,"template":"","format":"standard","meta":{"footnotes":""},"categories":[61],"tags":[],"class_list":["post-63755","post","type-post","status-publish","format-standard","has-post-thumbnail","hentry","category-nacional"],"jetpack_featured_media_url":"https:\/\/radiorevelacionfm.cl\/wp-content\/uploads\/2026\/01\/G9__HNHXQAAF5x7-1-1.jpg","_links":{"self":[{"href":"https:\/\/radiorevelacionfm.cl\/index.php?rest_route=\/wp\/v2\/posts\/63755","targetHints":{"allow":["GET"]}}],"collection":[{"href":"https:\/\/radiorevelacionfm.cl\/index.php?rest_route=\/wp\/v2\/posts"}],"about":[{"href":"https:\/\/radiorevelacionfm.cl\/index.php?rest_route=\/wp\/v2\/types\/post"}],"author":[{"embeddable":true,"href":"https:\/\/radiorevelacionfm.cl\/index.php?rest_route=\/wp\/v2\/users\/1"}],"replies":[{"embeddable":true,"href":"https:\/\/radiorevelacionfm.cl\/index.php?rest_route=%2Fwp%2Fv2%2Fcomments&post=63755"}],"version-history":[{"count":2,"href":"https:\/\/radiorevelacionfm.cl\/index.php?rest_route=\/wp\/v2\/posts\/63755\/revisions"}],"predecessor-version":[{"id":63758,"href":"https:\/\/radiorevelacionfm.cl\/index.php?rest_route=\/wp\/v2\/posts\/63755\/revisions\/63758"}],"wp:featuredmedia":[{"embeddable":true,"href":"https:\/\/radiorevelacionfm.cl\/index.php?rest_route=\/wp\/v2\/media\/63756"}],"wp:attachment":[{"href":"https:\/\/radiorevelacionfm.cl\/index.php?rest_route=%2Fwp%2Fv2%2Fmedia&parent=63755"}],"wp:term":[{"taxonomy":"category","embeddable":true,"href":"https:\/\/radiorevelacionfm.cl\/index.php?rest_route=%2Fwp%2Fv2%2Fcategories&post=63755"},{"taxonomy":"post_tag","embeddable":true,"href":"https:\/\/radiorevelacionfm.cl\/index.php?rest_route=%2Fwp%2Fv2%2Ftags&post=63755"}],"curies":[{"name":"wp","href":"https:\/\/api.w.org\/{rel}","templated":true}]}}