{"id":63744,"date":"2026-01-27T18:49:54","date_gmt":"2026-01-27T21:49:54","guid":{"rendered":"https:\/\/radiorevelacionfm.cl\/?p=63744"},"modified":"2026-01-27T18:49:54","modified_gmt":"2026-01-27T21:49:54","slug":"diligencia-entre-carabineros-del-os7-aysen-y-la-fiscalia-permitio-desarticular-punto-de-venta-de-drogas-en-coyhaique","status":"publish","type":"post","link":"https:\/\/radiorevelacionfm.cl\/?p=63744","title":{"rendered":"Diligencia entre Carabineros del OS7 Ays\u00e9n y la Fiscal\u00eda permiti\u00f3 desarticular punto de venta de drogas en Coyhaique"},"content":{"rendered":"<div class=\"flex_column av_one_full  flex_column_div av-zero-column-padding first  avia-builder-el-0  el_before_av_one_full  avia-builder-el-first  \" style='border-radius:0px; '><div  class='avia-image-container  av-styling-    avia-builder-el-1  avia-builder-el-no-sibling  avia-align-center '  itemprop=\"image\" itemscope=\"itemscope\" itemtype=\"https:\/\/schema.org\/ImageObject\"  ><div class='avia-image-container-inner'><div class='avia-image-overlay-wrap'><img decoding=\"async\" class='wp-image-63745 avia-img-lazy-loading-not-63745 avia_image' src=\"https:\/\/radiorevelacionfm.cl\/wp-content\/uploads\/2026\/01\/Sin-titulo-28-1-1.jpg\" alt='' title='Sin t\u00edtulo-28 (1) (1)' height=\"600\" width=\"1071\"  itemprop=\"thumbnailUrl\" srcset=\"https:\/\/radiorevelacionfm.cl\/wp-content\/uploads\/2026\/01\/Sin-titulo-28-1-1.jpg 1071w, https:\/\/radiorevelacionfm.cl\/wp-content\/uploads\/2026\/01\/Sin-titulo-28-1-1-300x168.jpg 300w, https:\/\/radiorevelacionfm.cl\/wp-content\/uploads\/2026\/01\/Sin-titulo-28-1-1-1030x577.jpg 1030w, https:\/\/radiorevelacionfm.cl\/wp-content\/uploads\/2026\/01\/Sin-titulo-28-1-1-768x430.jpg 768w, https:\/\/radiorevelacionfm.cl\/wp-content\/uploads\/2026\/01\/Sin-titulo-28-1-1-705x395.jpg 705w, https:\/\/radiorevelacionfm.cl\/wp-content\/uploads\/2026\/01\/Sin-titulo-28-1-1-450x252.jpg 450w, https:\/\/radiorevelacionfm.cl\/wp-content\/uploads\/2026\/01\/Sin-titulo-28-1-1-600x336.jpg 600w\" sizes=\"(max-width: 1071px) 100vw, 1071px\" \/><\/div><\/div><\/div><\/div><div class=\"flex_column av_one_full  flex_column_div av-zero-column-padding first  avia-builder-el-2  el_after_av_one_full  el_before_av_one_full  column-top-margin\" style='border-radius:0px; '><section class=\"av_textblock_section \"  itemscope=\"itemscope\" itemtype=\"https:\/\/schema.org\/BlogPosting\" itemprop=\"blogPost\" ><div class='avia_textblock  '   itemprop=\"text\" ><p style=\"text-align: center;\"><strong><span style=\"font-size: 18pt;\">Diligencia entre Carabineros del OS7 Ays\u00e9n y la Fiscal\u00eda permiti\u00f3 desarticular punto de venta de drogas en Coyhaique<\/span><\/strong><\/p>\n<div id=\"gtx-trans\" style=\"position: absolute; left: -50px; top: 4.31534px;\">\n<div class=\"gtx-trans-icon\"><\/div>\n<\/div>\n<\/div><\/section><\/div><div class=\"flex_column av_one_full  flex_column_div av-zero-column-padding first  avia-builder-el-4  el_after_av_one_full  el_before_av_hr  column-top-margin\" style='border-radius:0px; '><section class=\"av_textblock_section \"  itemscope=\"itemscope\" itemtype=\"https:\/\/schema.org\/BlogPosting\" itemprop=\"blogPost\" ><div class='avia_textblock  '   itemprop=\"text\" ><ul>\n<li dir=\"ltr\">\n<p dir=\"ltr\" style=\"text-align: justify;\" role=\"presentation\">En virtud de una orden de entrada y registro, el personal especializado allan\u00f3 un inmueble en el centro de la ciudad, siendo detenidas tres personas, decomisando clorhidrato de coca\u00edna, entre otros elementos probatorios.<\/p>\n<\/li>\n<\/ul>\n<p dir=\"ltr\" style=\"text-align: justify;\">Un operativo antidrogas desarrollado de manera conjunta entre Carabineros de la Secci\u00f3n OS7 Ays\u00e9n y la Fiscal\u00eda Local de Coyhaique, culmin\u00f3 con la detenci\u00f3n de tres personas por infracci\u00f3n a la Ley 20.000 de drogas.<\/p>\n<p dir=\"ltr\" style=\"text-align: justify;\">Seg\u00fan indic\u00f3 el Jefe de la Secci\u00f3n OS7 Ays\u00e9n, Capit\u00e1n Juan Gonz\u00e1lez V\u00e1squez, la diligencia se materializ\u00f3 en virtud de una orden judicial de ingreso a un domicilio ubicado en el sector c\u00e9ntrico de la ciudad de Coyhaique.<\/p>\n<p dir=\"ltr\" style=\"text-align: justify;\">\u201cSe dio cumplimiento a una orden de entrada y registro a un inmueble que estaba siendo utilizado para la venta de drogas, ingreso que se concret\u00f3 con apoyo del GOPE Ays\u00e9n, logrando la detenci\u00f3n de los imputados y el decomiso de 9 gramos de clorhidrato de coca\u00edna, dinero en efectivo y otros elementos propios para la dosificaci\u00f3n de la droga\u201d, indic\u00f3 el Oficial.<\/p>\n<p dir=\"ltr\" style=\"text-align: justify;\">Adem\u00e1s de la sustancia lista para su comercializaci\u00f3n, Carabineros incaut\u00f3 tel\u00e9fonos celulares y otros elementos para el abultamiento de la droga.<\/p>\n<p dir=\"ltr\" style=\"text-align: justify;\">La investigaci\u00f3n, dirigida por la Fiscal\u00eda Local de Coyhaique y materializada por el OS7 de Carabineros, contempl\u00f3 diversas t\u00e9cnicas de investigaci\u00f3n amparadas en la Ley 20.000, logrando acreditar la participaci\u00f3n de los imputados en el delito de microtr\u00e1fico de drogas.<\/p>\n<p dir=\"ltr\" style=\"text-align: justify;\">Tras la diligencia, dos de los tres imputados fueron puestos a disposici\u00f3n del Juzgado de Garant\u00eda de Coyhaique, pasando a la audiencia de control de detenci\u00f3n.<\/p>\n<p dir=\"ltr\" style=\"text-align: justify;\">En \u00faltimo t\u00e9rmino, Carabineros reiter\u00f3 el llamado a la comunidad a efectuar denuncias de manera gratuita y an\u00f3nima a trav\u00e9s del fono drogas 135, el cual es atendido por agentes especializados durante las 24 horas del d\u00eda y los 365 d\u00edas del a\u00f1o, con la finalidad de iniciar procesos investigativos respecto a delitos vinculados a materias de drogas y derivar los antecedentes al Ministerio P\u00fablico.<\/p>\n<div class=\"yj6qo\" style=\"text-align: justify;\"><\/div>\n<\/div><\/section><\/div><div  style='height:50px' class='hr hr-invisible   avia-builder-el-6  el_after_av_one_full  el_before_av_social_share '><span class='hr-inner ' ><span class='hr-inner-style'><\/span><\/span><\/div><\/p>\n<div  class='av-social-sharing-box  avia-builder-el-7  el_after_av_hr  el_before_av_hr  '><div class='av-share-box'><h5 class='av-share-link-description av-no-toc '>Compartir esta noticia<\/h5><ul class='av-share-box-list noLightbox'><li class='av-share-link av-social-link-facebook' ><a target=\"_blank\" aria-label=\"Compartir en Facebook\" href='https:\/\/www.facebook.com\/sharer.php?u=https:\/\/radiorevelacionfm.cl\/?p=63744&#038;t=Diligencia%20entre%20Carabineros%20del%20OS7%20Ays%C3%A9n%20y%20la%20Fiscal%C3%ADa%20permiti%C3%B3%20desarticular%20punto%20de%20venta%20de%20drogas%20en%20Coyhaique' aria-hidden='false' data-av_icon='\ue8f3' data-av_iconfont='entypo-fontello' title='' data-avia-related-tooltip='Compartir en Facebook' rel=\"noopener\"><span class='avia_hidden_link_text'>Compartir en Facebook<\/span><\/a><\/li><li class='av-share-link av-social-link-twitter' ><a target=\"_blank\" aria-label=\"Compartir en Twitter\" href='https:\/\/twitter.com\/share?text=Diligencia%20entre%20Carabineros%20del%20OS7%20Ays%C3%A9n%20y%20la%20Fiscal%C3%ADa%20permiti%C3%B3%20desarticular%20punto%20de%20venta%20de%20drogas%20en%20Coyhaique&#038;url=https:\/\/radiorevelacionfm.cl\/?p=63744' aria-hidden='false' data-av_icon='\ue8f1' data-av_iconfont='entypo-fontello' title='' data-avia-related-tooltip='Compartir en Twitter' rel=\"noopener\"><span class='avia_hidden_link_text'>Compartir en Twitter<\/span><\/a><\/li><li class='av-share-link av-social-link-whatsapp' ><a target=\"_blank\" aria-label=\"Compartir en Whatsapp\" href='https:\/\/api.whatsapp.com\/send?text=https:\/\/radiorevelacionfm.cl\/?p=63744' aria-hidden='false' data-av_icon='\uf232' data-av_iconfont='entypo-fontello' title='' data-avia-related-tooltip='Compartir en Whatsapp' rel=\"noopener\"><span class='avia_hidden_link_text'>Compartir en Whatsapp<\/span><\/a><\/li><li class='av-share-link av-social-link-linkedin' ><a target=\"_blank\" aria-label=\"Compartir en LinkedIn\" href='https:\/\/linkedin.com\/shareArticle?mini=true&#038;title=Diligencia%20entre%20Carabineros%20del%20OS7%20Ays%C3%A9n%20y%20la%20Fiscal%C3%ADa%20permiti%C3%B3%20desarticular%20punto%20de%20venta%20de%20drogas%20en%20Coyhaique&#038;url=https:\/\/radiorevelacionfm.cl\/?p=63744' aria-hidden='false' data-av_icon='\ue8fc' data-av_iconfont='entypo-fontello' title='' data-avia-related-tooltip='Compartir en LinkedIn' rel=\"noopener\"><span class='avia_hidden_link_text'>Compartir en LinkedIn<\/span><\/a><\/li><li class='av-share-link av-social-link-mail' ><a  aria-label=\"Compartir por correo\" href='mailto:?subject=Diligencia%20entre%20Carabineros%20del%20OS7%20Ays%C3%A9n%20y%20la%20Fiscal%C3%ADa%20permiti%C3%B3%20desarticular%20punto%20de%20venta%20de%20drogas%20en%20Coyhaique&#038;body=https:\/\/radiorevelacionfm.cl\/?p=63744' aria-hidden='false' data-av_icon='\ue805' data-av_iconfont='entypo-fontello' title='' data-avia-related-tooltip='Compartir por correo'><span class='avia_hidden_link_text'>Compartir por correo<\/span><\/a><\/li><\/ul><\/div><\/div>\n<div  style='height:50px' class='hr hr-invisible   avia-builder-el-8  el_after_av_social_share  el_before_av_comments_list '><span class='hr-inner ' ><span class='hr-inner-style'><\/span><\/span><\/div>\n<div  class='av-buildercomment  av-blog-meta-html-info-disabled av-blog-meta-tag-disabled  '><\/div>\n","protected":false},"excerpt":{"rendered":"","protected":false},"author":1,"featured_media":63745,"comment_status":"closed","ping_status":"closed","sticky":false,"template":"","format":"standard","meta":{"footnotes":""},"categories":[36],"tags":[],"class_list":["post-63744","post","type-post","status-publish","format-standard","has-post-thumbnail","hentry","category-policial"],"jetpack_featured_media_url":"https:\/\/radiorevelacionfm.cl\/wp-content\/uploads\/2026\/01\/Sin-titulo-28-1-1.jpg","_links":{"self":[{"href":"https:\/\/radiorevelacionfm.cl\/index.php?rest_route=\/wp\/v2\/posts\/63744","targetHints":{"allow":["GET"]}}],"collection":[{"href":"https:\/\/radiorevelacionfm.cl\/index.php?rest_route=\/wp\/v2\/posts"}],"about":[{"href":"https:\/\/radiorevelacionfm.cl\/index.php?rest_route=\/wp\/v2\/types\/post"}],"author":[{"embeddable":true,"href":"https:\/\/radiorevelacionfm.cl\/index.php?rest_route=\/wp\/v2\/users\/1"}],"replies":[{"embeddable":true,"href":"https:\/\/radiorevelacionfm.cl\/index.php?rest_route=%2Fwp%2Fv2%2Fcomments&post=63744"}],"version-history":[{"count":2,"href":"https:\/\/radiorevelacionfm.cl\/index.php?rest_route=\/wp\/v2\/posts\/63744\/revisions"}],"predecessor-version":[{"id":63747,"href":"https:\/\/radiorevelacionfm.cl\/index.php?rest_route=\/wp\/v2\/posts\/63744\/revisions\/63747"}],"wp:featuredmedia":[{"embeddable":true,"href":"https:\/\/radiorevelacionfm.cl\/index.php?rest_route=\/wp\/v2\/media\/63745"}],"wp:attachment":[{"href":"https:\/\/radiorevelacionfm.cl\/index.php?rest_route=%2Fwp%2Fv2%2Fmedia&parent=63744"}],"wp:term":[{"taxonomy":"category","embeddable":true,"href":"https:\/\/radiorevelacionfm.cl\/index.php?rest_route=%2Fwp%2Fv2%2Fcategories&post=63744"},{"taxonomy":"post_tag","embeddable":true,"href":"https:\/\/radiorevelacionfm.cl\/index.php?rest_route=%2Fwp%2Fv2%2Ftags&post=63744"}],"curies":[{"name":"wp","href":"https:\/\/api.w.org\/{rel}","templated":true}]}}