{"id":63739,"date":"2026-01-27T18:16:06","date_gmt":"2026-01-27T21:16:06","guid":{"rendered":"https:\/\/radiorevelacionfm.cl\/?p=63739"},"modified":"2026-01-27T18:16:06","modified_gmt":"2026-01-27T21:16:06","slug":"tras-20-anos-de-espera-municipio-inauguro-sede-de-la-agrupacion-cultural-y-artesanal-manos-amigas-de-el-blanco","status":"publish","type":"post","link":"https:\/\/radiorevelacionfm.cl\/?p=63739","title":{"rendered":"Tras 20 a\u00f1os de espera: Municipio inaugur\u00f3 sede de la Agrupaci\u00f3n Cultural y Artesanal \u201cManos Amigas\u201d de El Blanco"},"content":{"rendered":"<div class=\"flex_column av_one_full  flex_column_div av-zero-column-padding first  avia-builder-el-0  el_before_av_one_full  avia-builder-el-first  \" style='border-radius:0px; '><div  class='avia-image-container  av-styling-    avia-builder-el-1  avia-builder-el-no-sibling  avia-align-center '  itemprop=\"image\" itemscope=\"itemscope\" itemtype=\"https:\/\/schema.org\/ImageObject\"  ><div class='avia-image-container-inner'><div class='avia-image-overlay-wrap'><img decoding=\"async\" class='wp-image-63740 avia-img-lazy-loading-not-63740 avia_image' src=\"https:\/\/radiorevelacionfm.cl\/wp-content\/uploads\/2026\/01\/manos-amigas-1-1_optimized.jpeg\" alt='' title='manos-amigas-1--(1)_optimized' height=\"600\" width=\"850\"  itemprop=\"thumbnailUrl\" srcset=\"https:\/\/radiorevelacionfm.cl\/wp-content\/uploads\/2026\/01\/manos-amigas-1-1_optimized.jpeg 850w, https:\/\/radiorevelacionfm.cl\/wp-content\/uploads\/2026\/01\/manos-amigas-1-1_optimized-300x212.jpeg 300w, https:\/\/radiorevelacionfm.cl\/wp-content\/uploads\/2026\/01\/manos-amigas-1-1_optimized-768x542.jpeg 768w, https:\/\/radiorevelacionfm.cl\/wp-content\/uploads\/2026\/01\/manos-amigas-1-1_optimized-260x185.jpeg 260w, https:\/\/radiorevelacionfm.cl\/wp-content\/uploads\/2026\/01\/manos-amigas-1-1_optimized-705x498.jpeg 705w, https:\/\/radiorevelacionfm.cl\/wp-content\/uploads\/2026\/01\/manos-amigas-1-1_optimized-450x318.jpeg 450w, https:\/\/radiorevelacionfm.cl\/wp-content\/uploads\/2026\/01\/manos-amigas-1-1_optimized-600x424.jpeg 600w\" sizes=\"(max-width: 850px) 100vw, 850px\" \/><\/div><\/div><\/div><\/div>\n<div class=\"flex_column av_one_full  flex_column_div av-zero-column-padding first  avia-builder-el-2  el_after_av_one_full  el_before_av_one_full  column-top-margin\" style='border-radius:0px; '><section class=\"av_textblock_section \"  itemscope=\"itemscope\" itemtype=\"https:\/\/schema.org\/BlogPosting\" itemprop=\"blogPost\" ><div class='avia_textblock  '   itemprop=\"text\" ><p style=\"text-align: center;\"><span style=\"font-size: 18pt;\"><strong>Tras 20 a\u00f1os de espera: Municipio inaugur\u00f3 sede de la Agrupaci\u00f3n Cultural y Artesanal \u201cManos Amigas\u201d de El Blanco<\/strong><\/span><\/p>\n<div id=\"gtx-trans\" style=\"position: absolute; left: -50px; top: 4.31534px;\">\n<div class=\"gtx-trans-icon\"><\/div>\n<\/div>\n<\/div><\/section><\/div><div class=\"flex_column av_one_full  flex_column_div av-zero-column-padding first  avia-builder-el-4  el_after_av_one_full  el_before_av_hr  column-top-margin\" style='border-radius:0px; '><section class=\"av_textblock_section \"  itemscope=\"itemscope\" itemtype=\"https:\/\/schema.org\/BlogPosting\" itemprop=\"blogPost\" ><div class='avia_textblock  '   itemprop=\"text\" ><p style=\"text-align: justify;\">Como resultado del trabajo sostenido del Municipio de Coyhaique en apoyo a las organizaciones rurales, se inaugur\u00f3 la nueva sede de la Agrupaci\u00f3n Cultural y Artesanal \u201cManos Amigas\u201d de El Blanco, infraestructura que permitir\u00e1 fortalecer el desarrollo productivo y cultural de mujeres campesinas del sector.<\/p>\n<p style=\"text-align: justify;\">La obra fue concretada a trav\u00e9s de un proyecto FRIL, ejecutado por el municipio con financiamiento del Gobierno Regional de Ays\u00e9n, y signific\u00f3 una inversi\u00f3n de 185 millones de pesos, destinada a dotar a la agrupaci\u00f3n de un espacio adecuado para su funcionamiento, trabajo colaborativo y difusi\u00f3n de la artesan\u00eda local.<\/p>\n<p style=\"text-align: justify;\">El alcalde de Coyhaique, Carlos Gatica, destac\u00f3 el rol del municipio en acompa\u00f1ar y materializar este tipo de iniciativas, asegurando que \u201ceste proyecto refleja el compromiso municipal con el mundo rural y con las organizaciones que, a trav\u00e9s del trabajo asociativo, aportan al desarrollo local. Como municipio estuvimos presentes en la gesti\u00f3n, ejecuci\u00f3n y acompa\u00f1amiento de este proceso, que hoy se traduce en un espacio digno para estas mujeres\u201d.<\/p>\n<p style=\"text-align: justify;\">Por su parte, la presidenta de la agrupaci\u00f3n, Carmen Fierro, agradeci\u00f3 el respaldo municipal durante los a\u00f1os que tom\u00f3 concretar el proyecto y dijo que \u201ceste logro no habr\u00eda sido posible sin el apoyo del municipio. Fueron seis a\u00f1os de trabajo y hoy tenemos una sede que nos permitir\u00e1 seguir creciendo como agrupaci\u00f3n y como mujeres campesinas\u201d, expres\u00f3.<\/p>\n<p style=\"text-align: justify;\">La Agrupaci\u00f3n Cultural y Artesanal \u201cManos Amigas\u201d est\u00e1 compuesta por 10 socias, representando el trabajo de igual n\u00famero de familias campesinas de sectores aleda\u00f1os a El Blanco. La inauguraci\u00f3n finaliz\u00f3 con una muestra de los trabajos artesanales de las socias, destacando sus talentos y el valor de la cultura rural local.<\/p>\n<\/div><\/section><\/div><\/p>\n<div  style='height:50px' class='hr hr-invisible   avia-builder-el-6  el_after_av_one_full  el_before_av_social_share '><span class='hr-inner ' ><span class='hr-inner-style'><\/span><\/span><\/div>\n<div  class='av-social-sharing-box  avia-builder-el-7  el_after_av_hr  el_before_av_hr  '><div class='av-share-box'><h5 class='av-share-link-description av-no-toc '>Compartir esta noticia<\/h5><ul class='av-share-box-list noLightbox'><li class='av-share-link av-social-link-facebook' ><a target=\"_blank\" aria-label=\"Compartir en Facebook\" href='https:\/\/www.facebook.com\/sharer.php?u=https:\/\/radiorevelacionfm.cl\/?p=63739&#038;t=Tras%2020%20a%C3%B1os%20de%20espera%3A%20Municipio%20inaugur%C3%B3%20sede%20de%20la%20Agrupaci%C3%B3n%20Cultural%20y%20Artesanal%20%E2%80%9CManos%20Amigas%E2%80%9D%20de%20El%20Blanco' aria-hidden='false' data-av_icon='\ue8f3' data-av_iconfont='entypo-fontello' title='' data-avia-related-tooltip='Compartir en Facebook' rel=\"noopener\"><span class='avia_hidden_link_text'>Compartir en Facebook<\/span><\/a><\/li><li class='av-share-link av-social-link-twitter' ><a target=\"_blank\" aria-label=\"Compartir en Twitter\" href='https:\/\/twitter.com\/share?text=Tras%2020%20a%C3%B1os%20de%20espera%3A%20Municipio%20inaugur%C3%B3%20sede%20de%20la%20Agrupaci%C3%B3n%20Cultural%20y%20Artesanal%20%E2%80%9CManos%20Amigas%E2%80%9D%20de%20El%20Blanco&#038;url=https:\/\/radiorevelacionfm.cl\/?p=63739' aria-hidden='false' data-av_icon='\ue8f1' data-av_iconfont='entypo-fontello' title='' data-avia-related-tooltip='Compartir en Twitter' rel=\"noopener\"><span class='avia_hidden_link_text'>Compartir en Twitter<\/span><\/a><\/li><li class='av-share-link av-social-link-whatsapp' ><a target=\"_blank\" aria-label=\"Compartir en Whatsapp\" href='https:\/\/api.whatsapp.com\/send?text=https:\/\/radiorevelacionfm.cl\/?p=63739' aria-hidden='false' data-av_icon='\uf232' data-av_iconfont='entypo-fontello' title='' data-avia-related-tooltip='Compartir en Whatsapp' rel=\"noopener\"><span class='avia_hidden_link_text'>Compartir en Whatsapp<\/span><\/a><\/li><li class='av-share-link av-social-link-linkedin' ><a target=\"_blank\" aria-label=\"Compartir en LinkedIn\" href='https:\/\/linkedin.com\/shareArticle?mini=true&#038;title=Tras%2020%20a%C3%B1os%20de%20espera%3A%20Municipio%20inaugur%C3%B3%20sede%20de%20la%20Agrupaci%C3%B3n%20Cultural%20y%20Artesanal%20%E2%80%9CManos%20Amigas%E2%80%9D%20de%20El%20Blanco&#038;url=https:\/\/radiorevelacionfm.cl\/?p=63739' aria-hidden='false' data-av_icon='\ue8fc' data-av_iconfont='entypo-fontello' title='' data-avia-related-tooltip='Compartir en LinkedIn' rel=\"noopener\"><span class='avia_hidden_link_text'>Compartir en LinkedIn<\/span><\/a><\/li><li class='av-share-link av-social-link-mail' ><a  aria-label=\"Compartir por correo\" href='mailto:?subject=Tras%2020%20a%C3%B1os%20de%20espera%3A%20Municipio%20inaugur%C3%B3%20sede%20de%20la%20Agrupaci%C3%B3n%20Cultural%20y%20Artesanal%20%E2%80%9CManos%20Amigas%E2%80%9D%20de%20El%20Blanco&#038;body=https:\/\/radiorevelacionfm.cl\/?p=63739' aria-hidden='false' data-av_icon='\ue805' data-av_iconfont='entypo-fontello' title='' data-avia-related-tooltip='Compartir por correo'><span class='avia_hidden_link_text'>Compartir por correo<\/span><\/a><\/li><\/ul><\/div><\/div>\n<div  style='height:50px' class='hr hr-invisible   avia-builder-el-8  el_after_av_social_share  el_before_av_comments_list '><span class='hr-inner ' ><span class='hr-inner-style'><\/span><\/span><\/div>\n<div  class='av-buildercomment  av-blog-meta-html-info-disabled av-blog-meta-tag-disabled  '><\/div>\n","protected":false},"excerpt":{"rendered":"","protected":false},"author":1,"featured_media":63740,"comment_status":"closed","ping_status":"closed","sticky":false,"template":"","format":"standard","meta":{"footnotes":""},"categories":[38],"tags":[],"class_list":["post-63739","post","type-post","status-publish","format-standard","has-post-thumbnail","hentry","category-regional"],"jetpack_featured_media_url":"https:\/\/radiorevelacionfm.cl\/wp-content\/uploads\/2026\/01\/manos-amigas-1-1_optimized.jpeg","_links":{"self":[{"href":"https:\/\/radiorevelacionfm.cl\/index.php?rest_route=\/wp\/v2\/posts\/63739","targetHints":{"allow":["GET"]}}],"collection":[{"href":"https:\/\/radiorevelacionfm.cl\/index.php?rest_route=\/wp\/v2\/posts"}],"about":[{"href":"https:\/\/radiorevelacionfm.cl\/index.php?rest_route=\/wp\/v2\/types\/post"}],"author":[{"embeddable":true,"href":"https:\/\/radiorevelacionfm.cl\/index.php?rest_route=\/wp\/v2\/users\/1"}],"replies":[{"embeddable":true,"href":"https:\/\/radiorevelacionfm.cl\/index.php?rest_route=%2Fwp%2Fv2%2Fcomments&post=63739"}],"version-history":[{"count":3,"href":"https:\/\/radiorevelacionfm.cl\/index.php?rest_route=\/wp\/v2\/posts\/63739\/revisions"}],"predecessor-version":[{"id":63743,"href":"https:\/\/radiorevelacionfm.cl\/index.php?rest_route=\/wp\/v2\/posts\/63739\/revisions\/63743"}],"wp:featuredmedia":[{"embeddable":true,"href":"https:\/\/radiorevelacionfm.cl\/index.php?rest_route=\/wp\/v2\/media\/63740"}],"wp:attachment":[{"href":"https:\/\/radiorevelacionfm.cl\/index.php?rest_route=%2Fwp%2Fv2%2Fmedia&parent=63739"}],"wp:term":[{"taxonomy":"category","embeddable":true,"href":"https:\/\/radiorevelacionfm.cl\/index.php?rest_route=%2Fwp%2Fv2%2Fcategories&post=63739"},{"taxonomy":"post_tag","embeddable":true,"href":"https:\/\/radiorevelacionfm.cl\/index.php?rest_route=%2Fwp%2Fv2%2Ftags&post=63739"}],"curies":[{"name":"wp","href":"https:\/\/api.w.org\/{rel}","templated":true}]}}