{"id":63736,"date":"2026-01-28T10:10:49","date_gmt":"2026-01-28T13:10:49","guid":{"rendered":"https:\/\/radiorevelacionfm.cl\/?p=63736"},"modified":"2026-01-28T10:10:49","modified_gmt":"2026-01-28T13:10:49","slug":"indap-y-fosis-financian-equipamiento-para-la-agrupacion-cultural-y-artesanal-manos-amigas","status":"publish","type":"post","link":"https:\/\/radiorevelacionfm.cl\/?p=63736","title":{"rendered":"Indap y Fosis financian equipamiento para la Agrupaci\u00f3n Cultural y Artesanal \u201cManos Amigas\u201d"},"content":{"rendered":"<div class=\"flex_column av_one_full  flex_column_div av-zero-column-padding first  avia-builder-el-0  el_before_av_one_full  avia-builder-el-first  \" style='border-radius:0px; '><div  class='avia-image-container  av-styling-    avia-builder-el-1  avia-builder-el-no-sibling  avia-align-center '  itemprop=\"image\" itemscope=\"itemscope\" itemtype=\"https:\/\/schema.org\/ImageObject\"  ><div class='avia-image-container-inner'><div class='avia-image-overlay-wrap'><img decoding=\"async\" class='wp-image-63737 avia-img-lazy-loading-not-63737 avia_image' src=\"https:\/\/radiorevelacionfm.cl\/wp-content\/uploads\/2026\/01\/foto-cp-manos-amigas-1_optimized.jpeg\" alt='' title='foto-cp-manos-amigas-(1)_optimized' height=\"670\" width=\"804\"  itemprop=\"thumbnailUrl\" srcset=\"https:\/\/radiorevelacionfm.cl\/wp-content\/uploads\/2026\/01\/foto-cp-manos-amigas-1_optimized.jpeg 804w, https:\/\/radiorevelacionfm.cl\/wp-content\/uploads\/2026\/01\/foto-cp-manos-amigas-1_optimized-300x250.jpeg 300w, https:\/\/radiorevelacionfm.cl\/wp-content\/uploads\/2026\/01\/foto-cp-manos-amigas-1_optimized-768x640.jpeg 768w, https:\/\/radiorevelacionfm.cl\/wp-content\/uploads\/2026\/01\/foto-cp-manos-amigas-1_optimized-705x588.jpeg 705w, https:\/\/radiorevelacionfm.cl\/wp-content\/uploads\/2026\/01\/foto-cp-manos-amigas-1_optimized-450x375.jpeg 450w, https:\/\/radiorevelacionfm.cl\/wp-content\/uploads\/2026\/01\/foto-cp-manos-amigas-1_optimized-600x500.jpeg 600w\" sizes=\"(max-width: 804px) 100vw, 804px\" \/><\/div><\/div><\/div><\/div><div class=\"flex_column av_one_full  flex_column_div av-zero-column-padding first  avia-builder-el-2  el_after_av_one_full  el_before_av_one_full  column-top-margin\" style='border-radius:0px; '><section class=\"av_textblock_section \"  itemscope=\"itemscope\" itemtype=\"https:\/\/schema.org\/BlogPosting\" itemprop=\"blogPost\" ><div class='avia_textblock  '   itemprop=\"text\" ><p style=\"text-align: center;\"><strong><span style=\"font-size: 18pt;\">Indap y Fosis financian equipamiento para la Agrupaci\u00f3n Cultural y Artesanal \u201cManos Amigas\u201d <\/span><\/strong><\/p>\n<div id=\"gtx-trans\" style=\"position: absolute; left: -50px; top: 4.31534px;\">\n<div class=\"gtx-trans-icon\"><\/div>\n<\/div>\n<\/div><\/section><\/div><div class=\"flex_column av_one_full  flex_column_div av-zero-column-padding first  avia-builder-el-4  el_after_av_one_full  el_before_av_hr  column-top-margin\" style='border-radius:0px; '><section class=\"av_textblock_section \"  itemscope=\"itemscope\" itemtype=\"https:\/\/schema.org\/BlogPosting\" itemprop=\"blogPost\" ><div class='avia_textblock  '   itemprop=\"text\" ><p style=\"text-align: justify;\"><em>Durante la inauguraci\u00f3n de la nueva sede de la Agrupaci\u00f3n Cultural y Artesanal \u201cManos Amigas\u201d de El Blanco, se pudo conocer la maquinaria adquirida por FOSIS y el container entregado por INDAP a la organizaci\u00f3n.<\/em><\/p>\n<p style=\"text-align: justify;\">La Agrupaci\u00f3n \u201cManos Amigas\u201d de la localidad de El Blanco, fue creada el a\u00f1o 2019, trabajando durante estos a\u00f1os en su fortalecimiento con capacitaciones, acceso a proyectos y participaci\u00f3n en diferentes espacios, siendo reconocidas a nivel comunal y regional. Esto, ayud\u00f3 al traspaso de terreno por parte de Bienes Nacionales, lo que fue destacado por la Seremi de la cartera, Irina Morend: \u201cla organizaci\u00f3n ha sido muy prolija en pasar el proceso de renovaci\u00f3n de la concesi\u00f3n. Todos los fondos p\u00fablicos de las instituciones se logran ejecutar en un suelo fiscal. La ventaja de eso es que acorta la cantidad de tiempo para poder materializar los proyectos, as\u00ed que el Ministerio de Bienes Nacionales feliz de poder apoyar a las organizaciones que, adem\u00e1s en esta localidad, son importantes porque mueven a las mujeres, mueven la econom\u00eda local. Tambi\u00e9n son un ejemplo y un modelo para muchas otras organizaciones tanto de la comuna como tambi\u00e9n de la regi\u00f3n de Ays\u00e9n\u201d, se\u00f1al\u00f3.<\/p>\n<p style=\"text-align: justify;\">Tambi\u00e9n, la organizaci\u00f3n forma parte del Programa de Gesti\u00f3n y Soporte Organizacional (PROGYSO) de INDAP, lo que permite fortalecer a la organizaci\u00f3n en el desarrollo de habilidades y capacidades. Asimismo, durante el a\u00f1o 2025, a trav\u00e9s del Programa de Desarrollo de Inversiones (PDI) de INDAP, se logr\u00f3 la adquisici\u00f3n de un container para ser utilizado como sala de procesado de lanas.<\/p>\n<p style=\"text-align: justify;\">Este apoyo fue destacado por la Directora Regional de INDAP Ays\u00e9n, Yessica Lagos: \u201cla organizaci\u00f3n es parte de la Mesa de la Mujer Rural, por tanto, tambi\u00e9n hemos apoyado con un programa que se llama PROGYSO para fortalecer la organizaci\u00f3n, tambi\u00e9n debido a que todos nuestros instrumentos hoy en d\u00eda tienen la mirada de fortalecer m\u00e1s a las mujeres. Adem\u00e1s, pudimos apoyar con un programa de desarrollo e inversiones que les permite hoy d\u00eda poder tener este container\u201d, indic\u00f3.<\/p>\n<p style=\"text-align: justify;\">Para la presidenta de la agrupaci\u00f3n, Carmen Fierro, por el trabajo y constancia de la organizaci\u00f3n, hoy cuentan con una sala de procesado de lanas para el desarrollo de su trabajo: \u201cNosotras ten\u00edamos las m\u00e1quinas, hab\u00edamos postulado el a\u00f1o pasado la m\u00e1quina de lavar lana de 50 kilos, monof\u00e1sica, y ya este a\u00f1o ya hab\u00edamos postulado a la centrifuga de 25 kilos tambi\u00e9n monof\u00e1sica, pero no la \u00edbamos a colocar en la sede. Ah\u00ed fue donde fuimos a golpear puertas a INDAP. Nosotros somos una organizaci\u00f3n reconocida, porque somos usuarias de INDAP. Ahora a fin de a\u00f1o hubo recursos, nosotros pusimos un 10%, ellos pusieron el 90%, y pudimos adquirir este container y tener las m\u00e1quinas ahora bajo techo, y que hoy nos sirven para poder tener esta exposici\u00f3n\u201d, se\u00f1al\u00f3 sobre el proceso de adjudicaci\u00f3n de la maquinaria.<\/p>\n<p style=\"text-align: justify;\">Finalmente, el programa Emprendamos Grupal del FOSIS permiti\u00f3 financiar el a\u00f1o 2024 una lavadora de lanas y el 2025 una centr\u00edfuga para lana de oveja, para fortalecer su actividad econ\u00f3mica: \u201cellas postularon, presentaron un proyecto al FOSIS. Primero financiaron la lavadora, luego la centr\u00edfuga. Algo muy importante es que ellas tambi\u00e9n contemplaron la capacitaci\u00f3n, en primera instancia en t\u00e9cnicas de telar, y ahora \u00faltimo una capacitaci\u00f3n a nivel organizacional e individual de crecimiento que les permite tambi\u00e9n fortalecer sus herramientas individuales y colectivas, para poder seguir proyectando su organizaci\u00f3n\u201d destac\u00f3 la Directora Regional del FOSIS, Fernanda Leiva.<\/p>\n<\/div><\/section><\/div><div  style='height:50px' class='hr hr-invisible   avia-builder-el-6  el_after_av_one_full  el_before_av_social_share '><span class='hr-inner ' ><span class='hr-inner-style'><\/span><\/span><\/div><\/p>\n<div  class='av-social-sharing-box  avia-builder-el-7  el_after_av_hr  el_before_av_hr  '><div class='av-share-box'><h5 class='av-share-link-description av-no-toc '>Compartir esta noticia<\/h5><ul class='av-share-box-list noLightbox'><li class='av-share-link av-social-link-facebook' ><a target=\"_blank\" aria-label=\"Compartir en Facebook\" href='https:\/\/www.facebook.com\/sharer.php?u=https:\/\/radiorevelacionfm.cl\/?p=63736&#038;t=Indap%20y%20Fosis%20financian%20equipamiento%20para%20la%20Agrupaci%C3%B3n%20Cultural%20y%20Artesanal%20%E2%80%9CManos%20Amigas%E2%80%9D' aria-hidden='false' data-av_icon='\ue8f3' data-av_iconfont='entypo-fontello' title='' data-avia-related-tooltip='Compartir en Facebook' rel=\"noopener\"><span class='avia_hidden_link_text'>Compartir en Facebook<\/span><\/a><\/li><li class='av-share-link av-social-link-twitter' ><a target=\"_blank\" aria-label=\"Compartir en Twitter\" href='https:\/\/twitter.com\/share?text=Indap%20y%20Fosis%20financian%20equipamiento%20para%20la%20Agrupaci%C3%B3n%20Cultural%20y%20Artesanal%20%E2%80%9CManos%20Amigas%E2%80%9D&#038;url=https:\/\/radiorevelacionfm.cl\/?p=63736' aria-hidden='false' data-av_icon='\ue8f1' data-av_iconfont='entypo-fontello' title='' data-avia-related-tooltip='Compartir en Twitter' rel=\"noopener\"><span class='avia_hidden_link_text'>Compartir en Twitter<\/span><\/a><\/li><li class='av-share-link av-social-link-whatsapp' ><a target=\"_blank\" aria-label=\"Compartir en Whatsapp\" href='https:\/\/api.whatsapp.com\/send?text=https:\/\/radiorevelacionfm.cl\/?p=63736' aria-hidden='false' data-av_icon='\uf232' data-av_iconfont='entypo-fontello' title='' data-avia-related-tooltip='Compartir en Whatsapp' rel=\"noopener\"><span class='avia_hidden_link_text'>Compartir en Whatsapp<\/span><\/a><\/li><li class='av-share-link av-social-link-linkedin' ><a target=\"_blank\" aria-label=\"Compartir en LinkedIn\" href='https:\/\/linkedin.com\/shareArticle?mini=true&#038;title=Indap%20y%20Fosis%20financian%20equipamiento%20para%20la%20Agrupaci%C3%B3n%20Cultural%20y%20Artesanal%20%E2%80%9CManos%20Amigas%E2%80%9D&#038;url=https:\/\/radiorevelacionfm.cl\/?p=63736' aria-hidden='false' data-av_icon='\ue8fc' data-av_iconfont='entypo-fontello' title='' data-avia-related-tooltip='Compartir en LinkedIn' rel=\"noopener\"><span class='avia_hidden_link_text'>Compartir en LinkedIn<\/span><\/a><\/li><li class='av-share-link av-social-link-mail' ><a  aria-label=\"Compartir por correo\" href='mailto:?subject=Indap%20y%20Fosis%20financian%20equipamiento%20para%20la%20Agrupaci%C3%B3n%20Cultural%20y%20Artesanal%20%E2%80%9CManos%20Amigas%E2%80%9D&#038;body=https:\/\/radiorevelacionfm.cl\/?p=63736' aria-hidden='false' data-av_icon='\ue805' data-av_iconfont='entypo-fontello' title='' data-avia-related-tooltip='Compartir por correo'><span class='avia_hidden_link_text'>Compartir por correo<\/span><\/a><\/li><\/ul><\/div><\/div>\n<div  style='height:50px' class='hr hr-invisible   avia-builder-el-8  el_after_av_social_share  el_before_av_comments_list '><span class='hr-inner ' ><span class='hr-inner-style'><\/span><\/span><\/div>\n<div  class='av-buildercomment  av-blog-meta-html-info-disabled av-blog-meta-tag-disabled  '><\/div>\n","protected":false},"excerpt":{"rendered":"","protected":false},"author":1,"featured_media":63737,"comment_status":"closed","ping_status":"closed","sticky":false,"template":"","format":"standard","meta":{"footnotes":""},"categories":[38],"tags":[],"class_list":["post-63736","post","type-post","status-publish","format-standard","has-post-thumbnail","hentry","category-regional"],"jetpack_featured_media_url":"https:\/\/radiorevelacionfm.cl\/wp-content\/uploads\/2026\/01\/foto-cp-manos-amigas-1_optimized.jpeg","_links":{"self":[{"href":"https:\/\/radiorevelacionfm.cl\/index.php?rest_route=\/wp\/v2\/posts\/63736","targetHints":{"allow":["GET"]}}],"collection":[{"href":"https:\/\/radiorevelacionfm.cl\/index.php?rest_route=\/wp\/v2\/posts"}],"about":[{"href":"https:\/\/radiorevelacionfm.cl\/index.php?rest_route=\/wp\/v2\/types\/post"}],"author":[{"embeddable":true,"href":"https:\/\/radiorevelacionfm.cl\/index.php?rest_route=\/wp\/v2\/users\/1"}],"replies":[{"embeddable":true,"href":"https:\/\/radiorevelacionfm.cl\/index.php?rest_route=%2Fwp%2Fv2%2Fcomments&post=63736"}],"version-history":[{"count":2,"href":"https:\/\/radiorevelacionfm.cl\/index.php?rest_route=\/wp\/v2\/posts\/63736\/revisions"}],"predecessor-version":[{"id":63754,"href":"https:\/\/radiorevelacionfm.cl\/index.php?rest_route=\/wp\/v2\/posts\/63736\/revisions\/63754"}],"wp:featuredmedia":[{"embeddable":true,"href":"https:\/\/radiorevelacionfm.cl\/index.php?rest_route=\/wp\/v2\/media\/63737"}],"wp:attachment":[{"href":"https:\/\/radiorevelacionfm.cl\/index.php?rest_route=%2Fwp%2Fv2%2Fmedia&parent=63736"}],"wp:term":[{"taxonomy":"category","embeddable":true,"href":"https:\/\/radiorevelacionfm.cl\/index.php?rest_route=%2Fwp%2Fv2%2Fcategories&post=63736"},{"taxonomy":"post_tag","embeddable":true,"href":"https:\/\/radiorevelacionfm.cl\/index.php?rest_route=%2Fwp%2Fv2%2Ftags&post=63736"}],"curies":[{"name":"wp","href":"https:\/\/api.w.org\/{rel}","templated":true}]}}