{"id":63733,"date":"2026-01-28T15:36:51","date_gmt":"2026-01-28T18:36:51","guid":{"rendered":"https:\/\/radiorevelacionfm.cl\/?p=63733"},"modified":"2026-01-28T15:36:51","modified_gmt":"2026-01-28T18:36:51","slug":"reforma-de-pensiones-con-gran-asistencia-se-da-a-conocer-la-implementacion-del-seguro-social","status":"publish","type":"post","link":"https:\/\/radiorevelacionfm.cl\/?p=63733","title":{"rendered":"Reforma de Pensiones: con gran asistencia se da a conocer la implementaci\u00f3n del Seguro Social"},"content":{"rendered":"<div class=\"flex_column av_one_full  flex_column_div av-zero-column-padding first  avia-builder-el-0  el_before_av_one_full  avia-builder-el-first  \" style='border-radius:0px; '><div  class='avia-image-container  av-styling-    avia-builder-el-1  avia-builder-el-no-sibling  avia-align-center '  itemprop=\"image\" itemscope=\"itemscope\" itemtype=\"https:\/\/schema.org\/ImageObject\"  ><div class='avia-image-container-inner'><div class='avia-image-overlay-wrap'><img decoding=\"async\" class='wp-image-63734 avia-img-lazy-loading-not-63734 avia_image' src=\"https:\/\/radiorevelacionfm.cl\/wp-content\/uploads\/2026\/01\/encuentro_segurosocial_reformapensiones_1bb-1_optimized-1.jpg\" alt='' title='encuentro_segurosocial_reformapensiones_1bb-(1)_optimized (1)' height=\"600\" width=\"917\"  itemprop=\"thumbnailUrl\" srcset=\"https:\/\/radiorevelacionfm.cl\/wp-content\/uploads\/2026\/01\/encuentro_segurosocial_reformapensiones_1bb-1_optimized-1.jpg 917w, https:\/\/radiorevelacionfm.cl\/wp-content\/uploads\/2026\/01\/encuentro_segurosocial_reformapensiones_1bb-1_optimized-1-300x196.jpg 300w, https:\/\/radiorevelacionfm.cl\/wp-content\/uploads\/2026\/01\/encuentro_segurosocial_reformapensiones_1bb-1_optimized-1-768x503.jpg 768w, https:\/\/radiorevelacionfm.cl\/wp-content\/uploads\/2026\/01\/encuentro_segurosocial_reformapensiones_1bb-1_optimized-1-705x461.jpg 705w, https:\/\/radiorevelacionfm.cl\/wp-content\/uploads\/2026\/01\/encuentro_segurosocial_reformapensiones_1bb-1_optimized-1-450x294.jpg 450w, https:\/\/radiorevelacionfm.cl\/wp-content\/uploads\/2026\/01\/encuentro_segurosocial_reformapensiones_1bb-1_optimized-1-600x393.jpg 600w\" sizes=\"(max-width: 917px) 100vw, 917px\" \/><\/div><\/div><\/div><\/div><div class=\"flex_column av_one_full  flex_column_div av-zero-column-padding first  avia-builder-el-2  el_after_av_one_full  el_before_av_one_full  column-top-margin\" style='border-radius:0px; '><section class=\"av_textblock_section \"  itemscope=\"itemscope\" itemtype=\"https:\/\/schema.org\/BlogPosting\" itemprop=\"blogPost\" ><div class='avia_textblock  '   itemprop=\"text\" ><p style=\"text-align: center;\"><span style=\"font-size: 18pt;\"><b><span lang=\"ES\">Reforma de Pensiones: con gran asistencia se da a conocer la implementaci\u00f3n del Seguro Social<\/span><\/b><\/span><\/p>\n<div id=\"gtx-trans\" style=\"position: absolute; left: -50px; top: 4.31534px;\">\n<div class=\"gtx-trans-icon\"><\/div>\n<\/div>\n<\/div><\/section><\/div><div class=\"flex_column av_one_full  flex_column_div av-zero-column-padding first  avia-builder-el-4  el_after_av_one_full  el_before_av_hr  column-top-margin\" style='border-radius:0px; '><section class=\"av_textblock_section \"  itemscope=\"itemscope\" itemtype=\"https:\/\/schema.org\/BlogPosting\" itemprop=\"blogPost\" ><div class='avia_textblock  '   itemprop=\"text\" ><p style=\"font-weight: 400; text-align: justify;\"><em>A partir de este mes de enero 2026 los pensionados comenzaron a recibir el seguro Social, en el contexto de la Reforma de Pensiones: premio al esfuerzo de quienes cotizaron m\u00e1s de 10 a\u00f1os en el caso de las mujeres y m\u00e1s de 20 a\u00f1os en el caso de los hombres.<\/em><\/p>\n<p style=\"font-weight: 400; text-align: justify;\">En la sede del Colegio de Profesores se realiz\u00f3 un Encuentro Ciudadano sobre la implementaci\u00f3n del Seguro Social en el contexto de la Reforma de Pensiones, con el cual m\u00e1s de 1.300.000 pensionados y pensionadas en Chile est\u00e1n viendo un aumento autom\u00e1tico en sus pagos mensuales. La actividad tuvo m\u00e1s de 50 asistentes y fue organizada en conjunto por la Seremi de Trabajo y Previsi\u00f3n Social, Seremi de Gobierno con la Divisi\u00f3n de Organizaciones Sociales (DOS) y el Instituto de Previsi\u00f3n Social, IPS ChileAtiende.<\/p>\n<p style=\"font-weight: 400; text-align: justify;\">El encuentro fue liderado por el Delegado presidencial regional de Ays\u00e9n, Jorge D\u00edaz Guzm\u00e1n y el Subsecretario de Gobierno, Erwin D\u00edaz Asenjo y cont\u00f3 con la exposici\u00f3n conjunta de los Seremis de Trabajo y Previsi\u00f3n Social, Rodrigo D\u00edaz Cordaro y de Segegob, \u00darsula Mix Jim\u00e9nez.<\/p>\n<p style=\"font-weight: 400; text-align: justify;\">D\u00edaz Guzm\u00e1n detall\u00f3 sobre la importancia de este beneficio, como parte de una bater\u00eda de iniciativas, \u201cHa sido de mucha utilidad este encuentro que hemos sostenido con los adultos mayores y todas las personas que ya sienten y perciben, en concreto, la reforma previsional que el presidente Boric y nuestro gobierno impuls\u00f3 y que hoy d\u00eda es ley. Estamos muy contentos porque la gente ha podido consultar sus dudas y, fundamentalmente, lo que ha quedado de manifiesto es que ha sido nuestro gobierno el que ha puesto el acento en la preocupaci\u00f3n por los adultos mayores, no solamente desde el punto de vista de mejorar las pensiones, sino que tambi\u00e9n el Copago Cero, la Pol\u00edtica de Cuidado, la Deuda Hist\u00f3rica de los Profesores, entre otras. Por lo tanto, lo que est\u00e1 aqu\u00ed en evidencia, es que nuestro Gobierno ha hecho un gran esfuerzo y hoy d\u00eda nos sentimos muy contentos porque los beneficios son una realidad en todo este segmento de los adultos mayores del pa\u00eds y de nuestra regi\u00f3n, en particular\u201d.<\/p>\n<p style=\"font-weight: 400; text-align: justify;\">Por su parte, el Subsecretario de Gobierno, detall\u00f3 sobre el Seguro Social, \u201cEste encuentro que hemos tenido con personas mayores ac\u00e1 en la comuna de Coyhaique es muy relevante, puesto que es bueno que comencemos a dar a conocer los pagos del Seguro Social que se est\u00e1n ejecutando durante el mes de enero. El pago del Seguro Social que compone dos cosas importantes, dos bonos, dos beneficios. Uno es por la cantidad de a\u00f1os cotizados que tengan las y los jubilados, las mujeres 10 a\u00f1os de cotizaci\u00f3n y los hombres 20 a\u00f1os de cotizaci\u00f3n como m\u00ednimo, con un tope de 25 a\u00f1os, que se paga 0,1 UF por a\u00f1o de cotizaci\u00f3n. Es decir, alrededor de 4 mil pesos por a\u00f1o cotizado con un tope de 25, son alrededor de $100 mil pesos extra que se va a pagar mensualmente en sus pensiones. Y por otro lado, tambi\u00e9n est\u00e1 la Compensaci\u00f3n por Expectativa de Vida. \u00bfQu\u00e9 quiere decir esto? A las mujeres, en el sistema anterior, se les castigaba por vivir m\u00e1s. Es decir, ten\u00edan misma cantidad de a\u00f1os cotizados que el hombre y ten\u00edan mismo ahorro previsional que el hombre y recib\u00edan menos pensi\u00f3n. Y a ellos se les va a pagar 0,25 UF, ah\u00ed parte el pago, que esos son alrededor de $9.900 pesos. Esto es bueno que lo conversemos con las personas para que tengan claridad de lo que van a recibir\u201d, afirm\u00f3 Erwin D\u00edaz.<\/p>\n<p style=\"font-weight: 400; text-align: justify;\">En este sentido, el Seremi(s) Rodrigo D\u00edaz mencion\u00f3 que son m\u00e1s de 5.000 los ayseninos y ayseninas que ya est\u00e1n recibiendo el Seguro Social, \u201cPara nosotros como Ministerio de Trabajo y Previsi\u00f3n Social, el d\u00eda de hoy es un d\u00eda muy importante, pudimos conversar con beneficiarios del Seguro Social, Seguro Social que administra el Instituto de Previsi\u00f3n Social, IPS ChileAtiende, donde a partir de este mes de enero ya comienzan a recibir su pago, por su esfuerzo, valorando la cantidad de meses que cotizaron. En este sentido, en nuestra Regi\u00f3n de Ays\u00e9n son 5.714 las y los pensionados que estar\u00e1n recibiendo mes a mes este seguro social, junto con su pensi\u00f3n. Queremos destacar a las mujeres, ya que en la regi\u00f3n, la pensi\u00f3n autofinanciada que entrega la AFP tiene una media de $30.000 y ahora, gracias a la compensaci\u00f3n por la expectativa de vida, que hemos llamado \u201cPensi\u00f3n Mujer\u201d, reciben un aporte extra, quedando igual a los hombres. Estos son beneficios reales y hoy d\u00eda una pensionada puede subir su cotizaci\u00f3n aproximadamente en $120.000 pesos. Esto es un beneficio concreto de la Reforma de Pensiones para mejorar la vida de los actuales jubilados y jubiladas, y un compromiso cumplido del gobierno del Presidente Boric\u201d.<\/p>\n<p style=\"font-weight: 400; text-align: justify;\">Entre las asistentes, estuvo Br\u00edgida Hern\u00e1ndez, quien se\u00f1al\u00f3 su gran alegr\u00eda por recibir este beneficio extra que se suma a su pensi\u00f3n, que era muy baja, \u201cYo tengo 45 a\u00f1os de cotizaciones y lo que es la AFP a m\u00ed me garantiz\u00f3 una pensi\u00f3n muy bajita y gracias ahora al beneficio que obtengo por el esfuerzo de los 45 a\u00f1os cotizados y todo eso, casi se me asemej\u00f3 a lo que me da la AFP y eso para m\u00ed me representa, porque postergu\u00e9 y postergu\u00e9 jubilarme porque la AFP me ofrec\u00eda muy poco. Ahora estoy agradecida por esto, porque al final s\u00ed me est\u00e1n reconociendo algo en mi esfuerzo. Muy buena la charla y yo invito a toda la comunidad a que se acerque, la gente que venga a instruirse y a tomar conocimiento porque este beneficio es \u00fanico e hist\u00f3rico, yo pens\u00e9 que nunca lo iba a tener, as\u00ed que agradecida de este gobierno, sobre todo.\u201d<\/p>\n<p style=\"font-weight: 400; text-align: justify;\">Por su parte, la presidenta del departamento de jubilados del Colegio de Profesores, M\u00f3nica Vera, destac\u00f3 la labor del IPS ChileAtiende, \u201cAgradecer la oportunidad de aclarar algunas consultas y tambi\u00e9n valorar el hecho de que las funcionarias de ChileAtiende, por ejemplo, est\u00e9n disponibles para las dudas que tengan todos los beneficiarios de estas pensiones. As\u00ed que agradecer eso\u201d.<\/p>\n<p style=\"font-weight: 400; text-align: justify;\">Entre los participantes estuvieron profesores jubilados, asistentes de la educaci\u00f3n, el presidente de la CUT, Mauricio Mu\u00f1oz, dirigentes del Sindicato de Conaf, Anecap, entre otros, adem\u00e1s de autoridades regionales como los Seremis de Deportes, Ciencias, Salud, MedioAmbiente y el jefe de Subdere. Junto al stand de la DOS, los asistentes pudieron resolver consultas espec\u00edficas en el stand del IPS ChileAtiende.<\/p>\n<p style=\"font-weight: 400; text-align: justify;\">Para mayor informaci\u00f3n, se puede revisar el sitio web sobre la Reforma de Pensiones en\u00a0<a href=\"http:\/\/www.lareformadepensiones.cl\/\" data-saferedirecturl=\"https:\/\/www.google.com\/url?q=http:\/\/www.lareformadepensiones.cl\/&amp;source=gmail&amp;ust=1769630152340000&amp;usg=AOvVaw3jXGRohb-BuBnWPS-qbJLJ\">www.LaReformadePensiones.cl<\/a>\u00a0, en el tel\u00e9fono 101 del IPS ChileAtiende y en todas las sucursales de la Regi\u00f3n de Ays\u00e9n, ubicadas en Puerto Cisnes, Puerto Ays\u00e9n, Coyhaique, Chile Chico y Cochrane.<\/p>\n<\/div><\/section><\/div><div  style='height:50px' class='hr hr-invisible   avia-builder-el-6  el_after_av_one_full  el_before_av_social_share '><span class='hr-inner ' ><span class='hr-inner-style'><\/span><\/span><\/div><\/p>\n<div  class='av-social-sharing-box  avia-builder-el-7  el_after_av_hr  el_before_av_hr  '><div class='av-share-box'><h5 class='av-share-link-description av-no-toc '>Compartir esta noticia<\/h5><ul class='av-share-box-list noLightbox'><li class='av-share-link av-social-link-facebook' ><a target=\"_blank\" aria-label=\"Compartir en Facebook\" href='https:\/\/www.facebook.com\/sharer.php?u=https:\/\/radiorevelacionfm.cl\/?p=63733&#038;t=Reforma%20de%20Pensiones%3A%20con%20gran%20asistencia%20se%20da%20a%20conocer%20la%20implementaci%C3%B3n%20del%20Seguro%20Social' aria-hidden='false' data-av_icon='\ue8f3' data-av_iconfont='entypo-fontello' title='' data-avia-related-tooltip='Compartir en Facebook' rel=\"noopener\"><span class='avia_hidden_link_text'>Compartir en Facebook<\/span><\/a><\/li><li class='av-share-link av-social-link-twitter' ><a target=\"_blank\" aria-label=\"Compartir en Twitter\" href='https:\/\/twitter.com\/share?text=Reforma%20de%20Pensiones%3A%20con%20gran%20asistencia%20se%20da%20a%20conocer%20la%20implementaci%C3%B3n%20del%20Seguro%20Social&#038;url=https:\/\/radiorevelacionfm.cl\/?p=63733' aria-hidden='false' data-av_icon='\ue8f1' data-av_iconfont='entypo-fontello' title='' data-avia-related-tooltip='Compartir en Twitter' rel=\"noopener\"><span class='avia_hidden_link_text'>Compartir en Twitter<\/span><\/a><\/li><li class='av-share-link av-social-link-whatsapp' ><a target=\"_blank\" aria-label=\"Compartir en Whatsapp\" href='https:\/\/api.whatsapp.com\/send?text=https:\/\/radiorevelacionfm.cl\/?p=63733' aria-hidden='false' data-av_icon='\uf232' data-av_iconfont='entypo-fontello' title='' data-avia-related-tooltip='Compartir en Whatsapp' rel=\"noopener\"><span class='avia_hidden_link_text'>Compartir en Whatsapp<\/span><\/a><\/li><li class='av-share-link av-social-link-linkedin' ><a target=\"_blank\" aria-label=\"Compartir en LinkedIn\" href='https:\/\/linkedin.com\/shareArticle?mini=true&#038;title=Reforma%20de%20Pensiones%3A%20con%20gran%20asistencia%20se%20da%20a%20conocer%20la%20implementaci%C3%B3n%20del%20Seguro%20Social&#038;url=https:\/\/radiorevelacionfm.cl\/?p=63733' aria-hidden='false' data-av_icon='\ue8fc' data-av_iconfont='entypo-fontello' title='' data-avia-related-tooltip='Compartir en LinkedIn' rel=\"noopener\"><span class='avia_hidden_link_text'>Compartir en LinkedIn<\/span><\/a><\/li><li class='av-share-link av-social-link-mail' ><a  aria-label=\"Compartir por correo\" href='mailto:?subject=Reforma%20de%20Pensiones%3A%20con%20gran%20asistencia%20se%20da%20a%20conocer%20la%20implementaci%C3%B3n%20del%20Seguro%20Social&#038;body=https:\/\/radiorevelacionfm.cl\/?p=63733' aria-hidden='false' data-av_icon='\ue805' data-av_iconfont='entypo-fontello' title='' data-avia-related-tooltip='Compartir por correo'><span class='avia_hidden_link_text'>Compartir por correo<\/span><\/a><\/li><\/ul><\/div><\/div>\n<div  style='height:50px' class='hr hr-invisible   avia-builder-el-8  el_after_av_social_share  el_before_av_comments_list '><span class='hr-inner ' ><span class='hr-inner-style'><\/span><\/span><\/div>\n<div  class='av-buildercomment  av-blog-meta-html-info-disabled av-blog-meta-tag-disabled  '><\/div>\n","protected":false},"excerpt":{"rendered":"","protected":false},"author":1,"featured_media":63734,"comment_status":"closed","ping_status":"closed","sticky":false,"template":"","format":"standard","meta":{"footnotes":""},"categories":[56],"tags":[],"class_list":["post-63733","post","type-post","status-publish","format-standard","has-post-thumbnail","hentry","category-trabajo"],"jetpack_featured_media_url":"https:\/\/radiorevelacionfm.cl\/wp-content\/uploads\/2026\/01\/encuentro_segurosocial_reformapensiones_1bb-1_optimized-1.jpg","_links":{"self":[{"href":"https:\/\/radiorevelacionfm.cl\/index.php?rest_route=\/wp\/v2\/posts\/63733","targetHints":{"allow":["GET"]}}],"collection":[{"href":"https:\/\/radiorevelacionfm.cl\/index.php?rest_route=\/wp\/v2\/posts"}],"about":[{"href":"https:\/\/radiorevelacionfm.cl\/index.php?rest_route=\/wp\/v2\/types\/post"}],"author":[{"embeddable":true,"href":"https:\/\/radiorevelacionfm.cl\/index.php?rest_route=\/wp\/v2\/users\/1"}],"replies":[{"embeddable":true,"href":"https:\/\/radiorevelacionfm.cl\/index.php?rest_route=%2Fwp%2Fv2%2Fcomments&post=63733"}],"version-history":[{"count":2,"href":"https:\/\/radiorevelacionfm.cl\/index.php?rest_route=\/wp\/v2\/posts\/63733\/revisions"}],"predecessor-version":[{"id":63778,"href":"https:\/\/radiorevelacionfm.cl\/index.php?rest_route=\/wp\/v2\/posts\/63733\/revisions\/63778"}],"wp:featuredmedia":[{"embeddable":true,"href":"https:\/\/radiorevelacionfm.cl\/index.php?rest_route=\/wp\/v2\/media\/63734"}],"wp:attachment":[{"href":"https:\/\/radiorevelacionfm.cl\/index.php?rest_route=%2Fwp%2Fv2%2Fmedia&parent=63733"}],"wp:term":[{"taxonomy":"category","embeddable":true,"href":"https:\/\/radiorevelacionfm.cl\/index.php?rest_route=%2Fwp%2Fv2%2Fcategories&post=63733"},{"taxonomy":"post_tag","embeddable":true,"href":"https:\/\/radiorevelacionfm.cl\/index.php?rest_route=%2Fwp%2Fv2%2Ftags&post=63733"}],"curies":[{"name":"wp","href":"https:\/\/api.w.org\/{rel}","templated":true}]}}