{"id":63729,"date":"2026-01-27T17:29:04","date_gmt":"2026-01-27T20:29:04","guid":{"rendered":"https:\/\/radiorevelacionfm.cl\/?p=63729"},"modified":"2026-01-27T17:29:04","modified_gmt":"2026-01-27T20:29:04","slug":"invitan-a-vivir-la-fiesta-del-pescao-frito-y-su-gran-minga-cisnense","status":"publish","type":"post","link":"https:\/\/radiorevelacionfm.cl\/?p=63729","title":{"rendered":"Invitan a vivir la Fiesta del Pesca\u2019o Frito y su gran minga cisnense"},"content":{"rendered":"<div class=\"flex_column av_one_full  flex_column_div av-zero-column-padding first  avia-builder-el-0  el_before_av_one_full  avia-builder-el-first  \" style='border-radius:0px; '><div  class='avia-image-container  av-styling-    avia-builder-el-1  avia-builder-el-no-sibling  avia-align-center '  itemprop=\"image\" itemscope=\"itemscope\" itemtype=\"https:\/\/schema.org\/ImageObject\"  ><div class='avia-image-container-inner'><div class='avia-image-overlay-wrap'><img decoding=\"async\" class='wp-image-63730 avia-img-lazy-loading-not-63730 avia_image' src=\"https:\/\/radiorevelacionfm.cl\/wp-content\/uploads\/2026\/01\/pescaofrito-1_optimized-1-1.jpg\" alt='' title='pescaofrito-(1)_optimized (1) (1)' height=\"600\" width=\"1013\"  itemprop=\"thumbnailUrl\" srcset=\"https:\/\/radiorevelacionfm.cl\/wp-content\/uploads\/2026\/01\/pescaofrito-1_optimized-1-1.jpg 1013w, https:\/\/radiorevelacionfm.cl\/wp-content\/uploads\/2026\/01\/pescaofrito-1_optimized-1-1-300x178.jpg 300w, https:\/\/radiorevelacionfm.cl\/wp-content\/uploads\/2026\/01\/pescaofrito-1_optimized-1-1-768x455.jpg 768w, https:\/\/radiorevelacionfm.cl\/wp-content\/uploads\/2026\/01\/pescaofrito-1_optimized-1-1-705x418.jpg 705w, https:\/\/radiorevelacionfm.cl\/wp-content\/uploads\/2026\/01\/pescaofrito-1_optimized-1-1-450x267.jpg 450w, https:\/\/radiorevelacionfm.cl\/wp-content\/uploads\/2026\/01\/pescaofrito-1_optimized-1-1-600x355.jpg 600w\" sizes=\"(max-width: 1013px) 100vw, 1013px\" \/><\/div><\/div><\/div><\/div><div class=\"flex_column av_one_full  flex_column_div av-zero-column-padding first  avia-builder-el-2  el_after_av_one_full  el_before_av_one_full  column-top-margin\" style='border-radius:0px; '><section class=\"av_textblock_section \"  itemscope=\"itemscope\" itemtype=\"https:\/\/schema.org\/BlogPosting\" itemprop=\"blogPost\" ><div class='avia_textblock  '   itemprop=\"text\" ><p style=\"text-align: center;\"><strong><span style=\"font-size: 18pt;\">Invitan a vivir la Fiesta del Pesca\u2019o Frito y su gran minga cisnense<\/span><\/strong><\/p>\n<div id=\"gtx-trans\" style=\"position: absolute; left: -50px; top: 4.31534px;\">\n<div class=\"gtx-trans-icon\"><\/div>\n<\/div>\n<\/div><\/section><\/div><div class=\"flex_column av_one_full  flex_column_div av-zero-column-padding first  avia-builder-el-4  el_after_av_one_full  el_before_av_hr  column-top-margin\" style='border-radius:0px; '><section class=\"av_textblock_section \"  itemscope=\"itemscope\" itemtype=\"https:\/\/schema.org\/BlogPosting\" itemprop=\"blogPost\" ><div class='avia_textblock  '   itemprop=\"text\" ><p style=\"text-align: justify;\">El alcalde de la comuna de Cisnes, Francisco Roncagliolo, junto a Erica S\u00e1nchez, presidenta de la agrupaci\u00f3n organizadora, extendieron la invitaci\u00f3n a la comunidad local y a los visitantes de la regi\u00f3n de Ays\u00e9n a participar de una nueva edici\u00f3n de la tradicional Fiesta del Pesca\u2019o Frito, que se desarrollar\u00e1 los d\u00edas 30 y 31 de enero en Puerto Cisnes.<\/p>\n<p style=\"text-align: justify;\">La Fiesta del Pesca\u2019o Frito y su gran minga cisnense es una celebraci\u00f3n costumbrista que forma parte de la identidad local y que cada a\u00f1o convoca a vecinos y visitantes de distintos puntos del pa\u00eds y del extranjero para compartir la gastronom\u00eda t\u00edpica, la solidaridad y el folclore, consolid\u00e1ndose como una de las principales celebraciones estivales de la comuna y de la regi\u00f3n de Ays\u00e9n.<\/p>\n<p style=\"text-align: justify;\">En ese contexto, el alcalde Francisco Roncagliolo indic\u00f3 que la actividad ha sido preparada mediante un trabajo coordinado con la organizaci\u00f3n, con el objetivo de recibir de buena manera a quienes visiten la comuna durante este fin de semana y de fortalecer el sector socio-productivo local, contribuyendo al desarrollo tur\u00edstico y econ\u00f3mico del territorio. En esa l\u00ednea, se\u00f1al\u00f3 que la Municipalidad de Cisnes aporta los principales recursos para la realizaci\u00f3n del evento, asumiendo casi la totalidad del financiamiento, lo que permitir\u00e1 su correcta ejecuci\u00f3n.<\/p>\n<p style=\"text-align: justify;\">A\u00f1adi\u00f3 que la actividad contar\u00e1 con la participaci\u00f3n de m\u00e1s de 70 emprendedores, provenientes del \u00e1mbito local, regional y nacional, lo que permitir\u00e1 ampliar la oferta para el p\u00fablico y generar oportunidades de ingresos durante ambas jornadas.<\/p>\n<p style=\"text-align: justify;\">Por su parte, Erica S\u00e1nchez, presidenta de la Agrupaci\u00f3n Pesca\u2019o Frito, reforz\u00f3 el llamado a la comunidad a ser parte de esta celebraci\u00f3n, valorando el respaldo entregado por el municipio, el cual ha sido fundamental para concretar esta nueva versi\u00f3n de la fiesta, ya consolidada como una tradici\u00f3n en Puerto Cisnes.<\/p>\n<p style=\"text-align: justify;\">El detalle de la programaci\u00f3n y las actividades contempladas se encuentra disponible en las redes sociales oficiales de la organizaci\u00f3n @fiestadelpescaofrito.<\/p>\n<\/div><\/section><\/div><div  style='height:50px' class='hr hr-invisible   avia-builder-el-6  el_after_av_one_full  el_before_av_social_share '><span class='hr-inner ' ><span class='hr-inner-style'><\/span><\/span><\/div><\/p>\n<div  class='av-social-sharing-box  avia-builder-el-7  el_after_av_hr  el_before_av_hr  '><div class='av-share-box'><h5 class='av-share-link-description av-no-toc '>Compartir esta noticia<\/h5><ul class='av-share-box-list noLightbox'><li class='av-share-link av-social-link-facebook' ><a target=\"_blank\" aria-label=\"Compartir en Facebook\" href='https:\/\/www.facebook.com\/sharer.php?u=https:\/\/radiorevelacionfm.cl\/?p=63729&#038;t=Invitan%20a%20vivir%20la%20Fiesta%20del%20Pesca%E2%80%99o%20Frito%20y%20su%20gran%20minga%20cisnense' aria-hidden='false' data-av_icon='\ue8f3' data-av_iconfont='entypo-fontello' title='' data-avia-related-tooltip='Compartir en Facebook' rel=\"noopener\"><span class='avia_hidden_link_text'>Compartir en Facebook<\/span><\/a><\/li><li class='av-share-link av-social-link-twitter' ><a target=\"_blank\" aria-label=\"Compartir en Twitter\" href='https:\/\/twitter.com\/share?text=Invitan%20a%20vivir%20la%20Fiesta%20del%20Pesca%E2%80%99o%20Frito%20y%20su%20gran%20minga%20cisnense&#038;url=https:\/\/radiorevelacionfm.cl\/?p=63729' aria-hidden='false' data-av_icon='\ue8f1' data-av_iconfont='entypo-fontello' title='' data-avia-related-tooltip='Compartir en Twitter' rel=\"noopener\"><span class='avia_hidden_link_text'>Compartir en Twitter<\/span><\/a><\/li><li class='av-share-link av-social-link-whatsapp' ><a target=\"_blank\" aria-label=\"Compartir en Whatsapp\" href='https:\/\/api.whatsapp.com\/send?text=https:\/\/radiorevelacionfm.cl\/?p=63729' aria-hidden='false' data-av_icon='\uf232' data-av_iconfont='entypo-fontello' title='' data-avia-related-tooltip='Compartir en Whatsapp' rel=\"noopener\"><span class='avia_hidden_link_text'>Compartir en Whatsapp<\/span><\/a><\/li><li class='av-share-link av-social-link-linkedin' ><a target=\"_blank\" aria-label=\"Compartir en LinkedIn\" href='https:\/\/linkedin.com\/shareArticle?mini=true&#038;title=Invitan%20a%20vivir%20la%20Fiesta%20del%20Pesca%E2%80%99o%20Frito%20y%20su%20gran%20minga%20cisnense&#038;url=https:\/\/radiorevelacionfm.cl\/?p=63729' aria-hidden='false' data-av_icon='\ue8fc' data-av_iconfont='entypo-fontello' title='' data-avia-related-tooltip='Compartir en LinkedIn' rel=\"noopener\"><span class='avia_hidden_link_text'>Compartir en LinkedIn<\/span><\/a><\/li><li class='av-share-link av-social-link-mail' ><a  aria-label=\"Compartir por correo\" href='mailto:?subject=Invitan%20a%20vivir%20la%20Fiesta%20del%20Pesca%E2%80%99o%20Frito%20y%20su%20gran%20minga%20cisnense&#038;body=https:\/\/radiorevelacionfm.cl\/?p=63729' aria-hidden='false' data-av_icon='\ue805' data-av_iconfont='entypo-fontello' title='' data-avia-related-tooltip='Compartir por correo'><span class='avia_hidden_link_text'>Compartir por correo<\/span><\/a><\/li><\/ul><\/div><\/div>\n<div  style='height:50px' class='hr hr-invisible   avia-builder-el-8  el_after_av_social_share  el_before_av_comments_list '><span class='hr-inner ' ><span class='hr-inner-style'><\/span><\/span><\/div>\n<div  class='av-buildercomment  av-blog-meta-html-info-disabled av-blog-meta-tag-disabled  '><\/div>\n","protected":false},"excerpt":{"rendered":"","protected":false},"author":1,"featured_media":63730,"comment_status":"closed","ping_status":"closed","sticky":false,"template":"","format":"standard","meta":{"footnotes":""},"categories":[38],"tags":[],"class_list":["post-63729","post","type-post","status-publish","format-standard","has-post-thumbnail","hentry","category-regional"],"jetpack_featured_media_url":"https:\/\/radiorevelacionfm.cl\/wp-content\/uploads\/2026\/01\/pescaofrito-1_optimized-1-1.jpg","_links":{"self":[{"href":"https:\/\/radiorevelacionfm.cl\/index.php?rest_route=\/wp\/v2\/posts\/63729","targetHints":{"allow":["GET"]}}],"collection":[{"href":"https:\/\/radiorevelacionfm.cl\/index.php?rest_route=\/wp\/v2\/posts"}],"about":[{"href":"https:\/\/radiorevelacionfm.cl\/index.php?rest_route=\/wp\/v2\/types\/post"}],"author":[{"embeddable":true,"href":"https:\/\/radiorevelacionfm.cl\/index.php?rest_route=\/wp\/v2\/users\/1"}],"replies":[{"embeddable":true,"href":"https:\/\/radiorevelacionfm.cl\/index.php?rest_route=%2Fwp%2Fv2%2Fcomments&post=63729"}],"version-history":[{"count":2,"href":"https:\/\/radiorevelacionfm.cl\/index.php?rest_route=\/wp\/v2\/posts\/63729\/revisions"}],"predecessor-version":[{"id":63732,"href":"https:\/\/radiorevelacionfm.cl\/index.php?rest_route=\/wp\/v2\/posts\/63729\/revisions\/63732"}],"wp:featuredmedia":[{"embeddable":true,"href":"https:\/\/radiorevelacionfm.cl\/index.php?rest_route=\/wp\/v2\/media\/63730"}],"wp:attachment":[{"href":"https:\/\/radiorevelacionfm.cl\/index.php?rest_route=%2Fwp%2Fv2%2Fmedia&parent=63729"}],"wp:term":[{"taxonomy":"category","embeddable":true,"href":"https:\/\/radiorevelacionfm.cl\/index.php?rest_route=%2Fwp%2Fv2%2Fcategories&post=63729"},{"taxonomy":"post_tag","embeddable":true,"href":"https:\/\/radiorevelacionfm.cl\/index.php?rest_route=%2Fwp%2Fv2%2Ftags&post=63729"}],"curies":[{"name":"wp","href":"https:\/\/api.w.org\/{rel}","templated":true}]}}