{"id":63724,"date":"2026-01-27T15:13:56","date_gmt":"2026-01-27T18:13:56","guid":{"rendered":"https:\/\/radiorevelacionfm.cl\/?p=63724"},"modified":"2026-01-27T15:13:56","modified_gmt":"2026-01-27T18:13:56","slug":"activate-en-vacaciones-cisnes-2026-aprendizaje-entretenido-para-ninos-as-y-adolescentes","status":"publish","type":"post","link":"https:\/\/radiorevelacionfm.cl\/?p=63724","title":{"rendered":"\u201cAct\u00edvate en Vacaciones\u201d Cisnes 2026: Aprendizaje entretenido para ni\u00f1os\/as y adolescentes"},"content":{"rendered":"<div class=\"flex_column av_one_full  flex_column_div av-zero-column-padding first  avia-builder-el-0  el_before_av_one_full  avia-builder-el-first  \" style='border-radius:0px; '><div  class='avia-image-container  av-styling-    avia-builder-el-1  avia-builder-el-no-sibling  avia-align-center '  itemprop=\"image\" itemscope=\"itemscope\" itemtype=\"https:\/\/schema.org\/ImageObject\"  ><div class='avia-image-container-inner'><div class='avia-image-overlay-wrap'><img decoding=\"async\" class='wp-image-63725 avia-img-lazy-loading-not-63725 avia_image' src=\"https:\/\/radiorevelacionfm.cl\/wp-content\/uploads\/2026\/01\/ACTIVATE-CISNES-22-1-1.jpg\" alt='' title='ACTIVATE CISNES 22 (1) (1)' height=\"600\" width=\"800\"  itemprop=\"thumbnailUrl\" srcset=\"https:\/\/radiorevelacionfm.cl\/wp-content\/uploads\/2026\/01\/ACTIVATE-CISNES-22-1-1.jpg 800w, https:\/\/radiorevelacionfm.cl\/wp-content\/uploads\/2026\/01\/ACTIVATE-CISNES-22-1-1-300x225.jpg 300w, https:\/\/radiorevelacionfm.cl\/wp-content\/uploads\/2026\/01\/ACTIVATE-CISNES-22-1-1-768x576.jpg 768w, https:\/\/radiorevelacionfm.cl\/wp-content\/uploads\/2026\/01\/ACTIVATE-CISNES-22-1-1-705x529.jpg 705w, https:\/\/radiorevelacionfm.cl\/wp-content\/uploads\/2026\/01\/ACTIVATE-CISNES-22-1-1-450x338.jpg 450w, https:\/\/radiorevelacionfm.cl\/wp-content\/uploads\/2026\/01\/ACTIVATE-CISNES-22-1-1-600x450.jpg 600w\" sizes=\"(max-width: 800px) 100vw, 800px\" \/><\/div><\/div><\/div><\/div><div class=\"flex_column av_one_full  flex_column_div av-zero-column-padding first  avia-builder-el-2  el_after_av_one_full  el_before_av_one_full  column-top-margin\" style='border-radius:0px; '><section class=\"av_textblock_section \"  itemscope=\"itemscope\" itemtype=\"https:\/\/schema.org\/BlogPosting\" itemprop=\"blogPost\" ><div class='avia_textblock  '   itemprop=\"text\" ><p style=\"text-align: center;\"><strong><span style=\"font-size: 18pt;\">\u201cAct\u00edvate en Vacaciones\u201d Cisnes 2026: Aprendizaje entretenido para ni\u00f1os\/as y adolescentes<\/span><\/strong><\/p>\n<div id=\"gtx-trans\" style=\"position: absolute; left: -50px; top: 4.31534px;\">\n<div class=\"gtx-trans-icon\"><\/div>\n<\/div>\n<\/div><\/section><\/div><div class=\"flex_column av_one_full  flex_column_div av-zero-column-padding first  avia-builder-el-4  el_after_av_one_full  el_before_av_hr  column-top-margin\" style='border-radius:0px; '><section class=\"av_textblock_section \"  itemscope=\"itemscope\" itemtype=\"https:\/\/schema.org\/BlogPosting\" itemprop=\"blogPost\" ><div class='avia_textblock  '   itemprop=\"text\" ><p style=\"text-align: justify;\">Por tercer a\u00f1o consecutivo, la Ilustre Municipalidad de Cisnes, a trav\u00e9s de la Oficina Local de la Ni\u00f1ez, se adjudic\u00f3 el Programa \u201cAct\u00edvate en Vacaciones\u201d de JUNAEB, en la l\u00ednea de intervenci\u00f3n Escuelas Saludables para el Aprendizaje. En esta oportunidad, Puerto Cisnes fue la localidad seleccionada para su ejecuci\u00f3n.<\/p>\n<p style=\"text-align: justify;\">Esta iniciativa tiene como objetivo promover h\u00e1bitos de vida saludables en ni\u00f1os, ni\u00f1as y adolescentes, a trav\u00e9s de una variada programaci\u00f3n de actividades recreativas, deportivas, art\u00edsticas-culturales, medioambientales y socioeducativas, fortaleciendo el bienestar integral y la participaci\u00f3n activa de las ni\u00f1eces.<\/p>\n<p style=\"text-align: justify;\">Desde hace algunos d\u00edas y hasta 11 de febrero de 2026, 33 son los ni\u00f1os, ni\u00f1as y adolescentes que est\u00e1n participando en diversos talleres, tales como fanzine, huerto comunitario, micro-bosque con lupa, grabado experimental, stop motion, pinturas naturales, entre otros, los cuales promueven la creatividad, el trabajo colaborativo y el v\u00ednculo con el patrimonio cultural y natural de nuestra comunidad.<\/p>\n<p style=\"text-align: justify;\">Dania Palma Tenorio, encargada regional del \u00e1rea de salud de Junaeb, relev\u00f3 que por tercer a\u00f1o consecutivo el Municipio de Cisnes a trav\u00e9s de su Oficina Local de la Ni\u00f1ez, se haya adjudicado el desarrollo del programa, que el 2025 se llev\u00f3 a cabo en Puyuhuapi y este a\u00f1o en la cabecera comunal.<\/p>\n<p style=\"text-align: justify;\">La profesional de la Junta Nacional de Auxilio Escolar y Becas, puso en valor el trabajo colaborativo entre los servicios p\u00fablicos que llevan adelante esta iniciativa, dirigida a ni\u00f1os, ni\u00f1as y adolescentes.<\/p>\n<p style=\"text-align: justify;\">\u201cNosotros estamos sumamente contentos porque en el trabajo mancomunado y en conjunto que tenemos con la OLN de la municipalidad de Puerto Cisnes y con las voluntades tambi\u00e9n del alcalde, de la administradora municipal, de Dideco de la municipalidad, hemos podido concluir y llegar a un convenio para que nuestros ni\u00f1os de la comuna de Cisnes puedan tener beneficios, talleres, actividades muy entretenidas, yoga, salidas al aire libre, muchas actividades de artes, grabado, etc\u00e9tera y eso para nosotros es sumamente importante, ese es nuestro objetivo, llegar a todas las comunas en las que podamos estar presentes, para favorecer a todos los ni\u00f1os y ni\u00f1as de nuestra regi\u00f3n\u201d.<\/p>\n<p style=\"text-align: justify;\">Por su parte, Mar\u00eda Jes\u00fas Fa\u00fandez, coordinadora del programa \u201cAct\u00edvate en Vacaciones\u201d Cisnes 2026, relev\u00f3 este tipo de iniciativas que permiten alejar a los participantes de los videojuegos, del celular, la televisi\u00f3n y lo trasladan a diversas actividades al aire libre, de interacci\u00f3n con la naturaleza y compartir sus pares.<\/p>\n<p style=\"text-align: justify;\">\u201cHa sido muy entretenido, interesante y se han hecho distintas actividades enfocadas al bienestar integral de ni\u00f1as, ni\u00f1os y adolescentes. La idea es que aprovechemos este espacio, que sea un espacio libre de pantallas y totalmente cargado de actividades que apoyen al desarrollo integral de ellas y ellos. Como, por ejemplo, actividades al aire libre, de senderismo, micro-bosque, exploraci\u00f3n en el micro-bosque, actividades art\u00edstico-culturales, pintura, grabado, stop motion tambi\u00e9n desde lo audiovisual. Adem\u00e1s, con enfoque en nutrici\u00f3n saludable, actividad f\u00edsica y otras actividades enfocadas en conocerse y desarrollar el lado m\u00e1s psicoemocional y que podamos convivir de manera amable y tambi\u00e9n hacer amigas y amigos durante este verano\u201d.<\/p>\n<p style=\"text-align: justify;\">Desde la Oficina Local de la Ni\u00f1ez Cisnes, agradecen a todas las familias y participantes por su compromiso y entusiasmo, as\u00ed como al equipo ejecutor conformado por Leyla S\u00e1nchez, Alison D\u00edaz, Sebasti\u00e1n Pe\u00f1a, Catalina Iturra, Mar\u00eda Jes\u00fas Fa\u00fandez, Karla Azagra, Bruno Ram\u00edrez, Anita G\u00f3mez y Jonathan Sanhueza, junto a la Oficina Campesina de la Municipalidad de Cisnes, quienes hacen posible el desarrollo de esta iniciativa.<\/p>\n<p style=\"text-align: justify;\">Se invita tambi\u00e9n a los vecinos y vecinas de la localidad, a ser parte de la muestra comunitaria, que se realizar\u00e1 el mi\u00e9rcoles 11 de febrero en la Escuela Guido G\u00f3mez Mu\u00f1oz, instancia en la que se compartir\u00e1n los trabajos y aprendizajes desarrollados por las ni\u00f1as, ni\u00f1os y adolescentes durante el programa \u201cAct\u00edvate en Vacaciones\u201d Cisnes 2026.<\/p>\n<\/div><\/section><\/div><div  style='height:50px' class='hr hr-invisible   avia-builder-el-6  el_after_av_one_full  el_before_av_social_share '><span class='hr-inner ' ><span class='hr-inner-style'><\/span><\/span><\/div><\/p>\n<div  class='av-social-sharing-box  avia-builder-el-7  el_after_av_hr  el_before_av_hr  '><div class='av-share-box'><h5 class='av-share-link-description av-no-toc '>Compartir esta noticia<\/h5><ul class='av-share-box-list noLightbox'><li class='av-share-link av-social-link-facebook' ><a target=\"_blank\" aria-label=\"Compartir en Facebook\" href='https:\/\/www.facebook.com\/sharer.php?u=https:\/\/radiorevelacionfm.cl\/?p=63724&#038;t=%E2%80%9CAct%C3%ADvate%20en%20Vacaciones%E2%80%9D%20Cisnes%202026%3A%20Aprendizaje%20entretenido%20para%20ni%C3%B1os%2Fas%20y%20adolescentes' aria-hidden='false' data-av_icon='\ue8f3' data-av_iconfont='entypo-fontello' title='' data-avia-related-tooltip='Compartir en Facebook' rel=\"noopener\"><span class='avia_hidden_link_text'>Compartir en Facebook<\/span><\/a><\/li><li class='av-share-link av-social-link-twitter' ><a target=\"_blank\" aria-label=\"Compartir en Twitter\" href='https:\/\/twitter.com\/share?text=%E2%80%9CAct%C3%ADvate%20en%20Vacaciones%E2%80%9D%20Cisnes%202026%3A%20Aprendizaje%20entretenido%20para%20ni%C3%B1os%2Fas%20y%20adolescentes&#038;url=https:\/\/radiorevelacionfm.cl\/?p=63724' aria-hidden='false' data-av_icon='\ue8f1' data-av_iconfont='entypo-fontello' title='' data-avia-related-tooltip='Compartir en Twitter' rel=\"noopener\"><span class='avia_hidden_link_text'>Compartir en Twitter<\/span><\/a><\/li><li class='av-share-link av-social-link-whatsapp' ><a target=\"_blank\" aria-label=\"Compartir en Whatsapp\" href='https:\/\/api.whatsapp.com\/send?text=https:\/\/radiorevelacionfm.cl\/?p=63724' aria-hidden='false' data-av_icon='\uf232' data-av_iconfont='entypo-fontello' title='' data-avia-related-tooltip='Compartir en Whatsapp' rel=\"noopener\"><span class='avia_hidden_link_text'>Compartir en Whatsapp<\/span><\/a><\/li><li class='av-share-link av-social-link-linkedin' ><a target=\"_blank\" aria-label=\"Compartir en LinkedIn\" href='https:\/\/linkedin.com\/shareArticle?mini=true&#038;title=%E2%80%9CAct%C3%ADvate%20en%20Vacaciones%E2%80%9D%20Cisnes%202026%3A%20Aprendizaje%20entretenido%20para%20ni%C3%B1os%2Fas%20y%20adolescentes&#038;url=https:\/\/radiorevelacionfm.cl\/?p=63724' aria-hidden='false' data-av_icon='\ue8fc' data-av_iconfont='entypo-fontello' title='' data-avia-related-tooltip='Compartir en LinkedIn' rel=\"noopener\"><span class='avia_hidden_link_text'>Compartir en LinkedIn<\/span><\/a><\/li><li class='av-share-link av-social-link-mail' ><a  aria-label=\"Compartir por correo\" href='mailto:?subject=%E2%80%9CAct%C3%ADvate%20en%20Vacaciones%E2%80%9D%20Cisnes%202026%3A%20Aprendizaje%20entretenido%20para%20ni%C3%B1os%2Fas%20y%20adolescentes&#038;body=https:\/\/radiorevelacionfm.cl\/?p=63724' aria-hidden='false' data-av_icon='\ue805' data-av_iconfont='entypo-fontello' title='' data-avia-related-tooltip='Compartir por correo'><span class='avia_hidden_link_text'>Compartir por correo<\/span><\/a><\/li><\/ul><\/div><\/div>\n<div  style='height:50px' class='hr hr-invisible   avia-builder-el-8  el_after_av_social_share  el_before_av_comments_list '><span class='hr-inner ' ><span class='hr-inner-style'><\/span><\/span><\/div>\n<div  class='av-buildercomment  av-blog-meta-html-info-disabled av-blog-meta-tag-disabled  '><\/div>\n","protected":false},"excerpt":{"rendered":"","protected":false},"author":1,"featured_media":63725,"comment_status":"closed","ping_status":"closed","sticky":false,"template":"","format":"standard","meta":{"footnotes":""},"categories":[38],"tags":[],"class_list":["post-63724","post","type-post","status-publish","format-standard","has-post-thumbnail","hentry","category-regional"],"jetpack_featured_media_url":"https:\/\/radiorevelacionfm.cl\/wp-content\/uploads\/2026\/01\/ACTIVATE-CISNES-22-1-1.jpg","_links":{"self":[{"href":"https:\/\/radiorevelacionfm.cl\/index.php?rest_route=\/wp\/v2\/posts\/63724","targetHints":{"allow":["GET"]}}],"collection":[{"href":"https:\/\/radiorevelacionfm.cl\/index.php?rest_route=\/wp\/v2\/posts"}],"about":[{"href":"https:\/\/radiorevelacionfm.cl\/index.php?rest_route=\/wp\/v2\/types\/post"}],"author":[{"embeddable":true,"href":"https:\/\/radiorevelacionfm.cl\/index.php?rest_route=\/wp\/v2\/users\/1"}],"replies":[{"embeddable":true,"href":"https:\/\/radiorevelacionfm.cl\/index.php?rest_route=%2Fwp%2Fv2%2Fcomments&post=63724"}],"version-history":[{"count":2,"href":"https:\/\/radiorevelacionfm.cl\/index.php?rest_route=\/wp\/v2\/posts\/63724\/revisions"}],"predecessor-version":[{"id":63727,"href":"https:\/\/radiorevelacionfm.cl\/index.php?rest_route=\/wp\/v2\/posts\/63724\/revisions\/63727"}],"wp:featuredmedia":[{"embeddable":true,"href":"https:\/\/radiorevelacionfm.cl\/index.php?rest_route=\/wp\/v2\/media\/63725"}],"wp:attachment":[{"href":"https:\/\/radiorevelacionfm.cl\/index.php?rest_route=%2Fwp%2Fv2%2Fmedia&parent=63724"}],"wp:term":[{"taxonomy":"category","embeddable":true,"href":"https:\/\/radiorevelacionfm.cl\/index.php?rest_route=%2Fwp%2Fv2%2Fcategories&post=63724"},{"taxonomy":"post_tag","embeddable":true,"href":"https:\/\/radiorevelacionfm.cl\/index.php?rest_route=%2Fwp%2Fv2%2Ftags&post=63724"}],"curies":[{"name":"wp","href":"https:\/\/api.w.org\/{rel}","templated":true}]}}