{"id":63720,"date":"2026-01-27T15:04:28","date_gmt":"2026-01-27T18:04:28","guid":{"rendered":"https:\/\/radiorevelacionfm.cl\/?p=63720"},"modified":"2026-01-27T15:04:28","modified_gmt":"2026-01-27T18:04:28","slug":"condenan-a-tres-pescadores-artesanales-de-la-region-de-los-lagos-por-operar-ilegalmente-en-aysen","status":"publish","type":"post","link":"https:\/\/radiorevelacionfm.cl\/?p=63720","title":{"rendered":"Condenan a tres pescadores artesanales de la regi\u00f3n de Los Lagos por operar ilegalmente en Ays\u00e9n"},"content":{"rendered":"<div class=\"flex_column av_one_full  flex_column_div av-zero-column-padding first  avia-builder-el-0  el_before_av_one_full  avia-builder-el-first  \" style='border-radius:0px; '><div  class='avia-image-container  av-styling-    avia-builder-el-1  avia-builder-el-no-sibling  avia-align-center '  itemprop=\"image\" itemscope=\"itemscope\" itemtype=\"https:\/\/schema.org\/ImageObject\"  ><div class='avia-image-container-inner'><div class='avia-image-overlay-wrap'><img decoding=\"async\" class='wp-image-63721 avia-img-lazy-loading-not-63721 avia_image' src=\"https:\/\/radiorevelacionfm.cl\/wp-content\/uploads\/2026\/01\/10-35-1_optimized.jpg\" alt='' title='10-(35)-(1)_optimized' height=\"600\" width=\"1067\"  itemprop=\"thumbnailUrl\" srcset=\"https:\/\/radiorevelacionfm.cl\/wp-content\/uploads\/2026\/01\/10-35-1_optimized.jpg 1067w, https:\/\/radiorevelacionfm.cl\/wp-content\/uploads\/2026\/01\/10-35-1_optimized-300x169.jpg 300w, https:\/\/radiorevelacionfm.cl\/wp-content\/uploads\/2026\/01\/10-35-1_optimized-1030x579.jpg 1030w, https:\/\/radiorevelacionfm.cl\/wp-content\/uploads\/2026\/01\/10-35-1_optimized-768x432.jpg 768w, https:\/\/radiorevelacionfm.cl\/wp-content\/uploads\/2026\/01\/10-35-1_optimized-705x396.jpg 705w, https:\/\/radiorevelacionfm.cl\/wp-content\/uploads\/2026\/01\/10-35-1_optimized-450x253.jpg 450w, https:\/\/radiorevelacionfm.cl\/wp-content\/uploads\/2026\/01\/10-35-1_optimized-600x337.jpg 600w\" sizes=\"(max-width: 1067px) 100vw, 1067px\" \/><\/div><\/div><\/div><\/div><div class=\"flex_column av_one_full  flex_column_div av-zero-column-padding first  avia-builder-el-2  el_after_av_one_full  el_before_av_one_full  column-top-margin\" style='border-radius:0px; '><section class=\"av_textblock_section \"  itemscope=\"itemscope\" itemtype=\"https:\/\/schema.org\/BlogPosting\" itemprop=\"blogPost\" ><div class='avia_textblock  '   itemprop=\"text\" ><p style=\"text-align: center;\"><span style=\"font-size: 18pt;\"><b>Condenan a tres pescadores artesanales de la regi\u00f3n de Los Lagos por operar ilegalmente en Ays\u00e9n<\/b><\/span><\/p>\n<div id=\"gtx-trans\" style=\"position: absolute; left: -50px; top: 4.31534px;\">\n<div class=\"gtx-trans-icon\"><\/div>\n<\/div>\n<\/div><\/section><\/div><div class=\"flex_column av_one_full  flex_column_div av-zero-column-padding first  avia-builder-el-4  el_after_av_one_full  el_before_av_hr  column-top-margin\" style='border-radius:0px; '><section class=\"av_textblock_section \"  itemscope=\"itemscope\" itemtype=\"https:\/\/schema.org\/BlogPosting\" itemprop=\"blogPost\" ><div class='avia_textblock  '   itemprop=\"text\" ><p style=\"font-weight: 400; text-align: justify;\">A ra\u00edz de las fiscalizaciones permanentes que realiza personal del Servicio Nacional de Pesca y Acuicultura (Sernapesca) con apoyo de la Armada de Chile para asegurar el cumplimiento del acuerdo de zonas contiguas y la ley General de Pesca y Acuicultura, es que se ha detectado en reiteradas ocasiones a pescadores artesanales provenientes de la regi\u00f3n de Los Lagos operando de manera ilegal, ya sea sin contar con la debida autorizaci\u00f3n para extraer recursos en Ays\u00e9n, naves sin matriculas, por obstaculizar la labor fiscalizadora, entre otras faltas.<\/p>\n<p style=\"font-weight: 400; text-align: justify;\">La primera condena, dictada por el Juzgado de Letras de Puerto Ays\u00e9n y confirmada por la Corte de Apelaciones de Coyhaique, correspondi\u00f3 a la captura de especies hidrobiol\u00f3gicas sin la autorizaci\u00f3n o permiso correspondiente, adem\u00e1s de la entrega de informaci\u00f3n no fidedigna y la obstaculizaci\u00f3n de la labor fiscalizadora del Servicio. Por estos hechos, el responsable deber\u00e1 pagar una multa de 50 UTM ($3.487.550.).<\/p>\n<p style=\"font-weight: 400; text-align: justify;\">La segunda condena, tambi\u00e9n dictada por el Juzgado de Letras de Puerto Ays\u00e9n y confirmada por la Corte de Apelaciones de Coyhaique, fue por realizar faenas extractivas sin resultado de captura y por operar en una zona no autorizada, en infracci\u00f3n al Convenio de Zonas Contiguas. En este caso, el armador de la embarcaci\u00f3n deber\u00e1 pagar una multa de 30 UTM ($2.092.530.-).<\/p>\n<p style=\"font-weight: 400; text-align: justify;\">Finalmente, el Juzgado de Letras de Puerto Ays\u00e9n conden\u00f3 al armador de una tercera embarcaci\u00f3n al pago de una multa de 10 UTM ($697.510.-) por capturar especies hidrobiol\u00f3gicas sin contar con la autorizaci\u00f3n correspondiente y por no registrar informaci\u00f3n de desembarque.<\/p>\n<p style=\"font-weight: 400; text-align: justify;\">Daniela Leiva, directora regional de Sernapesca en Ays\u00e9n destac\u00f3: \u201cValoramos la decisi\u00f3n del Tribunal que respalda nuestra labor fiscalizadora y hacemos el llamado a realizar la actividad con responsabilidad, respetando tanto la ley como el acuerdo de Zonas Contiguas, desde Sernapesca mantenemos fiscalizaciones durante todo el a\u00f1o con el fin de que la actividad sea sustentable en el tiempo\u201d.<\/p>\n<\/div><\/section><\/div><div  style='height:50px' class='hr hr-invisible   avia-builder-el-6  el_after_av_one_full  el_before_av_social_share '><span class='hr-inner ' ><span class='hr-inner-style'><\/span><\/span><\/div><\/p>\n<div  class='av-social-sharing-box  avia-builder-el-7  el_after_av_hr  el_before_av_hr  '><div class='av-share-box'><h5 class='av-share-link-description av-no-toc '>Compartir esta noticia<\/h5><ul class='av-share-box-list noLightbox'><li class='av-share-link av-social-link-facebook' ><a target=\"_blank\" aria-label=\"Compartir en Facebook\" href='https:\/\/www.facebook.com\/sharer.php?u=https:\/\/radiorevelacionfm.cl\/?p=63720&#038;t=Condenan%20a%20tres%20pescadores%20artesanales%20de%20la%20regi%C3%B3n%20de%20Los%20Lagos%20por%20operar%20ilegalmente%20en%20Ays%C3%A9n' aria-hidden='false' data-av_icon='\ue8f3' data-av_iconfont='entypo-fontello' title='' data-avia-related-tooltip='Compartir en Facebook' rel=\"noopener\"><span class='avia_hidden_link_text'>Compartir en Facebook<\/span><\/a><\/li><li class='av-share-link av-social-link-twitter' ><a target=\"_blank\" aria-label=\"Compartir en Twitter\" href='https:\/\/twitter.com\/share?text=Condenan%20a%20tres%20pescadores%20artesanales%20de%20la%20regi%C3%B3n%20de%20Los%20Lagos%20por%20operar%20ilegalmente%20en%20Ays%C3%A9n&#038;url=https:\/\/radiorevelacionfm.cl\/?p=63720' aria-hidden='false' data-av_icon='\ue8f1' data-av_iconfont='entypo-fontello' title='' data-avia-related-tooltip='Compartir en Twitter' rel=\"noopener\"><span class='avia_hidden_link_text'>Compartir en Twitter<\/span><\/a><\/li><li class='av-share-link av-social-link-whatsapp' ><a target=\"_blank\" aria-label=\"Compartir en Whatsapp\" href='https:\/\/api.whatsapp.com\/send?text=https:\/\/radiorevelacionfm.cl\/?p=63720' aria-hidden='false' data-av_icon='\uf232' data-av_iconfont='entypo-fontello' title='' data-avia-related-tooltip='Compartir en Whatsapp' rel=\"noopener\"><span class='avia_hidden_link_text'>Compartir en Whatsapp<\/span><\/a><\/li><li class='av-share-link av-social-link-linkedin' ><a target=\"_blank\" aria-label=\"Compartir en LinkedIn\" href='https:\/\/linkedin.com\/shareArticle?mini=true&#038;title=Condenan%20a%20tres%20pescadores%20artesanales%20de%20la%20regi%C3%B3n%20de%20Los%20Lagos%20por%20operar%20ilegalmente%20en%20Ays%C3%A9n&#038;url=https:\/\/radiorevelacionfm.cl\/?p=63720' aria-hidden='false' data-av_icon='\ue8fc' data-av_iconfont='entypo-fontello' title='' data-avia-related-tooltip='Compartir en LinkedIn' rel=\"noopener\"><span class='avia_hidden_link_text'>Compartir en LinkedIn<\/span><\/a><\/li><li class='av-share-link av-social-link-mail' ><a  aria-label=\"Compartir por correo\" href='mailto:?subject=Condenan%20a%20tres%20pescadores%20artesanales%20de%20la%20regi%C3%B3n%20de%20Los%20Lagos%20por%20operar%20ilegalmente%20en%20Ays%C3%A9n&#038;body=https:\/\/radiorevelacionfm.cl\/?p=63720' aria-hidden='false' data-av_icon='\ue805' data-av_iconfont='entypo-fontello' title='' data-avia-related-tooltip='Compartir por correo'><span class='avia_hidden_link_text'>Compartir por correo<\/span><\/a><\/li><\/ul><\/div><\/div>\n<div  style='height:50px' class='hr hr-invisible   avia-builder-el-8  el_after_av_social_share  el_before_av_comments_list '><span class='hr-inner ' ><span class='hr-inner-style'><\/span><\/span><\/div>\n<div  class='av-buildercomment  av-blog-meta-html-info-disabled av-blog-meta-tag-disabled  '><\/div>\n","protected":false},"excerpt":{"rendered":"","protected":false},"author":1,"featured_media":63721,"comment_status":"closed","ping_status":"closed","sticky":false,"template":"","format":"standard","meta":{"footnotes":""},"categories":[60],"tags":[],"class_list":["post-63720","post","type-post","status-publish","format-standard","has-post-thumbnail","hentry","category-pesca"],"jetpack_featured_media_url":"https:\/\/radiorevelacionfm.cl\/wp-content\/uploads\/2026\/01\/10-35-1_optimized.jpg","_links":{"self":[{"href":"https:\/\/radiorevelacionfm.cl\/index.php?rest_route=\/wp\/v2\/posts\/63720","targetHints":{"allow":["GET"]}}],"collection":[{"href":"https:\/\/radiorevelacionfm.cl\/index.php?rest_route=\/wp\/v2\/posts"}],"about":[{"href":"https:\/\/radiorevelacionfm.cl\/index.php?rest_route=\/wp\/v2\/types\/post"}],"author":[{"embeddable":true,"href":"https:\/\/radiorevelacionfm.cl\/index.php?rest_route=\/wp\/v2\/users\/1"}],"replies":[{"embeddable":true,"href":"https:\/\/radiorevelacionfm.cl\/index.php?rest_route=%2Fwp%2Fv2%2Fcomments&post=63720"}],"version-history":[{"count":2,"href":"https:\/\/radiorevelacionfm.cl\/index.php?rest_route=\/wp\/v2\/posts\/63720\/revisions"}],"predecessor-version":[{"id":63723,"href":"https:\/\/radiorevelacionfm.cl\/index.php?rest_route=\/wp\/v2\/posts\/63720\/revisions\/63723"}],"wp:featuredmedia":[{"embeddable":true,"href":"https:\/\/radiorevelacionfm.cl\/index.php?rest_route=\/wp\/v2\/media\/63721"}],"wp:attachment":[{"href":"https:\/\/radiorevelacionfm.cl\/index.php?rest_route=%2Fwp%2Fv2%2Fmedia&parent=63720"}],"wp:term":[{"taxonomy":"category","embeddable":true,"href":"https:\/\/radiorevelacionfm.cl\/index.php?rest_route=%2Fwp%2Fv2%2Fcategories&post=63720"},{"taxonomy":"post_tag","embeddable":true,"href":"https:\/\/radiorevelacionfm.cl\/index.php?rest_route=%2Fwp%2Fv2%2Ftags&post=63720"}],"curies":[{"name":"wp","href":"https:\/\/api.w.org\/{rel}","templated":true}]}}