{"id":63711,"date":"2026-01-30T15:45:21","date_gmt":"2026-01-30T18:45:21","guid":{"rendered":"https:\/\/radiorevelacionfm.cl\/?p=63711"},"modified":"2026-01-30T15:45:21","modified_gmt":"2026-01-30T18:45:21","slug":"una-decada-consolidando-la-patagonia-chilena-como-un-destino-mundial","status":"publish","type":"post","link":"https:\/\/radiorevelacionfm.cl\/?p=63711","title":{"rendered":"Una d\u00e9cada consolidando la Patagonia chilena como un destino mundial"},"content":{"rendered":"<div class=\"flex_column av_one_full  flex_column_div av-zero-column-padding first  avia-builder-el-0  el_before_av_one_full  avia-builder-el-first  \" style='border-radius:0px; '><div  class='avia-image-container  av-styling-    avia-builder-el-1  avia-builder-el-no-sibling  avia-align-center '  itemprop=\"image\" itemscope=\"itemscope\" itemtype=\"https:\/\/schema.org\/ImageObject\"  ><div class='avia-image-container-inner'><div class='avia-image-overlay-wrap'><img decoding=\"async\" class='wp-image-59898 avia-img-lazy-loading-not-59898 avia_image' src=\"https:\/\/radiorevelacionfm.cl\/wp-content\/uploads\/2025\/10\/carolina_cerda_rewildingchile-1-1.jpg\" alt='' title='carolina_cerda_rewildingchile (1) (1)' height=\"600\" width=\"908\"  itemprop=\"thumbnailUrl\" srcset=\"https:\/\/radiorevelacionfm.cl\/wp-content\/uploads\/2025\/10\/carolina_cerda_rewildingchile-1-1.jpg 908w, https:\/\/radiorevelacionfm.cl\/wp-content\/uploads\/2025\/10\/carolina_cerda_rewildingchile-1-1-300x198.jpg 300w, https:\/\/radiorevelacionfm.cl\/wp-content\/uploads\/2025\/10\/carolina_cerda_rewildingchile-1-1-768x507.jpg 768w, https:\/\/radiorevelacionfm.cl\/wp-content\/uploads\/2025\/10\/carolina_cerda_rewildingchile-1-1-705x466.jpg 705w, https:\/\/radiorevelacionfm.cl\/wp-content\/uploads\/2025\/10\/carolina_cerda_rewildingchile-1-1-450x297.jpg 450w, https:\/\/radiorevelacionfm.cl\/wp-content\/uploads\/2025\/10\/carolina_cerda_rewildingchile-1-1-600x396.jpg 600w\" sizes=\"(max-width: 908px) 100vw, 908px\" \/><\/div><\/div><\/div><\/div><div class=\"flex_column av_one_full  flex_column_div av-zero-column-padding first  avia-builder-el-2  el_after_av_one_full  el_before_av_one_full  column-top-margin\" style='border-radius:0px; '><section class=\"av_textblock_section \"  itemscope=\"itemscope\" itemtype=\"https:\/\/schema.org\/BlogPosting\" itemprop=\"blogPost\" ><div class='avia_textblock  '   itemprop=\"text\" ><p style=\"text-align: center;\"><strong><span style=\"font-size: 18pt;\">Una d\u00e9cada consolidando la Patagonia chilena como un destino mundial<\/span><\/strong><\/p>\n<div id=\"gtx-trans\" style=\"position: absolute; left: -50px; top: 4.31534px;\">\n<div class=\"gtx-trans-icon\"><\/div>\n<\/div>\n<\/div><\/section><\/div><div class=\"flex_column av_one_full  flex_column_div av-zero-column-padding first  avia-builder-el-4  el_after_av_one_full  el_before_av_hr  column-top-margin\" style='border-radius:0px; '><section class=\"av_textblock_section \"  itemscope=\"itemscope\" itemtype=\"https:\/\/schema.org\/BlogPosting\" itemprop=\"blogPost\" ><div class='avia_textblock  '   itemprop=\"text\" ><p style=\"text-align: justify;\"><em>Por: Carolina Cerda, directora del programa Ruta de los Parques de la Patagonia<\/em><\/p>\n<p style=\"text-align: justify;\">El 2025 fue un a\u00f1o crucial para la Ruta de los Parques de la Patagonia. Y no solo porque se cumplieron 10 a\u00f1os desde que Douglas Tompkins present\u00f3 esta visi\u00f3n en la primera Cumbre Mundial ATTA de Turismo Aventura en Puerto Varas. Una idea que no solo transform\u00f3 la manera de entender la conservaci\u00f3n en Chile, sino que la proyect\u00f3 como una verdadera visi\u00f3n de desarrollo local con impacto global.<\/p>\n<p style=\"text-align: justify;\">Lo que comenz\u00f3 con una gran idea de conservaci\u00f3n, hoy se ha consolidado en una de las rutas esc\u00e9nicas m\u00e1s extraordinarias del planeta: 17 parques nacionales y m\u00e1s de 60 comunidades que hoy encuentran en la conservaci\u00f3n una alternativa\u00a0 de desarrollo econ\u00f3mico y bienestar.<\/p>\n<p style=\"text-align: justify;\">Hoy en d\u00eda la Ruta ya no es solo la visi\u00f3n impulsada por una fundaci\u00f3n; es un proyecto pa\u00eds. El Programa Transforma Mesoregional de Corfo, que este\u00a0a\u00f1o\u00a0cumpli\u00f3 su primer\u00a0a\u00f1o\u00a0de implementaci\u00f3n, busca fortalecer la experiencia de los visitantes y promover un modelo de desarrollo\u00a0 en armon\u00eda con la naturaleza mediante el trabajo colaborativo entre el sector p\u00fablico, el sector privado y las comunidades locales. Una visi\u00f3n que demuestra lo que Chile puede lograr cuando la conservaci\u00f3n junto con el turismo se convierten en una pol\u00edtica de Estado y en un compromiso compartido.<\/p>\n<p style=\"text-align: justify;\">Recordaremos el 2025 por los diversos hitos que fortalecen la Ruta: Puerto Natales fue sede de la principal cumbre mundial de turismo aventura; se desarrollaron por primera vez y en forma simult\u00e1nea seminarios sobre la Ruta en Los Lagos, Ays\u00e9n y Magallanes; el Parque Nacional Cerro Castillo se convirti\u00f3 en la primera \u00e1rea protegida chilena en ingresar a la Lista Verde de la UICN; Chile volvi\u00f3 a destacar en los World Travel Awards convirti\u00e9ndose por s\u00e9ptima vez como el Mejor Destino Aventura del Mundo; y localidades como Puyuhuapi y Villa Cerro Castillo fueron incluidas en el Top 100 de Green Destinations. Todos estos logros consolidan a Chile como un destino de naturaleza l\u00edder a nivel global, fruto del trabajo de cientos de personas e instituciones comprometidas.<\/p>\n<p style=\"text-align: justify;\">Y no podemos dejar pasar la oportunidad de resaltar el curso online de la Ruta de los Parques de la Patagonia, que super\u00f3 los 500 estudiantes certificados, reflejando con ello el creciente inter\u00e9s por aprender, cuidar y valorar este patrimonio excepcional.<\/p>\n<p style=\"text-align: justify;\">El 2026 se proyecta lleno de nuevos desaf\u00edos y oportunidades para seguir fortaleciendo la Ruta de los Parques de la Patagonia, siempre guiados por la convicci\u00f3n de que la conservaci\u00f3n y el desarrollo local pueden avanzar de la mano cuando existe compromiso colectivo.<\/p>\n<\/div><\/section><\/div><div  style='height:50px' class='hr hr-invisible   avia-builder-el-6  el_after_av_one_full  el_before_av_social_share '><span class='hr-inner ' ><span class='hr-inner-style'><\/span><\/span><\/div><\/p>\n<div  class='av-social-sharing-box  avia-builder-el-7  el_after_av_hr  el_before_av_hr  '><div class='av-share-box'><h5 class='av-share-link-description av-no-toc '>Compartir esta noticia<\/h5><ul class='av-share-box-list noLightbox'><li class='av-share-link av-social-link-facebook' ><a target=\"_blank\" aria-label=\"Compartir en Facebook\" href='https:\/\/www.facebook.com\/sharer.php?u=https:\/\/radiorevelacionfm.cl\/?p=63711&#038;t=Una%20d%C3%A9cada%20consolidando%20la%20Patagonia%20chilena%20como%20un%20destino%20mundial' aria-hidden='false' data-av_icon='\ue8f3' data-av_iconfont='entypo-fontello' title='' data-avia-related-tooltip='Compartir en Facebook' rel=\"noopener\"><span class='avia_hidden_link_text'>Compartir en Facebook<\/span><\/a><\/li><li class='av-share-link av-social-link-twitter' ><a target=\"_blank\" aria-label=\"Compartir en Twitter\" href='https:\/\/twitter.com\/share?text=Una%20d%C3%A9cada%20consolidando%20la%20Patagonia%20chilena%20como%20un%20destino%20mundial&#038;url=https:\/\/radiorevelacionfm.cl\/?p=63711' aria-hidden='false' data-av_icon='\ue8f1' data-av_iconfont='entypo-fontello' title='' data-avia-related-tooltip='Compartir en Twitter' rel=\"noopener\"><span class='avia_hidden_link_text'>Compartir en Twitter<\/span><\/a><\/li><li class='av-share-link av-social-link-whatsapp' ><a target=\"_blank\" aria-label=\"Compartir en Whatsapp\" href='https:\/\/api.whatsapp.com\/send?text=https:\/\/radiorevelacionfm.cl\/?p=63711' aria-hidden='false' data-av_icon='\uf232' data-av_iconfont='entypo-fontello' title='' data-avia-related-tooltip='Compartir en Whatsapp' rel=\"noopener\"><span class='avia_hidden_link_text'>Compartir en Whatsapp<\/span><\/a><\/li><li class='av-share-link av-social-link-linkedin' ><a target=\"_blank\" aria-label=\"Compartir en LinkedIn\" href='https:\/\/linkedin.com\/shareArticle?mini=true&#038;title=Una%20d%C3%A9cada%20consolidando%20la%20Patagonia%20chilena%20como%20un%20destino%20mundial&#038;url=https:\/\/radiorevelacionfm.cl\/?p=63711' aria-hidden='false' data-av_icon='\ue8fc' data-av_iconfont='entypo-fontello' title='' data-avia-related-tooltip='Compartir en LinkedIn' rel=\"noopener\"><span class='avia_hidden_link_text'>Compartir en LinkedIn<\/span><\/a><\/li><li class='av-share-link av-social-link-mail' ><a  aria-label=\"Compartir por correo\" href='mailto:?subject=Una%20d%C3%A9cada%20consolidando%20la%20Patagonia%20chilena%20como%20un%20destino%20mundial&#038;body=https:\/\/radiorevelacionfm.cl\/?p=63711' aria-hidden='false' data-av_icon='\ue805' data-av_iconfont='entypo-fontello' title='' data-avia-related-tooltip='Compartir por correo'><span class='avia_hidden_link_text'>Compartir por correo<\/span><\/a><\/li><\/ul><\/div><\/div>\n<div  style='height:50px' class='hr hr-invisible   avia-builder-el-8  el_after_av_social_share  el_before_av_comments_list '><span class='hr-inner ' ><span class='hr-inner-style'><\/span><\/span><\/div>\n<div  class='av-buildercomment  av-blog-meta-html-info-disabled av-blog-meta-tag-disabled  '><\/div>\n","protected":false},"excerpt":{"rendered":"","protected":false},"author":1,"featured_media":59898,"comment_status":"closed","ping_status":"closed","sticky":false,"template":"","format":"standard","meta":{"footnotes":""},"categories":[50],"tags":[],"class_list":["post-63711","post","type-post","status-publish","format-standard","has-post-thumbnail","hentry","category-cartas-y-opinion"],"jetpack_featured_media_url":"https:\/\/radiorevelacionfm.cl\/wp-content\/uploads\/2025\/10\/carolina_cerda_rewildingchile-1-1.jpg","_links":{"self":[{"href":"https:\/\/radiorevelacionfm.cl\/index.php?rest_route=\/wp\/v2\/posts\/63711","targetHints":{"allow":["GET"]}}],"collection":[{"href":"https:\/\/radiorevelacionfm.cl\/index.php?rest_route=\/wp\/v2\/posts"}],"about":[{"href":"https:\/\/radiorevelacionfm.cl\/index.php?rest_route=\/wp\/v2\/types\/post"}],"author":[{"embeddable":true,"href":"https:\/\/radiorevelacionfm.cl\/index.php?rest_route=\/wp\/v2\/users\/1"}],"replies":[{"embeddable":true,"href":"https:\/\/radiorevelacionfm.cl\/index.php?rest_route=%2Fwp%2Fv2%2Fcomments&post=63711"}],"version-history":[{"count":2,"href":"https:\/\/radiorevelacionfm.cl\/index.php?rest_route=\/wp\/v2\/posts\/63711\/revisions"}],"predecessor-version":[{"id":63914,"href":"https:\/\/radiorevelacionfm.cl\/index.php?rest_route=\/wp\/v2\/posts\/63711\/revisions\/63914"}],"wp:featuredmedia":[{"embeddable":true,"href":"https:\/\/radiorevelacionfm.cl\/index.php?rest_route=\/wp\/v2\/media\/59898"}],"wp:attachment":[{"href":"https:\/\/radiorevelacionfm.cl\/index.php?rest_route=%2Fwp%2Fv2%2Fmedia&parent=63711"}],"wp:term":[{"taxonomy":"category","embeddable":true,"href":"https:\/\/radiorevelacionfm.cl\/index.php?rest_route=%2Fwp%2Fv2%2Fcategories&post=63711"},{"taxonomy":"post_tag","embeddable":true,"href":"https:\/\/radiorevelacionfm.cl\/index.php?rest_route=%2Fwp%2Fv2%2Ftags&post=63711"}],"curies":[{"name":"wp","href":"https:\/\/api.w.org\/{rel}","templated":true}]}}