{"id":63701,"date":"2026-01-26T20:43:14","date_gmt":"2026-01-26T23:43:14","guid":{"rendered":"https:\/\/radiorevelacionfm.cl\/?p=63701"},"modified":"2026-01-26T20:43:14","modified_gmt":"2026-01-26T23:43:14","slug":"corte-suprema-respalda-a-municipalidad-de-coyhaique-en-caso-de-destitucion-por-uso-indebido-de-licencia-medica","status":"publish","type":"post","link":"https:\/\/radiorevelacionfm.cl\/?p=63701","title":{"rendered":"Corte Suprema respalda a Municipalidad de Coyhaique en caso de destituci\u00f3n por uso indebido de licencia m\u00e9dica"},"content":{"rendered":"<div class=\"flex_column av_one_full  flex_column_div av-zero-column-padding first  avia-builder-el-0  el_before_av_one_full  avia-builder-el-first  \" style='border-radius:0px; '><div  class='avia-image-container  av-styling-    avia-builder-el-1  avia-builder-el-no-sibling  avia-align-center '  itemprop=\"image\" itemscope=\"itemscope\" itemtype=\"https:\/\/schema.org\/ImageObject\"  ><div class='avia-image-container-inner'><div class='avia-image-overlay-wrap'><img decoding=\"async\" class='wp-image-63702 avia-img-lazy-loading-not-63702 avia_image' src=\"https:\/\/radiorevelacionfm.cl\/wp-content\/uploads\/2026\/01\/suprema-1-1_optimized.jpg\" alt='' title='suprema-1 - (1)_optimized' height=\"600\" width=\"800\"  itemprop=\"thumbnailUrl\" srcset=\"https:\/\/radiorevelacionfm.cl\/wp-content\/uploads\/2026\/01\/suprema-1-1_optimized.jpg 800w, https:\/\/radiorevelacionfm.cl\/wp-content\/uploads\/2026\/01\/suprema-1-1_optimized-300x225.jpg 300w, https:\/\/radiorevelacionfm.cl\/wp-content\/uploads\/2026\/01\/suprema-1-1_optimized-768x576.jpg 768w, https:\/\/radiorevelacionfm.cl\/wp-content\/uploads\/2026\/01\/suprema-1-1_optimized-705x529.jpg 705w, https:\/\/radiorevelacionfm.cl\/wp-content\/uploads\/2026\/01\/suprema-1-1_optimized-450x338.jpg 450w, https:\/\/radiorevelacionfm.cl\/wp-content\/uploads\/2026\/01\/suprema-1-1_optimized-600x450.jpg 600w\" sizes=\"(max-width: 800px) 100vw, 800px\" \/><\/div><\/div><\/div><\/div><div class=\"flex_column av_one_full  flex_column_div av-zero-column-padding first  avia-builder-el-2  el_after_av_one_full  el_before_av_one_full  column-top-margin\" style='border-radius:0px; '><section class=\"av_textblock_section \"  itemscope=\"itemscope\" itemtype=\"https:\/\/schema.org\/BlogPosting\" itemprop=\"blogPost\" ><div class='avia_textblock  '   itemprop=\"text\" ><p style=\"text-align: center;\"><strong><span style=\"font-size: 18pt;\">Corte Suprema respalda a Municipalidad de Coyhaique en caso de destituci\u00f3n por uso indebido de licencia m\u00e9dica<\/span><\/strong><\/p>\n<div id=\"gtx-trans\" style=\"position: absolute; left: -50px; top: 4.31534px;\">\n<div class=\"gtx-trans-icon\"><\/div>\n<\/div>\n<\/div><\/section><\/div><div class=\"flex_column av_one_full  flex_column_div av-zero-column-padding first  avia-builder-el-4  el_after_av_one_full  el_before_av_hr  column-top-margin\" style='border-radius:0px; '><section class=\"av_textblock_section \"  itemscope=\"itemscope\" itemtype=\"https:\/\/schema.org\/BlogPosting\" itemprop=\"blogPost\" ><div class='avia_textblock  '   itemprop=\"text\" ><p style=\"text-align: justify;\">La Corte Suprema resolvi\u00f3 a favor de la Municipalidad de Coyhaique en un caso vinculado a la destituci\u00f3n de una funcionaria municipal, confirmando que la medida disciplinaria adoptada por la autoridad comunal se ajust\u00f3 a derecho.<\/p>\n<p style=\"text-align: justify;\">El m\u00e1ximo tribunal del pa\u00eds concluy\u00f3 que la sanci\u00f3n se bas\u00f3 en una infracci\u00f3n grave al principio de probidad administrativa, luego de que se acreditara el uso indebido de una licencia m\u00e9dica para realizar un viaje fuera del territorio nacional. Seg\u00fan el fallo, esta conducta se aparta de la finalidad del reposo m\u00e9dico y afecta el correcto funcionamiento del servicio p\u00fablico, adem\u00e1s de generar un menoscabo al patrimonio municipal.<\/p>\n<p style=\"text-align: justify;\">La sentencia tambi\u00e9n establece que el sumario administrativo fue tramitado conforme a la normativa vigente, respetando el debido proceso y el derecho a defensa de la funcionaria. En ese contexto, la Corte Suprema descart\u00f3 la existencia de ilegalidades o arbitrariedades en el procedimiento disciplinario llevado adelante por el municipio.<\/p>\n<p style=\"text-align: justify;\">Asimismo, el fallo recuerda que el recurso de protecci\u00f3n no es la instancia para revisar el m\u00e9rito o la proporcionalidad de una sanci\u00f3n administrativa, sino \u00fanicamente para verificar la legalidad de los actos impugnados, aspecto que \u2014seg\u00fan determin\u00f3 el tribunal\u2014 se cumpli\u00f3 en este caso.<\/p>\n<p style=\"text-align: justify;\">Con esta decisi\u00f3n, la Corte Suprema revoc\u00f3 la sentencia de la Corte de Apelaciones de Coyhaique, que previamente hab\u00eda acogido la acci\u00f3n presentada por la funcionaria, y rechaz\u00f3 el recurso de protecci\u00f3n en su totalidad. El fallo fue acordado con el voto en contra de dos abogados integrantes, quienes estimaron que la sanci\u00f3n aplicada resultaba desproporcionada.<\/p>\n<p style=\"text-align: justify;\">La resoluci\u00f3n refuerza el criterio del m\u00e1ximo tribunal respecto a la obligaci\u00f3n de los funcionarios p\u00fablicos de mantener una conducta acorde con el principio de probidad, especialmente en materias que involucren el uso de licencias m\u00e9dicas y recursos fiscales.<\/p>\n<\/div><\/section><\/div><div  style='height:50px' class='hr hr-invisible   avia-builder-el-6  el_after_av_one_full  el_before_av_social_share '><span class='hr-inner ' ><span class='hr-inner-style'><\/span><\/span><\/div><\/p>\n<div  class='av-social-sharing-box  avia-builder-el-7  el_after_av_hr  el_before_av_hr  '><div class='av-share-box'><h5 class='av-share-link-description av-no-toc '>Compartir esta noticia<\/h5><ul class='av-share-box-list noLightbox'><li class='av-share-link av-social-link-facebook' ><a target=\"_blank\" aria-label=\"Compartir en Facebook\" href='https:\/\/www.facebook.com\/sharer.php?u=https:\/\/radiorevelacionfm.cl\/?p=63701&#038;t=Corte%20Suprema%20respalda%20a%20Municipalidad%20de%20Coyhaique%20en%20caso%20de%20destituci%C3%B3n%20por%20uso%20indebido%20de%20licencia%20m%C3%A9dica' aria-hidden='false' data-av_icon='\ue8f3' data-av_iconfont='entypo-fontello' title='' data-avia-related-tooltip='Compartir en Facebook' rel=\"noopener\"><span class='avia_hidden_link_text'>Compartir en Facebook<\/span><\/a><\/li><li class='av-share-link av-social-link-twitter' ><a target=\"_blank\" aria-label=\"Compartir en Twitter\" href='https:\/\/twitter.com\/share?text=Corte%20Suprema%20respalda%20a%20Municipalidad%20de%20Coyhaique%20en%20caso%20de%20destituci%C3%B3n%20por%20uso%20indebido%20de%20licencia%20m%C3%A9dica&#038;url=https:\/\/radiorevelacionfm.cl\/?p=63701' aria-hidden='false' data-av_icon='\ue8f1' data-av_iconfont='entypo-fontello' title='' data-avia-related-tooltip='Compartir en Twitter' rel=\"noopener\"><span class='avia_hidden_link_text'>Compartir en Twitter<\/span><\/a><\/li><li class='av-share-link av-social-link-whatsapp' ><a target=\"_blank\" aria-label=\"Compartir en Whatsapp\" href='https:\/\/api.whatsapp.com\/send?text=https:\/\/radiorevelacionfm.cl\/?p=63701' aria-hidden='false' data-av_icon='\uf232' data-av_iconfont='entypo-fontello' title='' data-avia-related-tooltip='Compartir en Whatsapp' rel=\"noopener\"><span class='avia_hidden_link_text'>Compartir en Whatsapp<\/span><\/a><\/li><li class='av-share-link av-social-link-linkedin' ><a target=\"_blank\" aria-label=\"Compartir en LinkedIn\" href='https:\/\/linkedin.com\/shareArticle?mini=true&#038;title=Corte%20Suprema%20respalda%20a%20Municipalidad%20de%20Coyhaique%20en%20caso%20de%20destituci%C3%B3n%20por%20uso%20indebido%20de%20licencia%20m%C3%A9dica&#038;url=https:\/\/radiorevelacionfm.cl\/?p=63701' aria-hidden='false' data-av_icon='\ue8fc' data-av_iconfont='entypo-fontello' title='' data-avia-related-tooltip='Compartir en LinkedIn' rel=\"noopener\"><span class='avia_hidden_link_text'>Compartir en LinkedIn<\/span><\/a><\/li><li class='av-share-link av-social-link-mail' ><a  aria-label=\"Compartir por correo\" href='mailto:?subject=Corte%20Suprema%20respalda%20a%20Municipalidad%20de%20Coyhaique%20en%20caso%20de%20destituci%C3%B3n%20por%20uso%20indebido%20de%20licencia%20m%C3%A9dica&#038;body=https:\/\/radiorevelacionfm.cl\/?p=63701' aria-hidden='false' data-av_icon='\ue805' data-av_iconfont='entypo-fontello' title='' data-avia-related-tooltip='Compartir por correo'><span class='avia_hidden_link_text'>Compartir por correo<\/span><\/a><\/li><\/ul><\/div><\/div>\n<div  style='height:50px' class='hr hr-invisible   avia-builder-el-8  el_after_av_social_share  el_before_av_comments_list '><span class='hr-inner ' ><span class='hr-inner-style'><\/span><\/span><\/div>\n<div  class='av-buildercomment  av-blog-meta-html-info-disabled av-blog-meta-tag-disabled  '><\/div>\n","protected":false},"excerpt":{"rendered":"","protected":false},"author":1,"featured_media":63702,"comment_status":"closed","ping_status":"closed","sticky":false,"template":"","format":"standard","meta":{"footnotes":""},"categories":[38],"tags":[],"class_list":["post-63701","post","type-post","status-publish","format-standard","has-post-thumbnail","hentry","category-regional"],"jetpack_featured_media_url":"https:\/\/radiorevelacionfm.cl\/wp-content\/uploads\/2026\/01\/suprema-1-1_optimized.jpg","_links":{"self":[{"href":"https:\/\/radiorevelacionfm.cl\/index.php?rest_route=\/wp\/v2\/posts\/63701","targetHints":{"allow":["GET"]}}],"collection":[{"href":"https:\/\/radiorevelacionfm.cl\/index.php?rest_route=\/wp\/v2\/posts"}],"about":[{"href":"https:\/\/radiorevelacionfm.cl\/index.php?rest_route=\/wp\/v2\/types\/post"}],"author":[{"embeddable":true,"href":"https:\/\/radiorevelacionfm.cl\/index.php?rest_route=\/wp\/v2\/users\/1"}],"replies":[{"embeddable":true,"href":"https:\/\/radiorevelacionfm.cl\/index.php?rest_route=%2Fwp%2Fv2%2Fcomments&post=63701"}],"version-history":[{"count":2,"href":"https:\/\/radiorevelacionfm.cl\/index.php?rest_route=\/wp\/v2\/posts\/63701\/revisions"}],"predecessor-version":[{"id":63704,"href":"https:\/\/radiorevelacionfm.cl\/index.php?rest_route=\/wp\/v2\/posts\/63701\/revisions\/63704"}],"wp:featuredmedia":[{"embeddable":true,"href":"https:\/\/radiorevelacionfm.cl\/index.php?rest_route=\/wp\/v2\/media\/63702"}],"wp:attachment":[{"href":"https:\/\/radiorevelacionfm.cl\/index.php?rest_route=%2Fwp%2Fv2%2Fmedia&parent=63701"}],"wp:term":[{"taxonomy":"category","embeddable":true,"href":"https:\/\/radiorevelacionfm.cl\/index.php?rest_route=%2Fwp%2Fv2%2Fcategories&post=63701"},{"taxonomy":"post_tag","embeddable":true,"href":"https:\/\/radiorevelacionfm.cl\/index.php?rest_route=%2Fwp%2Fv2%2Ftags&post=63701"}],"curies":[{"name":"wp","href":"https:\/\/api.w.org\/{rel}","templated":true}]}}