{"id":63696,"date":"2026-01-27T10:36:59","date_gmt":"2026-01-27T13:36:59","guid":{"rendered":"https:\/\/radiorevelacionfm.cl\/?p=63696"},"modified":"2026-01-27T10:36:59","modified_gmt":"2026-01-27T13:36:59","slug":"inauguraron-nueva-sede-de-la-junta-de-vecinos-chile-nuevo-en-coyhaique","status":"publish","type":"post","link":"https:\/\/radiorevelacionfm.cl\/?p=63696","title":{"rendered":"Inauguraron nueva sede de la Junta de Vecinos Chile Nuevo en Coyhaique"},"content":{"rendered":"<div class=\"flex_column av_one_full  flex_column_div av-zero-column-padding first  avia-builder-el-0  el_before_av_one_full  avia-builder-el-first  \" style='border-radius:0px; '><div  class='avia-image-container  av-styling-    avia-builder-el-1  avia-builder-el-no-sibling  avia-align-center '  itemprop=\"image\" itemscope=\"itemscope\" itemtype=\"https:\/\/schema.org\/ImageObject\"  ><div class='avia-image-container-inner'><div class='avia-image-overlay-wrap'><img decoding=\"async\" class='wp-image-63697 avia-img-lazy-loading-not-63697 avia_image' src=\"https:\/\/radiorevelacionfm.cl\/wp-content\/uploads\/2026\/01\/jj_optimized.vv-chile-nuevo-1-1.jpeg\" alt='' title='jj_optimized.vv-chile-nuevo-(1) (1)' height=\"600\" width=\"800\"  itemprop=\"thumbnailUrl\" srcset=\"https:\/\/radiorevelacionfm.cl\/wp-content\/uploads\/2026\/01\/jj_optimized.vv-chile-nuevo-1-1.jpeg 800w, https:\/\/radiorevelacionfm.cl\/wp-content\/uploads\/2026\/01\/jj_optimized.vv-chile-nuevo-1-1-300x225.jpeg 300w, https:\/\/radiorevelacionfm.cl\/wp-content\/uploads\/2026\/01\/jj_optimized.vv-chile-nuevo-1-1-768x576.jpeg 768w, https:\/\/radiorevelacionfm.cl\/wp-content\/uploads\/2026\/01\/jj_optimized.vv-chile-nuevo-1-1-705x529.jpeg 705w, https:\/\/radiorevelacionfm.cl\/wp-content\/uploads\/2026\/01\/jj_optimized.vv-chile-nuevo-1-1-450x338.jpeg 450w, https:\/\/radiorevelacionfm.cl\/wp-content\/uploads\/2026\/01\/jj_optimized.vv-chile-nuevo-1-1-600x450.jpeg 600w\" sizes=\"(max-width: 800px) 100vw, 800px\" \/><\/div><\/div><\/div><\/div><div class=\"flex_column av_one_full  flex_column_div av-zero-column-padding first  avia-builder-el-2  el_after_av_one_full  el_before_av_one_full  column-top-margin\" style='border-radius:0px; '><section class=\"av_textblock_section \"  itemscope=\"itemscope\" itemtype=\"https:\/\/schema.org\/BlogPosting\" itemprop=\"blogPost\" ><div class='avia_textblock  '   itemprop=\"text\" ><p style=\"text-align: center;\"><strong><span style=\"font-size: 18pt;\">Inauguraron nueva sede de la Junta de Vecinos Chile Nuevo en Coyhaique<\/span><\/strong><\/p>\n<div id=\"gtx-trans\" style=\"position: absolute; left: -50px; top: 4.31534px;\">\n<div class=\"gtx-trans-icon\"><\/div>\n<\/div>\n<\/div><\/section><\/div><div class=\"flex_column av_one_full  flex_column_div av-zero-column-padding first  avia-builder-el-4  el_after_av_one_full  el_before_av_hr  column-top-margin\" style='border-radius:0px; '><section class=\"av_textblock_section \"  itemscope=\"itemscope\" itemtype=\"https:\/\/schema.org\/BlogPosting\" itemprop=\"blogPost\" ><div class='avia_textblock  '   itemprop=\"text\" ><p style=\"text-align: justify;\">Como una muestra concreta del compromiso del Municipio de Coyhaique con el fortalecimiento de las organizaciones sociales y la recuperaci\u00f3n de espacios comunitarios, se realiz\u00f3 la inauguraci\u00f3n de la nueva Sede de la Junta de Vecinos Chile Nuevo, obra que permiti\u00f3 transformar un espacio que por a\u00f1os se mantuvo sin uso en un moderno punto de encuentro para las vecinas y vecinos del sector.<\/p>\n<p style=\"text-align: justify;\">El proyecto, denominado \u201cConstrucci\u00f3n Sede Junta de Vecinos Chile Nuevo, Coyhaique\u201d, fue priorizado por la Municipalidad de Coyhaique y financiado a trav\u00e9s del Fondo Regional de Iniciativa Local (FRIL) del Gobierno Regional de Ays\u00e9n, con una inversi\u00f3n total de $167.774.672, permitiendo dotar al barrio de una infraestructura adecuada para el desarrollo comunitario.<\/p>\n<p style=\"text-align: justify;\">La nueva sede, ubicada en calle Col\u00f3n N\u00b0155, cuenta con un amplio sal\u00f3n multiuso, oficinas destinadas al trabajo de la directiva, y un completo acondicionamiento del espacio, lo que permitir\u00e1 realizar reuniones, talleres, actividades sociales y una gesti\u00f3n m\u00e1s eficiente de la organizaci\u00f3n vecinal.<\/p>\n<p style=\"text-align: justify;\">Durante la ceremonia, el Alcalde de Coyhaique, Carlos Gatica, destac\u00f3 la relevancia de haber recuperado este espacio para la comunidad, se\u00f1alando que \u201ceste era un lugar que estuvo por mucho tiempo sin ser utilizado, y hoy, gracias a una decisi\u00f3n de priorizaci\u00f3n municipal y al trabajo conjunto con el Gobierno Regional y los vecinos, se convierte en una sede digna, pensada para fortalecer la participaci\u00f3n y la vida comunitaria del sector Chile Nuevo\u201d.<\/p>\n<p style=\"text-align: justify;\">Por su parte, el Presidente de la Junta de Vecinos Chile Nuevo, don Mario Sandoval, valor\u00f3 el respaldo municipal y el impacto que tendr\u00e1 esta obra en la organizaci\u00f3n, indicando que \u201ccontar con esta sede cambia completamente nuestra forma de trabajar. Pasamos de no tener un espacio propio a disponer de un lugar c\u00f3modo y bien equipado para reunirnos y seguir impulsando iniciativas en beneficio del barrio\u201d.<\/p>\n<p style=\"text-align: justify;\">Uno de los momentos m\u00e1s emotivos de la jornada estuvo marcado por las palabras de do\u00f1a Yolet C\u00e1rdenas, hija del fundador de la Junta de Vecinos Chile Nuevo, quien relev\u00f3 la historia y el significado del proyecto, especialmente en un a\u00f1o simb\u00f3lico para la organizaci\u00f3n, que en abril cumplir\u00e1 50 a\u00f1os de existencia, destacando que \u201cesta sede no solo es una obra nueva, es la recuperaci\u00f3n de un espacio para la comunidad y un reconocimiento al trabajo de quienes fundaron esta junta hace cinco d\u00e9cadas, pensando siempre en el bien com\u00fan\u201d.<\/p>\n<p style=\"text-align: justify;\">La inauguraci\u00f3n de esta sede se enmarca en la pol\u00edtica municipal de recuperaci\u00f3n de espacios p\u00fablicos y comunitarios, fortaleciendo el tejido social y proyectando el trabajo de la Junta de Vecinos Chile Nuevo en el contexto de la pr\u00f3xima conmemoraci\u00f3n de sus 50 a\u00f1os de vida.<\/p>\n<\/div><\/section><\/div><div  style='height:50px' class='hr hr-invisible   avia-builder-el-6  el_after_av_one_full  el_before_av_social_share '><span class='hr-inner ' ><span class='hr-inner-style'><\/span><\/span><\/div><\/p>\n<div  class='av-social-sharing-box  avia-builder-el-7  el_after_av_hr  el_before_av_hr  '><div class='av-share-box'><h5 class='av-share-link-description av-no-toc '>Compartir esta noticia<\/h5><ul class='av-share-box-list noLightbox'><li class='av-share-link av-social-link-facebook' ><a target=\"_blank\" aria-label=\"Compartir en Facebook\" href='https:\/\/www.facebook.com\/sharer.php?u=https:\/\/radiorevelacionfm.cl\/?p=63696&#038;t=Inauguraron%20nueva%20sede%20de%20la%20Junta%20de%20Vecinos%20Chile%20Nuevo%20en%20Coyhaique' aria-hidden='false' data-av_icon='\ue8f3' data-av_iconfont='entypo-fontello' title='' data-avia-related-tooltip='Compartir en Facebook' rel=\"noopener\"><span class='avia_hidden_link_text'>Compartir en Facebook<\/span><\/a><\/li><li class='av-share-link av-social-link-twitter' ><a target=\"_blank\" aria-label=\"Compartir en Twitter\" href='https:\/\/twitter.com\/share?text=Inauguraron%20nueva%20sede%20de%20la%20Junta%20de%20Vecinos%20Chile%20Nuevo%20en%20Coyhaique&#038;url=https:\/\/radiorevelacionfm.cl\/?p=63696' aria-hidden='false' data-av_icon='\ue8f1' data-av_iconfont='entypo-fontello' title='' data-avia-related-tooltip='Compartir en Twitter' rel=\"noopener\"><span class='avia_hidden_link_text'>Compartir en Twitter<\/span><\/a><\/li><li class='av-share-link av-social-link-whatsapp' ><a target=\"_blank\" aria-label=\"Compartir en Whatsapp\" href='https:\/\/api.whatsapp.com\/send?text=https:\/\/radiorevelacionfm.cl\/?p=63696' aria-hidden='false' data-av_icon='\uf232' data-av_iconfont='entypo-fontello' title='' data-avia-related-tooltip='Compartir en Whatsapp' rel=\"noopener\"><span class='avia_hidden_link_text'>Compartir en Whatsapp<\/span><\/a><\/li><li class='av-share-link av-social-link-linkedin' ><a target=\"_blank\" aria-label=\"Compartir en LinkedIn\" href='https:\/\/linkedin.com\/shareArticle?mini=true&#038;title=Inauguraron%20nueva%20sede%20de%20la%20Junta%20de%20Vecinos%20Chile%20Nuevo%20en%20Coyhaique&#038;url=https:\/\/radiorevelacionfm.cl\/?p=63696' aria-hidden='false' data-av_icon='\ue8fc' data-av_iconfont='entypo-fontello' title='' data-avia-related-tooltip='Compartir en LinkedIn' rel=\"noopener\"><span class='avia_hidden_link_text'>Compartir en LinkedIn<\/span><\/a><\/li><li class='av-share-link av-social-link-mail' ><a  aria-label=\"Compartir por correo\" href='mailto:?subject=Inauguraron%20nueva%20sede%20de%20la%20Junta%20de%20Vecinos%20Chile%20Nuevo%20en%20Coyhaique&#038;body=https:\/\/radiorevelacionfm.cl\/?p=63696' aria-hidden='false' data-av_icon='\ue805' data-av_iconfont='entypo-fontello' title='' data-avia-related-tooltip='Compartir por correo'><span class='avia_hidden_link_text'>Compartir por correo<\/span><\/a><\/li><\/ul><\/div><\/div>\n<div  style='height:50px' class='hr hr-invisible   avia-builder-el-8  el_after_av_social_share  el_before_av_comments_list '><span class='hr-inner ' ><span class='hr-inner-style'><\/span><\/span><\/div>\n<div  class='av-buildercomment  av-blog-meta-html-info-disabled av-blog-meta-tag-disabled  '><\/div>\n","protected":false},"excerpt":{"rendered":"","protected":false},"author":1,"featured_media":63697,"comment_status":"closed","ping_status":"closed","sticky":false,"template":"","format":"standard","meta":{"footnotes":""},"categories":[38],"tags":[],"class_list":["post-63696","post","type-post","status-publish","format-standard","has-post-thumbnail","hentry","category-regional"],"jetpack_featured_media_url":"https:\/\/radiorevelacionfm.cl\/wp-content\/uploads\/2026\/01\/jj_optimized.vv-chile-nuevo-1-1.jpeg","_links":{"self":[{"href":"https:\/\/radiorevelacionfm.cl\/index.php?rest_route=\/wp\/v2\/posts\/63696","targetHints":{"allow":["GET"]}}],"collection":[{"href":"https:\/\/radiorevelacionfm.cl\/index.php?rest_route=\/wp\/v2\/posts"}],"about":[{"href":"https:\/\/radiorevelacionfm.cl\/index.php?rest_route=\/wp\/v2\/types\/post"}],"author":[{"embeddable":true,"href":"https:\/\/radiorevelacionfm.cl\/index.php?rest_route=\/wp\/v2\/users\/1"}],"replies":[{"embeddable":true,"href":"https:\/\/radiorevelacionfm.cl\/index.php?rest_route=%2Fwp%2Fv2%2Fcomments&post=63696"}],"version-history":[{"count":2,"href":"https:\/\/radiorevelacionfm.cl\/index.php?rest_route=\/wp\/v2\/posts\/63696\/revisions"}],"predecessor-version":[{"id":63707,"href":"https:\/\/radiorevelacionfm.cl\/index.php?rest_route=\/wp\/v2\/posts\/63696\/revisions\/63707"}],"wp:featuredmedia":[{"embeddable":true,"href":"https:\/\/radiorevelacionfm.cl\/index.php?rest_route=\/wp\/v2\/media\/63697"}],"wp:attachment":[{"href":"https:\/\/radiorevelacionfm.cl\/index.php?rest_route=%2Fwp%2Fv2%2Fmedia&parent=63696"}],"wp:term":[{"taxonomy":"category","embeddable":true,"href":"https:\/\/radiorevelacionfm.cl\/index.php?rest_route=%2Fwp%2Fv2%2Fcategories&post=63696"},{"taxonomy":"post_tag","embeddable":true,"href":"https:\/\/radiorevelacionfm.cl\/index.php?rest_route=%2Fwp%2Fv2%2Ftags&post=63696"}],"curies":[{"name":"wp","href":"https:\/\/api.w.org\/{rel}","templated":true}]}}