{"id":63690,"date":"2026-01-27T12:46:37","date_gmt":"2026-01-27T15:46:37","guid":{"rendered":"https:\/\/radiorevelacionfm.cl\/?p=63690"},"modified":"2026-01-27T12:46:37","modified_gmt":"2026-01-27T15:46:37","slug":"dia-de-la-educacion-ambiental-a-fortalecer-el-respeto-y-cuidado-por-la-naturaleza-desde-los-primeros-anos","status":"publish","type":"post","link":"https:\/\/radiorevelacionfm.cl\/?p=63690","title":{"rendered":"D\u00eda de la Educaci\u00f3n Ambiental: A fortalecer el respeto y cuidado por la naturaleza desde los primeros a\u00f1os"},"content":{"rendered":"<div class=\"flex_column av_one_full  flex_column_div av-zero-column-padding first  avia-builder-el-0  el_before_av_one_full  avia-builder-el-first  \" style='border-radius:0px; '><div  class='avia-image-container  av-styling-    avia-builder-el-1  avia-builder-el-no-sibling  avia-align-center '  itemprop=\"image\" itemscope=\"itemscope\" itemtype=\"https:\/\/schema.org\/ImageObject\"  ><div class='avia-image-container-inner'><div class='avia-image-overlay-wrap'><img decoding=\"async\" class='wp-image-63691 avia-img-lazy-loading-not-63691 avia_image' src=\"https:\/\/radiorevelacionfm.cl\/wp-content\/uploads\/2026\/01\/whatsapp-image-2025-06-05-at-9_optimized.03.59-am-1.jpeg\" alt='' title='whatsapp-image-2025-06-05-at-9_optimized.03.59-am-(1)' height=\"600\" width=\"900\"  itemprop=\"thumbnailUrl\" srcset=\"https:\/\/radiorevelacionfm.cl\/wp-content\/uploads\/2026\/01\/whatsapp-image-2025-06-05-at-9_optimized.03.59-am-1.jpeg 900w, https:\/\/radiorevelacionfm.cl\/wp-content\/uploads\/2026\/01\/whatsapp-image-2025-06-05-at-9_optimized.03.59-am-1-300x200.jpeg 300w, https:\/\/radiorevelacionfm.cl\/wp-content\/uploads\/2026\/01\/whatsapp-image-2025-06-05-at-9_optimized.03.59-am-1-768x512.jpeg 768w, https:\/\/radiorevelacionfm.cl\/wp-content\/uploads\/2026\/01\/whatsapp-image-2025-06-05-at-9_optimized.03.59-am-1-705x470.jpeg 705w, https:\/\/radiorevelacionfm.cl\/wp-content\/uploads\/2026\/01\/whatsapp-image-2025-06-05-at-9_optimized.03.59-am-1-450x300.jpeg 450w, https:\/\/radiorevelacionfm.cl\/wp-content\/uploads\/2026\/01\/whatsapp-image-2025-06-05-at-9_optimized.03.59-am-1-600x400.jpeg 600w\" sizes=\"(max-width: 900px) 100vw, 900px\" \/><\/div><\/div><\/div><\/div><div class=\"flex_column av_one_full  flex_column_div av-zero-column-padding first  avia-builder-el-2  el_after_av_one_full  el_before_av_one_full  column-top-margin\" style='border-radius:0px; '><section class=\"av_textblock_section \"  itemscope=\"itemscope\" itemtype=\"https:\/\/schema.org\/BlogPosting\" itemprop=\"blogPost\" ><div class='avia_textblock  '   itemprop=\"text\" ><p style=\"text-align: center;\"><span style=\"font-size: 18pt;\"><b><span lang=\"es-419\">D\u00eda de la Educaci\u00f3n Ambiental: A fortalecer el respeto y cuidado por la naturaleza desde los primeros a\u00f1os<\/span><\/b><\/span><\/p>\n<div id=\"gtx-trans\" style=\"position: absolute; left: -50px; top: 4.31534px;\">\n<div class=\"gtx-trans-icon\"><\/div>\n<\/div>\n<\/div><\/section><\/div><div class=\"flex_column av_one_full  flex_column_div av-zero-column-padding first  avia-builder-el-4  el_after_av_one_full  el_before_av_hr  column-top-margin\" style='border-radius:0px; '><section class=\"av_textblock_section \"  itemscope=\"itemscope\" itemtype=\"https:\/\/schema.org\/BlogPosting\" itemprop=\"blogPost\" ><div class='avia_textblock  '   itemprop=\"text\" ><p style=\"font-weight: 400; text-align: justify;\">Como parte del compromiso con una educaci\u00f3n integral desde los primeros a\u00f1os de vida, la Subsecretar\u00eda de Educaci\u00f3n Parvularia releva la importancia de fortalecer el v\u00ednculo de guaguas, ni\u00f1as y ni\u00f1os con la naturaleza, promoviendo desde los primeros a\u00f1os una cultura de respeto y valoraci\u00f3n del medio ambiente.<\/p>\n<p style=\"font-weight: 400; text-align: justify;\">Hoy, la conmemoraci\u00f3n del D\u00eda de la Educaci\u00f3n Ambiental es una oportunidad para valorar la comprometida labor de las comunidades del primer nivel, para fomentar una educaci\u00f3n ambiental que se traduce en los sellos educativos de las comunidades, proyectos colaborativos, y en certificaci\u00f3n ambiental del Ministerio del Medio Ambiente a trav\u00e9s del Sistema Nacional de Certificaci\u00f3n Ambiental de Establecimientos Educacionales (SNCAE), entre otras.<\/p>\n<p style=\"font-weight: 400; text-align: justify;\">\u201cUna formaci\u00f3n desde la reciprocidad con la naturaleza, desde los primeros a\u00f1os de vida, es fundamentales para el bienestar y desarrollo integral de las guaguas, ni\u00f1as y ni\u00f1os, promoviendo su protagonismo desde la observaci\u00f3n, la experimentaci\u00f3n, el pensamiento cr\u00edtico y la conciencia ecol\u00f3gica. Agradecemos y valoramos el compromiso de las comunidades por la educaci\u00f3n ambiental\u201d, indic\u00f3 la subsecretaria de Educaci\u00f3n Parvularia, Claudia Lagos.<\/p>\n<p style=\"font-weight: 400; text-align: justify;\">Recursos que pueden ser de utilidad para las comunidades educativas, de manera de enriquecer las experiencias de aprendizajes, son: las\u00a0<a href=\"https:\/\/parvularia.mineduc.cl\/wp-content\/uploads\/2022\/03\/28022022-Exploracio%CC%81n-del-Entorno-final.pdf\" data-saferedirecturl=\"https:\/\/www.google.com\/url?q=https:\/\/parvularia.mineduc.cl\/wp-content\/uploads\/2022\/03\/28022022-Exploracio%25CC%2581n-del-Entorno-final.pdf&amp;source=gmail&amp;ust=1769546248823000&amp;usg=AOvVaw2fE8V54qp2Y72PPS36q3da\"><strong>Orientaciones T\u00e9cnico-Pegag\u00f3gicas: Exploraci\u00f3n del entorno natural<\/strong><\/a>\u00a0y la\u00a0<a href=\"https:\/\/mma.gob.cl\/wp-content\/uploads\/2020\/11\/Gui%CC%81a-EA-para-EP.pdf\" data-saferedirecturl=\"https:\/\/www.google.com\/url?q=https:\/\/mma.gob.cl\/wp-content\/uploads\/2020\/11\/Gui%25CC%2581a-EA-para-EP.pdf&amp;source=gmail&amp;ust=1769546248823000&amp;usg=AOvVaw12NHRKiNyFPlfUszU095_x\"><strong>Gu\u00eda de Educaci\u00f3n Parvularia: Valorando y cuidando el medio ambiente desde la primera infancia<\/strong><\/a>.<\/p>\n<p style=\"font-weight: 400; text-align: justify;\">Estos recursos abordan aspectos variados, como profundizar la exploraci\u00f3n del entorno natural, desde una mirada reflexiva y pr\u00e1ctica, la alfabetizaci\u00f3n cient\u00edfica, las habilidades de pensamiento cient\u00edfico y el desarrollo sostenible. Tambi\u00e9n, aspectos como el cuidado del agua, la energ\u00eda, la conservaci\u00f3n de la biodiversidad, el manejo de residuos, entre otros.<\/p>\n<p style=\"font-weight: 400; text-align: justify;\"><strong>Experiencias desde la educaci\u00f3n parvularia p\u00fablica<\/strong><\/p>\n<p style=\"font-weight: 400; text-align: justify;\">En el marco del D\u00eda de la Educaci\u00f3n Ambiental invitamos a ver el\u00a0<a href=\"https:\/\/www.youtube.com\/watch?v=sKVkSIb2iQo\" data-saferedirecturl=\"https:\/\/www.google.com\/url?q=https:\/\/www.youtube.com\/watch?v%3DsKVkSIb2iQo&amp;source=gmail&amp;ust=1769546248823000&amp;usg=AOvVaw2YOtO-yqihXFM8dPkSezFp\"><strong>7\u00b0 Seminario: \u201cEducaci\u00f3n Ambiental desde la Primera Infancia: Avances y desaf\u00edos de la educaci\u00f3n ambiental desde la Educaci\u00f3n Parvularia P\u00fablica\u201d<\/strong><\/a>, organizado por el ministerio del Medio Ambiente (MMA) y la Subsecretar\u00eda de Educaci\u00f3n Parvularia, adem\u00e1s de sostenedores de la educaci\u00f3n inicial p\u00fablica, con el prop\u00f3sito de fortalecer el trabajo intersectorial entre las instituciones que integran el Comit\u00e9 Nacional de Certificaci\u00f3n Ambiental (CNCA) de Establecimientos Educacionales.<\/p>\n<p style=\"font-weight: 400; text-align: justify;\">Este sistema promueve la educaci\u00f3n ambiental en todos los niveles del sistema educativo, impulsando comunidades que integran la conciencia ambiental, la participaci\u00f3n y la acci\u00f3n por la justicia socioambiental. En este webinar se pueden conocer experiencias pr\u00e1cticas, desde la voz y experiencias de las propias comunidades educativas del nivel.<\/p>\n<p style=\"font-weight: 400; text-align: justify;\">Accede a m\u00e1s informaci\u00f3n en:\u00a0<u><a href=\"https:\/\/parvularia.mineduc.cl\/\" data-saferedirecturl=\"https:\/\/www.google.com\/url?q=https:\/\/parvularia.mineduc.cl\/&amp;source=gmail&amp;ust=1769546248823000&amp;usg=AOvVaw32iIE0giPcHiRP1NJgWtU5\">https:\/\/parvularia.mineduc.cl\/<\/a><\/u>.<\/p>\n<\/div><\/section><\/div><div  style='height:50px' class='hr hr-invisible   avia-builder-el-6  el_after_av_one_full  el_before_av_social_share '><span class='hr-inner ' ><span class='hr-inner-style'><\/span><\/span><\/div><\/p>\n<div  class='av-social-sharing-box  avia-builder-el-7  el_after_av_hr  el_before_av_hr  '><div class='av-share-box'><h5 class='av-share-link-description av-no-toc '>Compartir esta noticia<\/h5><ul class='av-share-box-list noLightbox'><li class='av-share-link av-social-link-facebook' ><a target=\"_blank\" aria-label=\"Compartir en Facebook\" href='https:\/\/www.facebook.com\/sharer.php?u=https:\/\/radiorevelacionfm.cl\/?p=63690&#038;t=D%C3%ADa%20de%20la%20Educaci%C3%B3n%20Ambiental%3A%20A%20fortalecer%20el%20respeto%20y%20cuidado%20por%20la%20naturaleza%20desde%20los%20primeros%20a%C3%B1os' aria-hidden='false' data-av_icon='\ue8f3' data-av_iconfont='entypo-fontello' title='' data-avia-related-tooltip='Compartir en Facebook' rel=\"noopener\"><span class='avia_hidden_link_text'>Compartir en Facebook<\/span><\/a><\/li><li class='av-share-link av-social-link-twitter' ><a target=\"_blank\" aria-label=\"Compartir en Twitter\" href='https:\/\/twitter.com\/share?text=D%C3%ADa%20de%20la%20Educaci%C3%B3n%20Ambiental%3A%20A%20fortalecer%20el%20respeto%20y%20cuidado%20por%20la%20naturaleza%20desde%20los%20primeros%20a%C3%B1os&#038;url=https:\/\/radiorevelacionfm.cl\/?p=63690' aria-hidden='false' data-av_icon='\ue8f1' data-av_iconfont='entypo-fontello' title='' data-avia-related-tooltip='Compartir en Twitter' rel=\"noopener\"><span class='avia_hidden_link_text'>Compartir en Twitter<\/span><\/a><\/li><li class='av-share-link av-social-link-whatsapp' ><a target=\"_blank\" aria-label=\"Compartir en Whatsapp\" href='https:\/\/api.whatsapp.com\/send?text=https:\/\/radiorevelacionfm.cl\/?p=63690' aria-hidden='false' data-av_icon='\uf232' data-av_iconfont='entypo-fontello' title='' data-avia-related-tooltip='Compartir en Whatsapp' rel=\"noopener\"><span class='avia_hidden_link_text'>Compartir en Whatsapp<\/span><\/a><\/li><li class='av-share-link av-social-link-linkedin' ><a target=\"_blank\" aria-label=\"Compartir en LinkedIn\" href='https:\/\/linkedin.com\/shareArticle?mini=true&#038;title=D%C3%ADa%20de%20la%20Educaci%C3%B3n%20Ambiental%3A%20A%20fortalecer%20el%20respeto%20y%20cuidado%20por%20la%20naturaleza%20desde%20los%20primeros%20a%C3%B1os&#038;url=https:\/\/radiorevelacionfm.cl\/?p=63690' aria-hidden='false' data-av_icon='\ue8fc' data-av_iconfont='entypo-fontello' title='' data-avia-related-tooltip='Compartir en LinkedIn' rel=\"noopener\"><span class='avia_hidden_link_text'>Compartir en LinkedIn<\/span><\/a><\/li><li class='av-share-link av-social-link-mail' ><a  aria-label=\"Compartir por correo\" href='mailto:?subject=D%C3%ADa%20de%20la%20Educaci%C3%B3n%20Ambiental%3A%20A%20fortalecer%20el%20respeto%20y%20cuidado%20por%20la%20naturaleza%20desde%20los%20primeros%20a%C3%B1os&#038;body=https:\/\/radiorevelacionfm.cl\/?p=63690' aria-hidden='false' data-av_icon='\ue805' data-av_iconfont='entypo-fontello' title='' data-avia-related-tooltip='Compartir por correo'><span class='avia_hidden_link_text'>Compartir por correo<\/span><\/a><\/li><\/ul><\/div><\/div>\n<div  style='height:50px' class='hr hr-invisible   avia-builder-el-8  el_after_av_social_share  el_before_av_comments_list '><span class='hr-inner ' ><span class='hr-inner-style'><\/span><\/span><\/div>\n<div  class='av-buildercomment  av-blog-meta-html-info-disabled av-blog-meta-tag-disabled  '><\/div>\n","protected":false},"excerpt":{"rendered":"","protected":false},"author":1,"featured_media":63691,"comment_status":"closed","ping_status":"closed","sticky":false,"template":"","format":"standard","meta":{"footnotes":""},"categories":[61],"tags":[],"class_list":["post-63690","post","type-post","status-publish","format-standard","has-post-thumbnail","hentry","category-nacional"],"jetpack_featured_media_url":"https:\/\/radiorevelacionfm.cl\/wp-content\/uploads\/2026\/01\/whatsapp-image-2025-06-05-at-9_optimized.03.59-am-1.jpeg","_links":{"self":[{"href":"https:\/\/radiorevelacionfm.cl\/index.php?rest_route=\/wp\/v2\/posts\/63690","targetHints":{"allow":["GET"]}}],"collection":[{"href":"https:\/\/radiorevelacionfm.cl\/index.php?rest_route=\/wp\/v2\/posts"}],"about":[{"href":"https:\/\/radiorevelacionfm.cl\/index.php?rest_route=\/wp\/v2\/types\/post"}],"author":[{"embeddable":true,"href":"https:\/\/radiorevelacionfm.cl\/index.php?rest_route=\/wp\/v2\/users\/1"}],"replies":[{"embeddable":true,"href":"https:\/\/radiorevelacionfm.cl\/index.php?rest_route=%2Fwp%2Fv2%2Fcomments&post=63690"}],"version-history":[{"count":2,"href":"https:\/\/radiorevelacionfm.cl\/index.php?rest_route=\/wp\/v2\/posts\/63690\/revisions"}],"predecessor-version":[{"id":63719,"href":"https:\/\/radiorevelacionfm.cl\/index.php?rest_route=\/wp\/v2\/posts\/63690\/revisions\/63719"}],"wp:featuredmedia":[{"embeddable":true,"href":"https:\/\/radiorevelacionfm.cl\/index.php?rest_route=\/wp\/v2\/media\/63691"}],"wp:attachment":[{"href":"https:\/\/radiorevelacionfm.cl\/index.php?rest_route=%2Fwp%2Fv2%2Fmedia&parent=63690"}],"wp:term":[{"taxonomy":"category","embeddable":true,"href":"https:\/\/radiorevelacionfm.cl\/index.php?rest_route=%2Fwp%2Fv2%2Fcategories&post=63690"},{"taxonomy":"post_tag","embeddable":true,"href":"https:\/\/radiorevelacionfm.cl\/index.php?rest_route=%2Fwp%2Fv2%2Ftags&post=63690"}],"curies":[{"name":"wp","href":"https:\/\/api.w.org\/{rel}","templated":true}]}}