{"id":63686,"date":"2026-01-26T17:48:00","date_gmt":"2026-01-26T20:48:00","guid":{"rendered":"https:\/\/radiorevelacionfm.cl\/?p=63686"},"modified":"2026-01-26T17:48:00","modified_gmt":"2026-01-26T20:48:00","slug":"tras-activacion-de-senal-sos-de-gps-carabineros-de-villa-ohiggins-y-la-armada-lograron-rescatar-a-turistas-italianos-extraviados-en-sector-candelario-mansilla","status":"publish","type":"post","link":"https:\/\/radiorevelacionfm.cl\/?p=63686","title":{"rendered":"Tras activaci\u00f3n de se\u00f1al SOS de GPS, Carabineros de Villa O\u2019Higgins y la Armada lograron rescatar a turistas italianos extraviados en sector Candelario Mansilla"},"content":{"rendered":"<div class=\"flex_column av_one_full  flex_column_div av-zero-column-padding first  avia-builder-el-0  el_before_av_one_full  avia-builder-el-first  \" style='border-radius:0px; '><div  class='avia-image-container  av-styling-    avia-builder-el-1  avia-builder-el-no-sibling  avia-align-center '  itemprop=\"image\" itemscope=\"itemscope\" itemtype=\"https:\/\/schema.org\/ImageObject\"  ><div class='avia-image-container-inner'><div class='avia-image-overlay-wrap'><img decoding=\"async\" class='wp-image-63687 avia-img-lazy-loading-not-63687 avia_image' src=\"https:\/\/radiorevelacionfm.cl\/wp-content\/uploads\/2026\/01\/00ba6478-1485-4521-8c9e-a3aca848e747-1_optimized-1_optimized-1.jpg\" alt='' title='00ba6478-1485-4521-8c9e-a3aca848e747-(1)_optimized-(1)_optimized (1)' height=\"697\" width=\"863\"  itemprop=\"thumbnailUrl\" srcset=\"https:\/\/radiorevelacionfm.cl\/wp-content\/uploads\/2026\/01\/00ba6478-1485-4521-8c9e-a3aca848e747-1_optimized-1_optimized-1.jpg 863w, https:\/\/radiorevelacionfm.cl\/wp-content\/uploads\/2026\/01\/00ba6478-1485-4521-8c9e-a3aca848e747-1_optimized-1_optimized-1-300x242.jpg 300w, https:\/\/radiorevelacionfm.cl\/wp-content\/uploads\/2026\/01\/00ba6478-1485-4521-8c9e-a3aca848e747-1_optimized-1_optimized-1-768x620.jpg 768w, https:\/\/radiorevelacionfm.cl\/wp-content\/uploads\/2026\/01\/00ba6478-1485-4521-8c9e-a3aca848e747-1_optimized-1_optimized-1-495x400.jpg 495w, https:\/\/radiorevelacionfm.cl\/wp-content\/uploads\/2026\/01\/00ba6478-1485-4521-8c9e-a3aca848e747-1_optimized-1_optimized-1-705x569.jpg 705w, https:\/\/radiorevelacionfm.cl\/wp-content\/uploads\/2026\/01\/00ba6478-1485-4521-8c9e-a3aca848e747-1_optimized-1_optimized-1-450x363.jpg 450w, https:\/\/radiorevelacionfm.cl\/wp-content\/uploads\/2026\/01\/00ba6478-1485-4521-8c9e-a3aca848e747-1_optimized-1_optimized-1-600x485.jpg 600w\" sizes=\"(max-width: 863px) 100vw, 863px\" \/><\/div><\/div><\/div><\/div><div class=\"flex_column av_one_full  flex_column_div av-zero-column-padding first  avia-builder-el-2  el_after_av_one_full  el_before_av_one_full  column-top-margin\" style='border-radius:0px; '><section class=\"av_textblock_section \"  itemscope=\"itemscope\" itemtype=\"https:\/\/schema.org\/BlogPosting\" itemprop=\"blogPost\" ><div class='avia_textblock  '   itemprop=\"text\" ><p style=\"text-align: center;\"><strong><span style=\"font-size: 18pt;\">Tras activaci\u00f3n de se\u00f1al SOS de GPS, Carabineros de Villa O\u2019Higgins y la Armada lograron rescatar a turistas italianos extraviados en sector Candelario Mansilla<\/span><\/strong><\/p>\n<div id=\"gtx-trans\" style=\"position: absolute; left: -50px; top: 4.31534px;\">\n<div class=\"gtx-trans-icon\"><\/div>\n<\/div>\n<\/div><\/section><\/div><div class=\"flex_column av_one_full  flex_column_div av-zero-column-padding first  avia-builder-el-4  el_after_av_one_full  el_before_av_hr  column-top-margin\" style='border-radius:0px; '><section class=\"av_textblock_section \"  itemscope=\"itemscope\" itemtype=\"https:\/\/schema.org\/BlogPosting\" itemprop=\"blogPost\" ><div class='avia_textblock  '   itemprop=\"text\" ><ul>\n<li dir=\"ltr\">\n<p dir=\"ltr\" style=\"text-align: justify;\" role=\"presentation\"><em>La se\u00f1al se recepcion\u00f3 en Estado Unidos, desde donde se alert\u00f3 a Senapred, organismo que transmiti\u00f3 la informaci\u00f3n a Carabineros, siendo activado el protocolo de b\u00fasqueda a cargo de una patrulla de rescate.<\/em><\/p>\n<\/li>\n<\/ul>\n<p dir=\"ltr\" style=\"text-align: justify;\">La activaci\u00f3n de una se\u00f1al de auxilio en el GPS, result\u00f3 fundamental para localizar y rescatar -tras un operativo de b\u00fasqueda por parte de Carabineros de la Subcomisar\u00eda Villa O\u00b4Higgins, Tcia. Hern\u00e1n Merino Correa (F) y la Armada- a dos turistas de nacionalidad italiana extraviados en el sector Candelario Mansilla, en el extremo m\u00e1s austral de la regi\u00f3n de Ays\u00e9n.<\/p>\n<p dir=\"ltr\" style=\"text-align: justify;\">\u201cFuimos alertados por Senapred, toda vez que ellos hab\u00edan recibido una se\u00f1al de alerta de activaci\u00f3n por un GPS de la empresa Garmin, respecto a unas personas que estaban haciendo turismo en el sector de Candelario Mansilla en el sector territorial de la Tenencia fronteriza Hern\u00e1n Merino Correa\u201d, indic\u00f3 el Subcomisario (S) de la Subcomisar\u00eda Villa O\u2019Higgins (F) Teniente Pedro Barros Morales.<\/p>\n<p dir=\"ltr\" style=\"text-align: justify;\">\u201cSe trat\u00f3 de un matrimonio de turistas de 60 y 65 a\u00f1os de edad, quienes estaban conociendo el sector y que por condiciones clim\u00e1ticas y por no conocer el lugar geogr\u00e1fico, tuvieron problemas para llegar a puerto conforme a su planificaci\u00f3n\u201d, indic\u00f3 el Oficial.<\/p>\n<p dir=\"ltr\" style=\"text-align: justify;\"><strong>Se\u00f1al fue recibida en Estados Unidos<\/strong><\/p>\n<p dir=\"ltr\" style=\"text-align: justify;\">La se\u00f1al de GPS fue recibida en Estados Unidos, desde donde se alert\u00f3 a Senapred, quienes transmitieron la informaci\u00f3n a Carabineros, siendo activada una patrulla de rescate, operaci\u00f3n en que fue fundamental la colaboraci\u00f3n de la Armada de Chile, quienes a trav\u00e9s de una embarcaci\u00f3n acercaron a Carabineros hasta el lugar, debiendo efectuar una navegaci\u00f3n bajo condiciones clim\u00e1ticas adversas.<\/p>\n<p dir=\"ltr\" style=\"text-align: justify;\">\u201cDesde la Tenencia Hern\u00e1n Merino Correa est\u00e1bamos a 12 horas a pie, por lo que tuvimos que actuar de la manera m\u00e1s r\u00e1pida posible dado que las condiciones estaban empeorando en la zona, lo que nos llev\u00f3 a efectuar las coordinaciones con la Armada, realizando un trabajo mancomunado, pudiendo acercarnos y llegar al lugar donde ellos marcaron su se\u00f1al de alerta, logrando rescatarlos\u201d, detall\u00f3 el Teniente Barros.<\/p>\n<p dir=\"ltr\" style=\"text-align: justify;\">Una vez en el lugar, Carabineros advirti\u00f3 que ambos turistas estaban sin abastecimiento de agua, fatigados por haber caminado desde las 05:00 horas y con algo de shock por el temor que les pudiera ocurrir algo por las malas condiciones clim\u00e1ticas que estaban pronosticadas, siendo hidratados por personal de Carabineros en el lugar, rescate en que el trabajo mancomunado y la planificaci\u00f3n permitieron acceder v\u00eda lacustre al lugar, concretando su extracci\u00f3n.<\/p>\n<p dir=\"ltr\" style=\"text-align: justify;\">Recomendaciones<\/p>\n<p dir=\"ltr\" style=\"text-align: justify;\">Carabineros inst\u00f3 a quienes se aventuran a realizar senderismo o monta\u00f1ismo en la Patagonia chilena a planificar sus salidas, verificar la climatolog\u00eda, dar a aviso a Carabineros e informar sobre su recorrido, junto con conocer recomendaciones por parte del personal especialista en monta\u00f1a y frontera.<\/p>\n<p dir=\"ltr\" style=\"text-align: justify;\">\u201cEsto nos permite -cuando se activan este tipo de situaciones- actuar de forma m\u00e1s r\u00e1pida. Afortunadamente estos turistas contaban con un GPS que les posibilit\u00f3\u00a0 activar un SOS, lo que permiti\u00f3 de forma m\u00e1s r\u00e1pida su ubicaci\u00f3n, coordinar el acercamiento y posterior rescate\u201d, expres\u00f3 el Oficial.<\/p>\n<\/div><\/section><\/div><div  style='height:50px' class='hr hr-invisible   avia-builder-el-6  el_after_av_one_full  el_before_av_social_share '><span class='hr-inner ' ><span class='hr-inner-style'><\/span><\/span><\/div><\/p>\n<div  class='av-social-sharing-box  avia-builder-el-7  el_after_av_hr  el_before_av_hr  '><div class='av-share-box'><h5 class='av-share-link-description av-no-toc '>Compartir esta noticia<\/h5><ul class='av-share-box-list noLightbox'><li class='av-share-link av-social-link-facebook' ><a target=\"_blank\" aria-label=\"Compartir en Facebook\" href='https:\/\/www.facebook.com\/sharer.php?u=https:\/\/radiorevelacionfm.cl\/?p=63686&#038;t=Tras%20activaci%C3%B3n%20de%20se%C3%B1al%20SOS%20de%20GPS%2C%20Carabineros%20de%20Villa%20O%E2%80%99Higgins%20y%20la%20Armada%20lograron%20rescatar%20a%20turistas%20italianos%20extraviados%20en%20sector%20Candelario%20Mansilla' aria-hidden='false' data-av_icon='\ue8f3' data-av_iconfont='entypo-fontello' title='' data-avia-related-tooltip='Compartir en Facebook' rel=\"noopener\"><span class='avia_hidden_link_text'>Compartir en Facebook<\/span><\/a><\/li><li class='av-share-link av-social-link-twitter' ><a target=\"_blank\" aria-label=\"Compartir en Twitter\" href='https:\/\/twitter.com\/share?text=Tras%20activaci%C3%B3n%20de%20se%C3%B1al%20SOS%20de%20GPS%2C%20Carabineros%20de%20Villa%20O%E2%80%99Higgins%20y%20la%20Armada%20lograron%20rescatar%20a%20turistas%20italianos%20extraviados%20en%20sector%20Candelario%20Mansilla&#038;url=https:\/\/radiorevelacionfm.cl\/?p=63686' aria-hidden='false' data-av_icon='\ue8f1' data-av_iconfont='entypo-fontello' title='' data-avia-related-tooltip='Compartir en Twitter' rel=\"noopener\"><span class='avia_hidden_link_text'>Compartir en Twitter<\/span><\/a><\/li><li class='av-share-link av-social-link-whatsapp' ><a target=\"_blank\" aria-label=\"Compartir en Whatsapp\" href='https:\/\/api.whatsapp.com\/send?text=https:\/\/radiorevelacionfm.cl\/?p=63686' aria-hidden='false' data-av_icon='\uf232' data-av_iconfont='entypo-fontello' title='' data-avia-related-tooltip='Compartir en Whatsapp' rel=\"noopener\"><span class='avia_hidden_link_text'>Compartir en Whatsapp<\/span><\/a><\/li><li class='av-share-link av-social-link-linkedin' ><a target=\"_blank\" aria-label=\"Compartir en LinkedIn\" href='https:\/\/linkedin.com\/shareArticle?mini=true&#038;title=Tras%20activaci%C3%B3n%20de%20se%C3%B1al%20SOS%20de%20GPS%2C%20Carabineros%20de%20Villa%20O%E2%80%99Higgins%20y%20la%20Armada%20lograron%20rescatar%20a%20turistas%20italianos%20extraviados%20en%20sector%20Candelario%20Mansilla&#038;url=https:\/\/radiorevelacionfm.cl\/?p=63686' aria-hidden='false' data-av_icon='\ue8fc' data-av_iconfont='entypo-fontello' title='' data-avia-related-tooltip='Compartir en LinkedIn' rel=\"noopener\"><span class='avia_hidden_link_text'>Compartir en LinkedIn<\/span><\/a><\/li><li class='av-share-link av-social-link-mail' ><a  aria-label=\"Compartir por correo\" href='mailto:?subject=Tras%20activaci%C3%B3n%20de%20se%C3%B1al%20SOS%20de%20GPS%2C%20Carabineros%20de%20Villa%20O%E2%80%99Higgins%20y%20la%20Armada%20lograron%20rescatar%20a%20turistas%20italianos%20extraviados%20en%20sector%20Candelario%20Mansilla&#038;body=https:\/\/radiorevelacionfm.cl\/?p=63686' aria-hidden='false' data-av_icon='\ue805' data-av_iconfont='entypo-fontello' title='' data-avia-related-tooltip='Compartir por correo'><span class='avia_hidden_link_text'>Compartir por correo<\/span><\/a><\/li><\/ul><\/div><\/div>\n<div  style='height:50px' class='hr hr-invisible   avia-builder-el-8  el_after_av_social_share  el_before_av_comments_list '><span class='hr-inner ' ><span class='hr-inner-style'><\/span><\/span><\/div>\n<div  class='av-buildercomment  av-blog-meta-html-info-disabled av-blog-meta-tag-disabled  '><\/div>\n","protected":false},"excerpt":{"rendered":"","protected":false},"author":1,"featured_media":63687,"comment_status":"closed","ping_status":"closed","sticky":false,"template":"","format":"standard","meta":{"footnotes":""},"categories":[36],"tags":[],"class_list":["post-63686","post","type-post","status-publish","format-standard","has-post-thumbnail","hentry","category-policial"],"jetpack_featured_media_url":"https:\/\/radiorevelacionfm.cl\/wp-content\/uploads\/2026\/01\/00ba6478-1485-4521-8c9e-a3aca848e747-1_optimized-1_optimized-1.jpg","_links":{"self":[{"href":"https:\/\/radiorevelacionfm.cl\/index.php?rest_route=\/wp\/v2\/posts\/63686","targetHints":{"allow":["GET"]}}],"collection":[{"href":"https:\/\/radiorevelacionfm.cl\/index.php?rest_route=\/wp\/v2\/posts"}],"about":[{"href":"https:\/\/radiorevelacionfm.cl\/index.php?rest_route=\/wp\/v2\/types\/post"}],"author":[{"embeddable":true,"href":"https:\/\/radiorevelacionfm.cl\/index.php?rest_route=\/wp\/v2\/users\/1"}],"replies":[{"embeddable":true,"href":"https:\/\/radiorevelacionfm.cl\/index.php?rest_route=%2Fwp%2Fv2%2Fcomments&post=63686"}],"version-history":[{"count":2,"href":"https:\/\/radiorevelacionfm.cl\/index.php?rest_route=\/wp\/v2\/posts\/63686\/revisions"}],"predecessor-version":[{"id":63689,"href":"https:\/\/radiorevelacionfm.cl\/index.php?rest_route=\/wp\/v2\/posts\/63686\/revisions\/63689"}],"wp:featuredmedia":[{"embeddable":true,"href":"https:\/\/radiorevelacionfm.cl\/index.php?rest_route=\/wp\/v2\/media\/63687"}],"wp:attachment":[{"href":"https:\/\/radiorevelacionfm.cl\/index.php?rest_route=%2Fwp%2Fv2%2Fmedia&parent=63686"}],"wp:term":[{"taxonomy":"category","embeddable":true,"href":"https:\/\/radiorevelacionfm.cl\/index.php?rest_route=%2Fwp%2Fv2%2Fcategories&post=63686"},{"taxonomy":"post_tag","embeddable":true,"href":"https:\/\/radiorevelacionfm.cl\/index.php?rest_route=%2Fwp%2Fv2%2Ftags&post=63686"}],"curies":[{"name":"wp","href":"https:\/\/api.w.org\/{rel}","templated":true}]}}