{"id":63683,"date":"2026-01-26T21:05:04","date_gmt":"2026-01-27T00:05:04","guid":{"rendered":"https:\/\/radiorevelacionfm.cl\/?p=63683"},"modified":"2026-01-26T21:05:04","modified_gmt":"2026-01-27T00:05:04","slug":"en-la-region-de-aysen-se-concretaron-dos-nuevas-entregas-de-areas-de-manejo-de-recursos-bentonicos","status":"publish","type":"post","link":"https:\/\/radiorevelacionfm.cl\/?p=63683","title":{"rendered":"En la regi\u00f3n de Ays\u00e9n se concretaron dos nuevas entregas de \u00e1reas de manejo de recursos bent\u00f3nicos"},"content":{"rendered":"<div class=\"flex_column av_one_full  flex_column_div av-zero-column-padding first  avia-builder-el-0  el_before_av_one_full  avia-builder-el-first  \" style='border-radius:0px; '><div  class='avia-image-container  av-styling-    avia-builder-el-1  avia-builder-el-no-sibling  avia-align-center '  itemprop=\"image\" itemscope=\"itemscope\" itemtype=\"https:\/\/schema.org\/ImageObject\"  ><div class='avia-image-container-inner'><div class='avia-image-overlay-wrap'><img decoding=\"async\" class='wp-image-63684 avia-img-lazy-loading-not-63684 avia_image' src=\"https:\/\/radiorevelacionfm.cl\/wp-content\/uploads\/2026\/01\/24-5-1-1.jpg\" alt='' title='24 (5) (1) (1)' height=\"600\" width=\"800\"  itemprop=\"thumbnailUrl\" srcset=\"https:\/\/radiorevelacionfm.cl\/wp-content\/uploads\/2026\/01\/24-5-1-1.jpg 800w, https:\/\/radiorevelacionfm.cl\/wp-content\/uploads\/2026\/01\/24-5-1-1-300x225.jpg 300w, https:\/\/radiorevelacionfm.cl\/wp-content\/uploads\/2026\/01\/24-5-1-1-768x576.jpg 768w, https:\/\/radiorevelacionfm.cl\/wp-content\/uploads\/2026\/01\/24-5-1-1-705x529.jpg 705w, https:\/\/radiorevelacionfm.cl\/wp-content\/uploads\/2026\/01\/24-5-1-1-450x338.jpg 450w, https:\/\/radiorevelacionfm.cl\/wp-content\/uploads\/2026\/01\/24-5-1-1-600x450.jpg 600w\" sizes=\"(max-width: 800px) 100vw, 800px\" \/><\/div><\/div><\/div><\/div><div class=\"flex_column av_one_full  flex_column_div av-zero-column-padding first  avia-builder-el-2  el_after_av_one_full  el_before_av_one_full  column-top-margin\" style='border-radius:0px; '><section class=\"av_textblock_section \"  itemscope=\"itemscope\" itemtype=\"https:\/\/schema.org\/BlogPosting\" itemprop=\"blogPost\" ><div class='avia_textblock  '   itemprop=\"text\" ><p style=\"text-align: center;\"><span style=\"font-size: 18pt;\"><b>En la regi\u00f3n de Ays\u00e9n se concretaron dos nuevas entregas de \u00e1reas de manejo de recursos bent\u00f3nicos<\/b><\/span><\/p>\n<div id=\"gtx-trans\" style=\"position: absolute; left: -50px; top: 4.31534px;\">\n<div class=\"gtx-trans-icon\"><\/div>\n<\/div>\n<\/div><\/section><\/div><div class=\"flex_column av_one_full  flex_column_div av-zero-column-padding first  avia-builder-el-4  el_after_av_one_full  el_before_av_hr  column-top-margin\" style='border-radius:0px; '><section class=\"av_textblock_section \"  itemscope=\"itemscope\" itemtype=\"https:\/\/schema.org\/BlogPosting\" itemprop=\"blogPost\" ><div class='avia_textblock  '   itemprop=\"text\" ><p style=\"font-weight: 400; text-align: justify;\">Sernapesca hizo entrega de dos nuevos convenios de uso en la regi\u00f3n de Ays\u00e9n, esta vez de las \u00e1reas de manejo de recursos bent\u00f3nicos (AMERB) de Isla Ana y de Puerto Gala Sector F, las cuales ser\u00e1n administradas por las y los pescadores artesanales del sector.<\/p>\n<p style=\"font-weight: 400; text-align: justify;\">La administraci\u00f3n de las \u00e1reas de manejo le brindar\u00e1 acceso de explotaci\u00f3n exclusiva a la Organizaci\u00f3n de pescadores\/as artesanales Fisher Patagonia Limitada en Isla Ana, y al Sindicato de Servicios Acu\u00edcolas Fredy Subiabre y otros Submar Limitada en Puerto Gala Sector F, quienes presentaron un plan de manejo basado en la conservaci\u00f3n de los recursos bent\u00f3nicos presentes en esa zona delimitada.<\/p>\n<p style=\"font-weight: 400; text-align: justify;\">El convenio obliga a las organizaciones, entre otras cosas, a limpiar y retirar todos los residuos generados directamente de la actividad que se realice dentro del \u00e1rea de manejo. Adem\u00e1s, solo podr\u00e1n extraer y explotar recursos bent\u00f3nicos como locos, erizos y almejas, respetando las vedas biol\u00f3gicas y otras medidas de administraci\u00f3n que apliquen para estos recursos.<\/p>\n<p style=\"font-weight: 400; text-align: justify;\">La directora regional de Sernapesca en Ays\u00e9n, Daniela Leiva, destac\u00f3: \u201cEstas entregas son de gran relevancia para la conservaci\u00f3n de los recursos bent\u00f3nicos, como el loco, cuya veda extractiva fue recientemente renovada. Esto implica que su extracci\u00f3n solo puede realizarse desde \u00e1reas de manejo, como las que entregamos a estas dos agrupaciones de pescadores artesanales. En este sentido, ellos deber\u00e1n administrar responsablemente sus AMERB, cumpliendo estrictamente con sus respectivos planes de manejo. Por nuestra parte como Sernapesca, vamos a realizar un acompa\u00f1amiento que sea permanente para promover el cumplimiento normativo, sin descuidar nuestra labor fiscalizadora a la actividad extractiva\u201d.<\/p>\n<\/div><\/section><\/div><div  style='height:50px' class='hr hr-invisible   avia-builder-el-6  el_after_av_one_full  el_before_av_social_share '><span class='hr-inner ' ><span class='hr-inner-style'><\/span><\/span><\/div><\/p>\n<div  class='av-social-sharing-box  avia-builder-el-7  el_after_av_hr  el_before_av_hr  '><div class='av-share-box'><h5 class='av-share-link-description av-no-toc '>Compartir esta noticia<\/h5><ul class='av-share-box-list noLightbox'><li class='av-share-link av-social-link-facebook' ><a target=\"_blank\" aria-label=\"Compartir en Facebook\" href='https:\/\/www.facebook.com\/sharer.php?u=https:\/\/radiorevelacionfm.cl\/?p=63683&#038;t=En%20la%20regi%C3%B3n%20de%20Ays%C3%A9n%20se%20concretaron%20dos%20nuevas%20entregas%20de%20%C3%A1reas%20de%20manejo%20de%20recursos%20bent%C3%B3nicos' aria-hidden='false' data-av_icon='\ue8f3' data-av_iconfont='entypo-fontello' title='' data-avia-related-tooltip='Compartir en Facebook' rel=\"noopener\"><span class='avia_hidden_link_text'>Compartir en Facebook<\/span><\/a><\/li><li class='av-share-link av-social-link-twitter' ><a target=\"_blank\" aria-label=\"Compartir en Twitter\" href='https:\/\/twitter.com\/share?text=En%20la%20regi%C3%B3n%20de%20Ays%C3%A9n%20se%20concretaron%20dos%20nuevas%20entregas%20de%20%C3%A1reas%20de%20manejo%20de%20recursos%20bent%C3%B3nicos&#038;url=https:\/\/radiorevelacionfm.cl\/?p=63683' aria-hidden='false' data-av_icon='\ue8f1' data-av_iconfont='entypo-fontello' title='' data-avia-related-tooltip='Compartir en Twitter' rel=\"noopener\"><span class='avia_hidden_link_text'>Compartir en Twitter<\/span><\/a><\/li><li class='av-share-link av-social-link-whatsapp' ><a target=\"_blank\" aria-label=\"Compartir en Whatsapp\" href='https:\/\/api.whatsapp.com\/send?text=https:\/\/radiorevelacionfm.cl\/?p=63683' aria-hidden='false' data-av_icon='\uf232' data-av_iconfont='entypo-fontello' title='' data-avia-related-tooltip='Compartir en Whatsapp' rel=\"noopener\"><span class='avia_hidden_link_text'>Compartir en Whatsapp<\/span><\/a><\/li><li class='av-share-link av-social-link-linkedin' ><a target=\"_blank\" aria-label=\"Compartir en LinkedIn\" href='https:\/\/linkedin.com\/shareArticle?mini=true&#038;title=En%20la%20regi%C3%B3n%20de%20Ays%C3%A9n%20se%20concretaron%20dos%20nuevas%20entregas%20de%20%C3%A1reas%20de%20manejo%20de%20recursos%20bent%C3%B3nicos&#038;url=https:\/\/radiorevelacionfm.cl\/?p=63683' aria-hidden='false' data-av_icon='\ue8fc' data-av_iconfont='entypo-fontello' title='' data-avia-related-tooltip='Compartir en LinkedIn' rel=\"noopener\"><span class='avia_hidden_link_text'>Compartir en LinkedIn<\/span><\/a><\/li><li class='av-share-link av-social-link-mail' ><a  aria-label=\"Compartir por correo\" href='mailto:?subject=En%20la%20regi%C3%B3n%20de%20Ays%C3%A9n%20se%20concretaron%20dos%20nuevas%20entregas%20de%20%C3%A1reas%20de%20manejo%20de%20recursos%20bent%C3%B3nicos&#038;body=https:\/\/radiorevelacionfm.cl\/?p=63683' aria-hidden='false' data-av_icon='\ue805' data-av_iconfont='entypo-fontello' title='' data-avia-related-tooltip='Compartir por correo'><span class='avia_hidden_link_text'>Compartir por correo<\/span><\/a><\/li><\/ul><\/div><\/div>\n<div  style='height:50px' class='hr hr-invisible   avia-builder-el-8  el_after_av_social_share  el_before_av_comments_list '><span class='hr-inner ' ><span class='hr-inner-style'><\/span><\/span><\/div>\n<div  class='av-buildercomment  av-blog-meta-html-info-disabled av-blog-meta-tag-disabled  '><\/div>\n","protected":false},"excerpt":{"rendered":"","protected":false},"author":1,"featured_media":63684,"comment_status":"closed","ping_status":"closed","sticky":false,"template":"","format":"standard","meta":{"footnotes":""},"categories":[60],"tags":[],"class_list":["post-63683","post","type-post","status-publish","format-standard","has-post-thumbnail","hentry","category-pesca"],"jetpack_featured_media_url":"https:\/\/radiorevelacionfm.cl\/wp-content\/uploads\/2026\/01\/24-5-1-1.jpg","_links":{"self":[{"href":"https:\/\/radiorevelacionfm.cl\/index.php?rest_route=\/wp\/v2\/posts\/63683","targetHints":{"allow":["GET"]}}],"collection":[{"href":"https:\/\/radiorevelacionfm.cl\/index.php?rest_route=\/wp\/v2\/posts"}],"about":[{"href":"https:\/\/radiorevelacionfm.cl\/index.php?rest_route=\/wp\/v2\/types\/post"}],"author":[{"embeddable":true,"href":"https:\/\/radiorevelacionfm.cl\/index.php?rest_route=\/wp\/v2\/users\/1"}],"replies":[{"embeddable":true,"href":"https:\/\/radiorevelacionfm.cl\/index.php?rest_route=%2Fwp%2Fv2%2Fcomments&post=63683"}],"version-history":[{"count":2,"href":"https:\/\/radiorevelacionfm.cl\/index.php?rest_route=\/wp\/v2\/posts\/63683\/revisions"}],"predecessor-version":[{"id":63705,"href":"https:\/\/radiorevelacionfm.cl\/index.php?rest_route=\/wp\/v2\/posts\/63683\/revisions\/63705"}],"wp:featuredmedia":[{"embeddable":true,"href":"https:\/\/radiorevelacionfm.cl\/index.php?rest_route=\/wp\/v2\/media\/63684"}],"wp:attachment":[{"href":"https:\/\/radiorevelacionfm.cl\/index.php?rest_route=%2Fwp%2Fv2%2Fmedia&parent=63683"}],"wp:term":[{"taxonomy":"category","embeddable":true,"href":"https:\/\/radiorevelacionfm.cl\/index.php?rest_route=%2Fwp%2Fv2%2Fcategories&post=63683"},{"taxonomy":"post_tag","embeddable":true,"href":"https:\/\/radiorevelacionfm.cl\/index.php?rest_route=%2Fwp%2Fv2%2Ftags&post=63683"}],"curies":[{"name":"wp","href":"https:\/\/api.w.org\/{rel}","templated":true}]}}