{"id":63679,"date":"2026-01-26T17:30:36","date_gmt":"2026-01-26T20:30:36","guid":{"rendered":"https:\/\/radiorevelacionfm.cl\/?p=63679"},"modified":"2026-01-26T17:30:36","modified_gmt":"2026-01-26T20:30:36","slug":"subsecretario-de-segegob-erwin-diaz-encabeza-gira-por-la-region-de-aysen-en-el-marco-de-la-campana-1-000-avances-y-la-puesta-en-marcha-del-seguro-social","status":"publish","type":"post","link":"https:\/\/radiorevelacionfm.cl\/?p=63679","title":{"rendered":"Subsecretario de SEGEGOB, Erwin D\u00edaz, encabeza gira por la regi\u00f3n de Ays\u00e9n en el marco de la campa\u00f1a 1.000 avances y la puesta en marcha del seguro social"},"content":{"rendered":"<div class=\"flex_column av_one_full  flex_column_div av-zero-column-padding first  avia-builder-el-0  el_before_av_one_full  avia-builder-el-first  \" style='border-radius:0px; '><div  class='avia-image-container  av-styling-    avia-builder-el-1  avia-builder-el-no-sibling  avia-align-center '  itemprop=\"image\" itemscope=\"itemscope\" itemtype=\"https:\/\/schema.org\/ImageObject\"  ><div class='avia-image-container-inner'><div class='avia-image-overlay-wrap'><img decoding=\"async\" class='wp-image-63680 avia-img-lazy-loading-not-63680 avia_image' src=\"https:\/\/radiorevelacionfm.cl\/wp-content\/uploads\/2026\/01\/centro-cuidados-1_optimized-1.jpg\" alt='' title='centro-cuidados-(1)_optimized (1)' height=\"750\" width=\"809\"  itemprop=\"thumbnailUrl\" srcset=\"https:\/\/radiorevelacionfm.cl\/wp-content\/uploads\/2026\/01\/centro-cuidados-1_optimized-1.jpg 809w, https:\/\/radiorevelacionfm.cl\/wp-content\/uploads\/2026\/01\/centro-cuidados-1_optimized-1-300x278.jpg 300w, https:\/\/radiorevelacionfm.cl\/wp-content\/uploads\/2026\/01\/centro-cuidados-1_optimized-1-768x712.jpg 768w, https:\/\/radiorevelacionfm.cl\/wp-content\/uploads\/2026\/01\/centro-cuidados-1_optimized-1-705x654.jpg 705w, https:\/\/radiorevelacionfm.cl\/wp-content\/uploads\/2026\/01\/centro-cuidados-1_optimized-1-450x417.jpg 450w, https:\/\/radiorevelacionfm.cl\/wp-content\/uploads\/2026\/01\/centro-cuidados-1_optimized-1-600x556.jpg 600w\" sizes=\"(max-width: 809px) 100vw, 809px\" \/><\/div><\/div><\/div><\/div><div class=\"flex_column av_one_full  flex_column_div av-zero-column-padding first  avia-builder-el-2  el_after_av_one_full  el_before_av_one_full  column-top-margin\" style='border-radius:0px; '><section class=\"av_textblock_section \"  itemscope=\"itemscope\" itemtype=\"https:\/\/schema.org\/BlogPosting\" itemprop=\"blogPost\" ><div class='avia_textblock  '   itemprop=\"text\" ><p style=\"text-align: center;\"><strong><span style=\"font-size: 18pt;\">Subsecretario de SEGEGOB, Erwin D\u00edaz, encabeza gira por la regi\u00f3n de Ays\u00e9n en el marco de la campa\u00f1a 1.000 avances y la puesta en marcha del seguro social<\/span><\/strong><\/p>\n<div id=\"gtx-trans\" style=\"position: absolute; left: -50px; top: 4.31534px;\">\n<div class=\"gtx-trans-icon\"><\/div>\n<\/div>\n<\/div><\/section><\/div><div class=\"flex_column av_one_full  flex_column_div av-zero-column-padding first  avia-builder-el-4  el_after_av_one_full  el_before_av_hr  column-top-margin\" style='border-radius:0px; '><section class=\"av_textblock_section \"  itemscope=\"itemscope\" itemtype=\"https:\/\/schema.org\/BlogPosting\" itemprop=\"blogPost\" ><div class='avia_textblock  '   itemprop=\"text\" ><p style=\"text-align: justify;\">En el marco del despliegue nacional del Gobierno del Presidente Gabriel Boric, el Subsecretario General de Gobierno, Erwin D\u00edaz Asenjo, realiz\u00f3 una intensa gira territorial por la Regi\u00f3n de Ays\u00e9n. La visita tuvo como eje central la difusi\u00f3n de la Reforma de Pensiones y la supervisi\u00f3n de hitos de infraestructura social bajo el sello de la campa\u00f1a www.1000avances.cl.<\/p>\n<p style=\"text-align: justify;\">La autoridad, junto al Delegado Presidencial Regional, al alcalde de Coyhaique, la Seremi de MINVU y Seremi de Gobierno, inspeccionaron el 30% de avance de las obras del primer Centro de Cuidados de la comuna, ubicado en la Poblaci\u00f3n Clotario Blest en Coyhaique. Con una inversi\u00f3n cercana a las 8.000 UF, este espacio de 204 m\u00b2 ofrecer\u00e1 accesibilidad universal y servicios integrales para cuidadoras y personas dependientes.<\/p>\n<p style=\"text-align: justify;\">La agenda tambi\u00e9n contempl\u00f3 un punto de prensa, al mediod\u00eda, \u00a0en la Plaza de Armas junto al Delegado Presidencial Regional, Senapred, CONAF y Seremi de Salud, entre otros organismos p\u00fablicos; para reforzar la prevenci\u00f3n de incendios forestales y Virus Hanta durante la temporada estival.<\/p>\n<p style=\"text-align: justify;\">Uno de los puntos clave de la jornada fue el Encuentro Ciudadano \u201cMejores Pensiones para Chile\u201d, realizado en la sede del Colegio de Profesores de Coyhaique. Ante una alta concurrencia de vecinos y vecinas, el Subsecretario inform\u00f3 sobre la puesta en marcha del Seguro Social, cuyos pagos autom\u00e1ticos comenzaron de forma hist\u00f3rica este mes de enero de 2026.<\/p>\n<p style=\"text-align: justify;\">\u201cIniciamos el recorrido por \u00a0la regi\u00f3n de Ays\u00e9n con la visita que hicimos al Centro Comunitario de Cuidados, que lleva un 30% de avance, una obra de m\u00e1s de 300 millones de pesos. Continuamos luego con un di\u00e1logo de mejores pensiones para Chile con jubilados y jubiladas, donde les pudimos dar cuenta del inicio del pago del Seguro Social, que contiene dos beneficios. Uno de los beneficios es \u00a0un bono permanente por la cantidad de a\u00f1os de cotizaci\u00f3n y tambi\u00e9n el bono de compensaci\u00f3n para mujeres por expectativa de vida. Ambos bonos son permanentes y no se deben postular. Fue una conversaci\u00f3n que tuvimos con vecinas y vecinos\u201d, destac\u00f3 el Subsecretario.<\/p>\n<p style=\"text-align: justify;\">Al finalizar la jornada, el Subsecretario particip\u00f3 en el cierre del proyecto de radioteatro \u201cLuz de nuestra voz que nos ampl\u00eda el horizonte\u201d, desarrollado por la Agrupaci\u00f3n de Ciegos de la Patagonia y financiado por el 8% FNDR 2025.<\/p>\n<p style=\"text-align: justify;\">El \u00a0viernes 23 de enero, la autoridad nacional visit\u00f3 el nuevo Campus Err\u00e1zuriz de la Universidad de Ays\u00e9n, el primer inmueble propio de la instituci\u00f3n. Con una inversi\u00f3n de $2.600 millones. Este campus representa un hito en la consolidaci\u00f3n del patrimonio universitario regional. Adem\u00e1s, cabe se\u00f1alar, que el Subsecretario fue recibido por el nuevo rector, V\u00edctor Cubillos.<\/p>\n<p style=\"text-align: justify;\">Finalmente, la autoridad sectorial visit\u00f3 el Servicio Sanitario Rural (SSR) del sector Ensenada Valle Simpson, proyecto inaugurado bajo la actual administraci\u00f3n con una inversi\u00f3n de $2.700 millones, garantizando agua potable para 200 familias rurales.<\/p>\n<p style=\"text-align: justify;\">\u201cAl d\u00eda siguiente visitamos el nuevo campus Err\u00e1zuriz de la Universidad de Ays\u00e9n, un campus que se est\u00e1 habilitando, maravilloso, de primer nivel y la verdad muestra el compromiso tambi\u00e9n que tiene la educaci\u00f3n p\u00fablica en las regiones. Y finalizamos nuestra gira en la regi\u00f3n visitando el Servicio Sanitario Rural de Ensenada Valle Simpson, un sistema de agua potable rural que fue inaugurado en el gobierno del presidente Gabriel Boric y que permite mejorar de manera concreta la calidad de vida de las familias, dando mayor dignidad y acceso a un derecho que fue anhelado por a\u00f1os por cada una de ellas. Un sistema de primer nivel que est\u00e1 emplazado ac\u00e1 en la regi\u00f3n de Ays\u00e9n\u201d.<\/p>\n<p style=\"text-align: justify;\">Con la supervisi\u00f3n de estos proyectos en la regi\u00f3n, el Gobierno contin\u00faa consolidando la agenda de 1000avances.cl, plataforma que visibiliza la ejecuci\u00f3n de obras de infraestructura social en cada rinc\u00f3n de Chile. La visita de la autoridad de la Segegob en Ays\u00e9n cierra una etapa crucial de monitoreo de proyectos que buscan mejorar directamente la calidad de vida y la conectividad de las comunidades locales.<\/p>\n<\/div><\/section><\/div><div  style='height:50px' class='hr hr-invisible   avia-builder-el-6  el_after_av_one_full  el_before_av_social_share '><span class='hr-inner ' ><span class='hr-inner-style'><\/span><\/span><\/div><\/p>\n<div  class='av-social-sharing-box  avia-builder-el-7  el_after_av_hr  el_before_av_hr  '><div class='av-share-box'><h5 class='av-share-link-description av-no-toc '>Compartir esta noticia<\/h5><ul class='av-share-box-list noLightbox'><li class='av-share-link av-social-link-facebook' ><a target=\"_blank\" aria-label=\"Compartir en Facebook\" href='https:\/\/www.facebook.com\/sharer.php?u=https:\/\/radiorevelacionfm.cl\/?p=63679&#038;t=Subsecretario%20de%20SEGEGOB%2C%20Erwin%20D%C3%ADaz%2C%20encabeza%20gira%20por%20la%20regi%C3%B3n%20de%20Ays%C3%A9n%20en%20el%20marco%20de%20la%20campa%C3%B1a%201.000%20avances%20y%20la%20puesta%20en%20marcha%20del%20seguro%20social' aria-hidden='false' data-av_icon='\ue8f3' data-av_iconfont='entypo-fontello' title='' data-avia-related-tooltip='Compartir en Facebook' rel=\"noopener\"><span class='avia_hidden_link_text'>Compartir en Facebook<\/span><\/a><\/li><li class='av-share-link av-social-link-twitter' ><a target=\"_blank\" aria-label=\"Compartir en Twitter\" href='https:\/\/twitter.com\/share?text=Subsecretario%20de%20SEGEGOB%2C%20Erwin%20D%C3%ADaz%2C%20encabeza%20gira%20por%20la%20regi%C3%B3n%20de%20Ays%C3%A9n%20en%20el%20marco%20de%20la%20campa%C3%B1a%201.000%20avances%20y%20la%20puesta%20en%20marcha%20del%20seguro%20social&#038;url=https:\/\/radiorevelacionfm.cl\/?p=63679' aria-hidden='false' data-av_icon='\ue8f1' data-av_iconfont='entypo-fontello' title='' data-avia-related-tooltip='Compartir en Twitter' rel=\"noopener\"><span class='avia_hidden_link_text'>Compartir en Twitter<\/span><\/a><\/li><li class='av-share-link av-social-link-whatsapp' ><a target=\"_blank\" aria-label=\"Compartir en Whatsapp\" href='https:\/\/api.whatsapp.com\/send?text=https:\/\/radiorevelacionfm.cl\/?p=63679' aria-hidden='false' data-av_icon='\uf232' data-av_iconfont='entypo-fontello' title='' data-avia-related-tooltip='Compartir en Whatsapp' rel=\"noopener\"><span class='avia_hidden_link_text'>Compartir en Whatsapp<\/span><\/a><\/li><li class='av-share-link av-social-link-linkedin' ><a target=\"_blank\" aria-label=\"Compartir en LinkedIn\" href='https:\/\/linkedin.com\/shareArticle?mini=true&#038;title=Subsecretario%20de%20SEGEGOB%2C%20Erwin%20D%C3%ADaz%2C%20encabeza%20gira%20por%20la%20regi%C3%B3n%20de%20Ays%C3%A9n%20en%20el%20marco%20de%20la%20campa%C3%B1a%201.000%20avances%20y%20la%20puesta%20en%20marcha%20del%20seguro%20social&#038;url=https:\/\/radiorevelacionfm.cl\/?p=63679' aria-hidden='false' data-av_icon='\ue8fc' data-av_iconfont='entypo-fontello' title='' data-avia-related-tooltip='Compartir en LinkedIn' rel=\"noopener\"><span class='avia_hidden_link_text'>Compartir en LinkedIn<\/span><\/a><\/li><li class='av-share-link av-social-link-mail' ><a  aria-label=\"Compartir por correo\" href='mailto:?subject=Subsecretario%20de%20SEGEGOB%2C%20Erwin%20D%C3%ADaz%2C%20encabeza%20gira%20por%20la%20regi%C3%B3n%20de%20Ays%C3%A9n%20en%20el%20marco%20de%20la%20campa%C3%B1a%201.000%20avances%20y%20la%20puesta%20en%20marcha%20del%20seguro%20social&#038;body=https:\/\/radiorevelacionfm.cl\/?p=63679' aria-hidden='false' data-av_icon='\ue805' data-av_iconfont='entypo-fontello' title='' data-avia-related-tooltip='Compartir por correo'><span class='avia_hidden_link_text'>Compartir por correo<\/span><\/a><\/li><\/ul><\/div><\/div>\n<div  style='height:50px' class='hr hr-invisible   avia-builder-el-8  el_after_av_social_share  el_before_av_comments_list '><span class='hr-inner ' ><span class='hr-inner-style'><\/span><\/span><\/div>\n<div  class='av-buildercomment  av-blog-meta-html-info-disabled av-blog-meta-tag-disabled  '><\/div>\n","protected":false},"excerpt":{"rendered":"","protected":false},"author":1,"featured_media":63680,"comment_status":"closed","ping_status":"closed","sticky":false,"template":"","format":"standard","meta":{"footnotes":""},"categories":[38],"tags":[],"class_list":["post-63679","post","type-post","status-publish","format-standard","has-post-thumbnail","hentry","category-regional"],"jetpack_featured_media_url":"https:\/\/radiorevelacionfm.cl\/wp-content\/uploads\/2026\/01\/centro-cuidados-1_optimized-1.jpg","_links":{"self":[{"href":"https:\/\/radiorevelacionfm.cl\/index.php?rest_route=\/wp\/v2\/posts\/63679","targetHints":{"allow":["GET"]}}],"collection":[{"href":"https:\/\/radiorevelacionfm.cl\/index.php?rest_route=\/wp\/v2\/posts"}],"about":[{"href":"https:\/\/radiorevelacionfm.cl\/index.php?rest_route=\/wp\/v2\/types\/post"}],"author":[{"embeddable":true,"href":"https:\/\/radiorevelacionfm.cl\/index.php?rest_route=\/wp\/v2\/users\/1"}],"replies":[{"embeddable":true,"href":"https:\/\/radiorevelacionfm.cl\/index.php?rest_route=%2Fwp%2Fv2%2Fcomments&post=63679"}],"version-history":[{"count":2,"href":"https:\/\/radiorevelacionfm.cl\/index.php?rest_route=\/wp\/v2\/posts\/63679\/revisions"}],"predecessor-version":[{"id":63682,"href":"https:\/\/radiorevelacionfm.cl\/index.php?rest_route=\/wp\/v2\/posts\/63679\/revisions\/63682"}],"wp:featuredmedia":[{"embeddable":true,"href":"https:\/\/radiorevelacionfm.cl\/index.php?rest_route=\/wp\/v2\/media\/63680"}],"wp:attachment":[{"href":"https:\/\/radiorevelacionfm.cl\/index.php?rest_route=%2Fwp%2Fv2%2Fmedia&parent=63679"}],"wp:term":[{"taxonomy":"category","embeddable":true,"href":"https:\/\/radiorevelacionfm.cl\/index.php?rest_route=%2Fwp%2Fv2%2Fcategories&post=63679"},{"taxonomy":"post_tag","embeddable":true,"href":"https:\/\/radiorevelacionfm.cl\/index.php?rest_route=%2Fwp%2Fv2%2Ftags&post=63679"}],"curies":[{"name":"wp","href":"https:\/\/api.w.org\/{rel}","templated":true}]}}