{"id":63675,"date":"2026-01-26T17:15:09","date_gmt":"2026-01-26T20:15:09","guid":{"rendered":"https:\/\/radiorevelacionfm.cl\/?p=63675"},"modified":"2026-01-26T17:15:09","modified_gmt":"2026-01-26T20:15:09","slug":"diputada-raphael-exige-revision-de-programas-de-infancia-tras-revelarse-que-57-mil-menores-registraron-trayectorias-de-riesgo-en-2025","status":"publish","type":"post","link":"https:\/\/radiorevelacionfm.cl\/?p=63675","title":{"rendered":"Diputada Raphael exige revisi\u00f3n de programas de infancia tras revelarse que 57 mil menores registraron trayectorias de riesgo en 2025"},"content":{"rendered":"<div class=\"flex_column av_one_full  flex_column_div av-zero-column-padding first  avia-builder-el-0  el_before_av_one_full  avia-builder-el-first  \" style='border-radius:0px; '><div  class='avia-image-container  av-styling-    avia-builder-el-1  avia-builder-el-no-sibling  avia-align-center '  itemprop=\"image\" itemscope=\"itemscope\" itemtype=\"https:\/\/schema.org\/ImageObject\"  ><div class='avia-image-container-inner'><div class='avia-image-overlay-wrap'><img decoding=\"async\" class='wp-image-63676 avia-img-lazy-loading-not-63676 avia_image' src=\"https:\/\/radiorevelacionfm.cl\/wp-content\/uploads\/2026\/01\/Raphael-Morales-RN-1-1.jpeg\" alt='' title='Raphael-Morales-RN (1) (1)' height=\"600\" width=\"899\"  itemprop=\"thumbnailUrl\" srcset=\"https:\/\/radiorevelacionfm.cl\/wp-content\/uploads\/2026\/01\/Raphael-Morales-RN-1-1.jpeg 899w, https:\/\/radiorevelacionfm.cl\/wp-content\/uploads\/2026\/01\/Raphael-Morales-RN-1-1-300x200.jpeg 300w, https:\/\/radiorevelacionfm.cl\/wp-content\/uploads\/2026\/01\/Raphael-Morales-RN-1-1-768x513.jpeg 768w, https:\/\/radiorevelacionfm.cl\/wp-content\/uploads\/2026\/01\/Raphael-Morales-RN-1-1-705x471.jpeg 705w, https:\/\/radiorevelacionfm.cl\/wp-content\/uploads\/2026\/01\/Raphael-Morales-RN-1-1-450x300.jpeg 450w, https:\/\/radiorevelacionfm.cl\/wp-content\/uploads\/2026\/01\/Raphael-Morales-RN-1-1-600x400.jpeg 600w\" sizes=\"(max-width: 899px) 100vw, 899px\" \/><\/div><\/div><\/div><\/div><div class=\"flex_column av_one_full  flex_column_div av-zero-column-padding first  avia-builder-el-2  el_after_av_one_full  el_before_av_one_full  column-top-margin\" style='border-radius:0px; '><section class=\"av_textblock_section \"  itemscope=\"itemscope\" itemtype=\"https:\/\/schema.org\/BlogPosting\" itemprop=\"blogPost\" ><div class='avia_textblock  '   itemprop=\"text\" ><p style=\"text-align: center;\"><span style=\"font-size: 18pt;\"><b>Diputada Raphael\u00a0<\/b><b>e<\/b><b>xige<\/b><b>\u00a0<\/b><b>revisi\u00f3n de<\/b><b>\u00a0<\/b><b>programas de infancia tras revelarse que 57 mil menores registraron trayectorias de riesgo en 2025<\/b><\/span><\/p>\n<div id=\"gtx-trans\" style=\"position: absolute; left: -50px; top: 4.31534px;\">\n<div class=\"gtx-trans-icon\"><\/div>\n<\/div>\n<\/div><\/section><\/div><div class=\"flex_column av_one_full  flex_column_div av-zero-column-padding first  avia-builder-el-4  el_after_av_one_full  el_before_av_hr  column-top-margin\" style='border-radius:0px; '><section class=\"av_textblock_section \"  itemscope=\"itemscope\" itemtype=\"https:\/\/schema.org\/BlogPosting\" itemprop=\"blogPost\" ><div class='avia_textblock  '   itemprop=\"text\" ><p style=\"font-weight: 400; text-align: justify;\"><em>Tras el primer reporte consolidado del Programa PSI 24 Horas de Carabineros, parlamentarias de Renovaci\u00f3n Nacional oficiaron a la Subsecretar\u00eda de Prevenci\u00f3n del Delito y al Ministerio de Educaci\u00f3n. Cifras revelan que el 70% de los casos corresponden a v\u00edctimas de vulneraciones, evidenciando una falla estructural del Estado.<\/em><\/p>\n<p style=\"font-weight: 400; text-align: justify;\">Una profunda preocupaci\u00f3n manifestaron las diputadas de Renovaci\u00f3n Nacional, Marcia Raphael y Carla Morales, tras conocerse los datos del primer reporte de an\u00e1lisis consolidado del Programa PSI 24 Horas de Carabineros de Chile, informe que revela que durante el a\u00f1o 2025 un total de 57.754 ni\u00f1os, ni\u00f1as y adolescentes (NNA) ingresaron al sistema con trayectorias de riesgo de seguridad p\u00fablica.<\/p>\n<p style=\"font-weight: 400; text-align: justify;\">El documento arroja datos alarmantes, como que el 70% de estos menores ingresaron como v\u00edctimas de vulneraciones de derechos, lo que demuestra que el origen del problema es social y familiar antes que penal. Sin embargo, el informe tambi\u00e9n alerta sobre la alta tasa de reingresos y la incapacidad del sistema para frenar las conductas infractoras en los casos de recurrencia media y alta.<\/p>\n<p style=\"font-weight: 400; text-align: justify;\">Al respecto, la diputada Marcia Raphael se\u00f1al\u00f3 que la sistematizaci\u00f3n de estos datos debe ser el primer paso para una reingenier\u00eda del sistema. \u00abTener este diagn\u00f3stico es un avance, pero lo que las cifras nos dicen en la cara es que el Estado est\u00e1 llegando tarde y mal. Si tenemos m\u00e1s de 57 mil menores en trayectorias de riesgo y un sistema que permite reingresos reiterados, significa que las intervenciones actuales no est\u00e1n interrumpiendo el ciclo de la violencia. No podemos seguir permitiendo que ni\u00f1os que entran como v\u00edctimas terminen convertidos en infractores por falta de una respuesta integral y sostenida del Gobierno\u00bb.<\/p>\n<p style=\"font-weight: 400; text-align: justify;\">Por su parte, la diputada Carla Morales hizo \u00e9nfasis en la necesidad de fiscalizar los recursos y la eficacia de los programas actuales, por lo que \u00abhemos oficiado a la Subsecretar\u00eda de Prevenci\u00f3n del Delito para que explique con qu\u00e9 criterios t\u00e9cnicos se est\u00e1n clasificando estos riesgos y qu\u00e9 resultados reales est\u00e1n obteniendo. No basta con registrar el ingreso de un menor al programa si a los pocos meses lo tenemos de vuelta en el sistema. Necesitamos indicadores claros de reincidencia y saber por qu\u00e9, a pesar de la evidencia, no se logra modificar la trayectoria de estos j\u00f3venes. Aqu\u00ed hay una deuda en la rendici\u00f3n de cuentas sobre qu\u00e9 intervenciones funcionan y cu\u00e1les son dinero perdido\u00bb.<\/p>\n<p style=\"font-weight: 400; text-align: justify;\"><strong>Acciones de Fiscalizaci\u00f3n<\/strong><\/p>\n<p style=\"font-weight: 400; text-align: justify;\">Ante la gravedad de los hallazgos, las parlamentarias presentaron oficios a la Subsecretar\u00eda de Prevenci\u00f3n del Delito para que informe los mecanismos de evaluaci\u00f3n de resultados en menores con recurrencia alta y los indicadores utilizados para medir la reducci\u00f3n de la reincidencia durante 2025; y al Ministerio de Educaci\u00f3n, dado que el informe vincula el aumento de ingresos con el periodo escolar, se solicita detallar la coordinaci\u00f3n entre los colegios y el Programa PSI 24 Horas, adem\u00e1s de las medidas preventivas que se activan en los establecimientos cuando se detectan perfiles de riesgo.<\/p>\n<\/div><\/section><\/div><div  style='height:50px' class='hr hr-invisible   avia-builder-el-6  el_after_av_one_full  el_before_av_social_share '><span class='hr-inner ' ><span class='hr-inner-style'><\/span><\/span><\/div><\/p>\n<div  class='av-social-sharing-box  avia-builder-el-7  el_after_av_hr  el_before_av_hr  '><div class='av-share-box'><h5 class='av-share-link-description av-no-toc '>Compartir esta noticia<\/h5><ul class='av-share-box-list noLightbox'><li class='av-share-link av-social-link-facebook' ><a target=\"_blank\" aria-label=\"Compartir en Facebook\" href='https:\/\/www.facebook.com\/sharer.php?u=https:\/\/radiorevelacionfm.cl\/?p=63675&#038;t=Diputada%20Raphael%20exige%20revisi%C3%B3n%20de%20programas%20de%20infancia%20tras%20revelarse%20que%2057%20mil%20menores%20registraron%20trayectorias%20de%20riesgo%20en%202025' aria-hidden='false' data-av_icon='\ue8f3' data-av_iconfont='entypo-fontello' title='' data-avia-related-tooltip='Compartir en Facebook' rel=\"noopener\"><span class='avia_hidden_link_text'>Compartir en Facebook<\/span><\/a><\/li><li class='av-share-link av-social-link-twitter' ><a target=\"_blank\" aria-label=\"Compartir en Twitter\" href='https:\/\/twitter.com\/share?text=Diputada%20Raphael%20exige%20revisi%C3%B3n%20de%20programas%20de%20infancia%20tras%20revelarse%20que%2057%20mil%20menores%20registraron%20trayectorias%20de%20riesgo%20en%202025&#038;url=https:\/\/radiorevelacionfm.cl\/?p=63675' aria-hidden='false' data-av_icon='\ue8f1' data-av_iconfont='entypo-fontello' title='' data-avia-related-tooltip='Compartir en Twitter' rel=\"noopener\"><span class='avia_hidden_link_text'>Compartir en Twitter<\/span><\/a><\/li><li class='av-share-link av-social-link-whatsapp' ><a target=\"_blank\" aria-label=\"Compartir en Whatsapp\" href='https:\/\/api.whatsapp.com\/send?text=https:\/\/radiorevelacionfm.cl\/?p=63675' aria-hidden='false' data-av_icon='\uf232' data-av_iconfont='entypo-fontello' title='' data-avia-related-tooltip='Compartir en Whatsapp' rel=\"noopener\"><span class='avia_hidden_link_text'>Compartir en Whatsapp<\/span><\/a><\/li><li class='av-share-link av-social-link-linkedin' ><a target=\"_blank\" aria-label=\"Compartir en LinkedIn\" href='https:\/\/linkedin.com\/shareArticle?mini=true&#038;title=Diputada%20Raphael%20exige%20revisi%C3%B3n%20de%20programas%20de%20infancia%20tras%20revelarse%20que%2057%20mil%20menores%20registraron%20trayectorias%20de%20riesgo%20en%202025&#038;url=https:\/\/radiorevelacionfm.cl\/?p=63675' aria-hidden='false' data-av_icon='\ue8fc' data-av_iconfont='entypo-fontello' title='' data-avia-related-tooltip='Compartir en LinkedIn' rel=\"noopener\"><span class='avia_hidden_link_text'>Compartir en LinkedIn<\/span><\/a><\/li><li class='av-share-link av-social-link-mail' ><a  aria-label=\"Compartir por correo\" href='mailto:?subject=Diputada%20Raphael%20exige%20revisi%C3%B3n%20de%20programas%20de%20infancia%20tras%20revelarse%20que%2057%20mil%20menores%20registraron%20trayectorias%20de%20riesgo%20en%202025&#038;body=https:\/\/radiorevelacionfm.cl\/?p=63675' aria-hidden='false' data-av_icon='\ue805' data-av_iconfont='entypo-fontello' title='' data-avia-related-tooltip='Compartir por correo'><span class='avia_hidden_link_text'>Compartir por correo<\/span><\/a><\/li><\/ul><\/div><\/div>\n<div  style='height:50px' class='hr hr-invisible   avia-builder-el-8  el_after_av_social_share  el_before_av_comments_list '><span class='hr-inner ' ><span class='hr-inner-style'><\/span><\/span><\/div>\n<div  class='av-buildercomment  av-blog-meta-html-info-disabled av-blog-meta-tag-disabled  '><\/div>\n","protected":false},"excerpt":{"rendered":"","protected":false},"author":1,"featured_media":63676,"comment_status":"closed","ping_status":"closed","sticky":false,"template":"","format":"standard","meta":{"footnotes":""},"categories":[35],"tags":[],"class_list":["post-63675","post","type-post","status-publish","format-standard","has-post-thumbnail","hentry","category-politica"],"jetpack_featured_media_url":"https:\/\/radiorevelacionfm.cl\/wp-content\/uploads\/2026\/01\/Raphael-Morales-RN-1-1.jpeg","_links":{"self":[{"href":"https:\/\/radiorevelacionfm.cl\/index.php?rest_route=\/wp\/v2\/posts\/63675","targetHints":{"allow":["GET"]}}],"collection":[{"href":"https:\/\/radiorevelacionfm.cl\/index.php?rest_route=\/wp\/v2\/posts"}],"about":[{"href":"https:\/\/radiorevelacionfm.cl\/index.php?rest_route=\/wp\/v2\/types\/post"}],"author":[{"embeddable":true,"href":"https:\/\/radiorevelacionfm.cl\/index.php?rest_route=\/wp\/v2\/users\/1"}],"replies":[{"embeddable":true,"href":"https:\/\/radiorevelacionfm.cl\/index.php?rest_route=%2Fwp%2Fv2%2Fcomments&post=63675"}],"version-history":[{"count":2,"href":"https:\/\/radiorevelacionfm.cl\/index.php?rest_route=\/wp\/v2\/posts\/63675\/revisions"}],"predecessor-version":[{"id":63678,"href":"https:\/\/radiorevelacionfm.cl\/index.php?rest_route=\/wp\/v2\/posts\/63675\/revisions\/63678"}],"wp:featuredmedia":[{"embeddable":true,"href":"https:\/\/radiorevelacionfm.cl\/index.php?rest_route=\/wp\/v2\/media\/63676"}],"wp:attachment":[{"href":"https:\/\/radiorevelacionfm.cl\/index.php?rest_route=%2Fwp%2Fv2%2Fmedia&parent=63675"}],"wp:term":[{"taxonomy":"category","embeddable":true,"href":"https:\/\/radiorevelacionfm.cl\/index.php?rest_route=%2Fwp%2Fv2%2Fcategories&post=63675"},{"taxonomy":"post_tag","embeddable":true,"href":"https:\/\/radiorevelacionfm.cl\/index.php?rest_route=%2Fwp%2Fv2%2Ftags&post=63675"}],"curies":[{"name":"wp","href":"https:\/\/api.w.org\/{rel}","templated":true}]}}