{"id":63671,"date":"2026-01-26T15:25:53","date_gmt":"2026-01-26T18:25:53","guid":{"rendered":"https:\/\/radiorevelacionfm.cl\/?p=63671"},"modified":"2026-01-26T15:25:53","modified_gmt":"2026-01-26T18:25:53","slug":"mas-de-2-mil-100-ayseninos-se-encuentran-actualmente-en-el-registro-nacional-de-deudores-de-pensiones-de-alimentos","status":"publish","type":"post","link":"https:\/\/radiorevelacionfm.cl\/?p=63671","title":{"rendered":"M\u00e1s de 2 mil 100 ayseninos se encuentran actualmente en el Registro Nacional de Deudores de Pensiones de Alimentos"},"content":{"rendered":"<div class=\"flex_column av_one_full  flex_column_div av-zero-column-padding first  avia-builder-el-0  el_before_av_one_full  avia-builder-el-first  \" style='border-radius:0px; '><div  class='avia-image-container  av-styling-    avia-builder-el-1  avia-builder-el-no-sibling  avia-align-center '  itemprop=\"image\" itemscope=\"itemscope\" itemtype=\"https:\/\/schema.org\/ImageObject\"  ><div class='avia-image-container-inner'><div class='avia-image-overlay-wrap'><img decoding=\"async\" class='wp-image-63672 avia-img-lazy-loading-not-63672 avia_image' src=\"https:\/\/radiorevelacionfm.cl\/wp-content\/uploads\/2026\/01\/pension-alimentos-1024x576-1-1.jpg\" alt='' title='pensi\u00f3n-alimentos-1024x576 (1) (1)' height=\"600\" width=\"1067\"  itemprop=\"thumbnailUrl\" srcset=\"https:\/\/radiorevelacionfm.cl\/wp-content\/uploads\/2026\/01\/pension-alimentos-1024x576-1-1.jpg 1067w, https:\/\/radiorevelacionfm.cl\/wp-content\/uploads\/2026\/01\/pension-alimentos-1024x576-1-1-300x169.jpg 300w, https:\/\/radiorevelacionfm.cl\/wp-content\/uploads\/2026\/01\/pension-alimentos-1024x576-1-1-1030x579.jpg 1030w, https:\/\/radiorevelacionfm.cl\/wp-content\/uploads\/2026\/01\/pension-alimentos-1024x576-1-1-768x432.jpg 768w, https:\/\/radiorevelacionfm.cl\/wp-content\/uploads\/2026\/01\/pension-alimentos-1024x576-1-1-705x396.jpg 705w, https:\/\/radiorevelacionfm.cl\/wp-content\/uploads\/2026\/01\/pension-alimentos-1024x576-1-1-450x253.jpg 450w, https:\/\/radiorevelacionfm.cl\/wp-content\/uploads\/2026\/01\/pension-alimentos-1024x576-1-1-600x337.jpg 600w\" sizes=\"(max-width: 1067px) 100vw, 1067px\" \/><\/div><\/div><\/div><\/div><div class=\"flex_column av_one_full  flex_column_div av-zero-column-padding first  avia-builder-el-2  el_after_av_one_full  el_before_av_one_full  column-top-margin\" style='border-radius:0px; '><section class=\"av_textblock_section \"  itemscope=\"itemscope\" itemtype=\"https:\/\/schema.org\/BlogPosting\" itemprop=\"blogPost\" ><div class='avia_textblock  '   itemprop=\"text\" ><p style=\"text-align: center;\"><strong><span style=\"font-size: 18pt;\">M\u00e1s de 2 mil 100 ayseninos se encuentran actualmente en el Registro Nacional de Deudores de Pensiones de Alimentos<\/span><\/strong><\/p>\n<div id=\"gtx-trans\" style=\"position: absolute; left: -50px; top: 4.31534px;\">\n<div class=\"gtx-trans-icon\"><\/div>\n<\/div>\n<\/div><\/section><\/div><div class=\"flex_column av_one_full  flex_column_div av-zero-column-padding first  avia-builder-el-4  el_after_av_one_full  el_before_av_hr  column-top-margin\" style='border-radius:0px; '><section class=\"av_textblock_section \"  itemscope=\"itemscope\" itemtype=\"https:\/\/schema.org\/BlogPosting\" itemprop=\"blogPost\" ><div class='avia_textblock  '   itemprop=\"text\" ><p style=\"text-align: justify;\"><em>Quienes mantienen deudas por m\u00e1s de 70 millones de pesos a sus hijos\/as.<\/em><\/p>\n<p style=\"text-align: justify;\">A m\u00e1s de dos a\u00f1os de la entrada en vigencia de la ley que crea el Registro Nacional de Deudores de Pensiones de Alimentos en la regi\u00f3n de Ays\u00e9n, actualmente son 2 mil 171 personas las que se encuentran en este registro, siendo de ellas 2 mil 043 hombres y 128 mujeres, seg\u00fan las cifras entregadas recientemente por el Registro Civil.<\/p>\n<p style=\"text-align: justify;\">El Seremi de Justicia y Derechos Humanos, Samuel Navarro Castro explic\u00f3 que \u201cla regi\u00f3n de Ays\u00e9n registra a la fecha un total de 2 mil 171 deudores en el registro de deudores de alimentos lleva a su cargo el registro civil e identificaci\u00f3n, ello refleja una deuda de alimentos a la fecha de 70 millones 929 mil 411pesos, por estas cifras vamos reflejando la efectividad de la ley de pago efectivo de pensiones o m\u00e1s conocida como \u201cLey Papito Coraz\u00f3n\u201d, en el sentido de reflejar aquellas deudas de alimentos de los deudores, los alimentarios, padres o madres que deben alimentos a sus hijos, hijas o adolescentes, cabe destacar que este hito de concreci\u00f3n de llevar este registro, permite que los deudores puedan de alguna forma ir poni\u00e9ndose al d\u00eda, cancelar la inscripci\u00f3n que los tiene en este registro para evitar las consecuencias de encontrarse registrados, ya que no solamente hay una deuda judicial, sino que tambi\u00e9n hay consecuencias administrativas por el hecho de no pagar la pensi\u00f3n de alimentos que est\u00e1 fijada en la ley o fijada en una sentencia judicial con mayor precisi\u00f3n y de esta forma se da respuesta principalmente a las mujeres, que son aquellas que tienen que percibir esta pensi\u00f3n quienes est\u00e1n al cuidado de sus hijas, hijos en un porcentaje muy mayoritario mas del 90% de a quienes se les debe pensi\u00f3n son mujeres y eso tambi\u00e9n lo reflejan las cifras en Ays\u00e9n\u201d.<\/p>\n<p style=\"text-align: justify;\">Se\u00f1alar que ingresan al registro quienes adeuden 3 meses continuos sin pagar pensi\u00f3n o 5 meses discontinuos, en tanto mantenerse en este registro no solo es un dato estad\u00edstico, sino que imposibilita la realizaci\u00f3n de diversos tr\u00e1mites entre ellos la renovaci\u00f3n de licencias de conducir, obtenci\u00f3n de pasaporte, y si est\u00e1 tramitando un cr\u00e9dito en alguna entidad financiera sobre las 50 UF, la deuda de alimentos va a ser descontada de este pr\u00e9stamo, y as\u00ed una serie de otras restricciones.<\/p>\n<p style=\"text-align: justify;\">Finalmente, cabe mencionar que a nivel nacional el registro alcanza a las 767 mil 962 personas, mientras que la deuda que mantienen supera los 3 mil 223 millones de pesos.<\/p>\n<\/div><\/section><\/div><div  style='height:50px' class='hr hr-invisible   avia-builder-el-6  el_after_av_one_full  el_before_av_social_share '><span class='hr-inner ' ><span class='hr-inner-style'><\/span><\/span><\/div><\/p>\n<div  class='av-social-sharing-box  avia-builder-el-7  el_after_av_hr  el_before_av_hr  '><div class='av-share-box'><h5 class='av-share-link-description av-no-toc '>Compartir esta noticia<\/h5><ul class='av-share-box-list noLightbox'><li class='av-share-link av-social-link-facebook' ><a target=\"_blank\" aria-label=\"Compartir en Facebook\" href='https:\/\/www.facebook.com\/sharer.php?u=https:\/\/radiorevelacionfm.cl\/?p=63671&#038;t=M%C3%A1s%20de%202%20mil%20100%20ayseninos%20se%20encuentran%20actualmente%20en%20el%20Registro%20Nacional%20de%20Deudores%20de%20Pensiones%20de%20Alimentos' aria-hidden='false' data-av_icon='\ue8f3' data-av_iconfont='entypo-fontello' title='' data-avia-related-tooltip='Compartir en Facebook' rel=\"noopener\"><span class='avia_hidden_link_text'>Compartir en Facebook<\/span><\/a><\/li><li class='av-share-link av-social-link-twitter' ><a target=\"_blank\" aria-label=\"Compartir en Twitter\" href='https:\/\/twitter.com\/share?text=M%C3%A1s%20de%202%20mil%20100%20ayseninos%20se%20encuentran%20actualmente%20en%20el%20Registro%20Nacional%20de%20Deudores%20de%20Pensiones%20de%20Alimentos&#038;url=https:\/\/radiorevelacionfm.cl\/?p=63671' aria-hidden='false' data-av_icon='\ue8f1' data-av_iconfont='entypo-fontello' title='' data-avia-related-tooltip='Compartir en Twitter' rel=\"noopener\"><span class='avia_hidden_link_text'>Compartir en Twitter<\/span><\/a><\/li><li class='av-share-link av-social-link-whatsapp' ><a target=\"_blank\" aria-label=\"Compartir en Whatsapp\" href='https:\/\/api.whatsapp.com\/send?text=https:\/\/radiorevelacionfm.cl\/?p=63671' aria-hidden='false' data-av_icon='\uf232' data-av_iconfont='entypo-fontello' title='' data-avia-related-tooltip='Compartir en Whatsapp' rel=\"noopener\"><span class='avia_hidden_link_text'>Compartir en Whatsapp<\/span><\/a><\/li><li class='av-share-link av-social-link-linkedin' ><a target=\"_blank\" aria-label=\"Compartir en LinkedIn\" href='https:\/\/linkedin.com\/shareArticle?mini=true&#038;title=M%C3%A1s%20de%202%20mil%20100%20ayseninos%20se%20encuentran%20actualmente%20en%20el%20Registro%20Nacional%20de%20Deudores%20de%20Pensiones%20de%20Alimentos&#038;url=https:\/\/radiorevelacionfm.cl\/?p=63671' aria-hidden='false' data-av_icon='\ue8fc' data-av_iconfont='entypo-fontello' title='' data-avia-related-tooltip='Compartir en LinkedIn' rel=\"noopener\"><span class='avia_hidden_link_text'>Compartir en LinkedIn<\/span><\/a><\/li><li class='av-share-link av-social-link-mail' ><a  aria-label=\"Compartir por correo\" href='mailto:?subject=M%C3%A1s%20de%202%20mil%20100%20ayseninos%20se%20encuentran%20actualmente%20en%20el%20Registro%20Nacional%20de%20Deudores%20de%20Pensiones%20de%20Alimentos&#038;body=https:\/\/radiorevelacionfm.cl\/?p=63671' aria-hidden='false' data-av_icon='\ue805' data-av_iconfont='entypo-fontello' title='' data-avia-related-tooltip='Compartir por correo'><span class='avia_hidden_link_text'>Compartir por correo<\/span><\/a><\/li><\/ul><\/div><\/div>\n<div  style='height:50px' class='hr hr-invisible   avia-builder-el-8  el_after_av_social_share  el_before_av_comments_list '><span class='hr-inner ' ><span class='hr-inner-style'><\/span><\/span><\/div>\n<div  class='av-buildercomment  av-blog-meta-html-info-disabled av-blog-meta-tag-disabled  '><\/div>\n","protected":false},"excerpt":{"rendered":"","protected":false},"author":1,"featured_media":63672,"comment_status":"closed","ping_status":"closed","sticky":false,"template":"","format":"standard","meta":{"footnotes":""},"categories":[55],"tags":[],"class_list":["post-63671","post","type-post","status-publish","format-standard","has-post-thumbnail","hentry","category-justicia"],"jetpack_featured_media_url":"https:\/\/radiorevelacionfm.cl\/wp-content\/uploads\/2026\/01\/pension-alimentos-1024x576-1-1.jpg","_links":{"self":[{"href":"https:\/\/radiorevelacionfm.cl\/index.php?rest_route=\/wp\/v2\/posts\/63671","targetHints":{"allow":["GET"]}}],"collection":[{"href":"https:\/\/radiorevelacionfm.cl\/index.php?rest_route=\/wp\/v2\/posts"}],"about":[{"href":"https:\/\/radiorevelacionfm.cl\/index.php?rest_route=\/wp\/v2\/types\/post"}],"author":[{"embeddable":true,"href":"https:\/\/radiorevelacionfm.cl\/index.php?rest_route=\/wp\/v2\/users\/1"}],"replies":[{"embeddable":true,"href":"https:\/\/radiorevelacionfm.cl\/index.php?rest_route=%2Fwp%2Fv2%2Fcomments&post=63671"}],"version-history":[{"count":2,"href":"https:\/\/radiorevelacionfm.cl\/index.php?rest_route=\/wp\/v2\/posts\/63671\/revisions"}],"predecessor-version":[{"id":63728,"href":"https:\/\/radiorevelacionfm.cl\/index.php?rest_route=\/wp\/v2\/posts\/63671\/revisions\/63728"}],"wp:featuredmedia":[{"embeddable":true,"href":"https:\/\/radiorevelacionfm.cl\/index.php?rest_route=\/wp\/v2\/media\/63672"}],"wp:attachment":[{"href":"https:\/\/radiorevelacionfm.cl\/index.php?rest_route=%2Fwp%2Fv2%2Fmedia&parent=63671"}],"wp:term":[{"taxonomy":"category","embeddable":true,"href":"https:\/\/radiorevelacionfm.cl\/index.php?rest_route=%2Fwp%2Fv2%2Fcategories&post=63671"},{"taxonomy":"post_tag","embeddable":true,"href":"https:\/\/radiorevelacionfm.cl\/index.php?rest_route=%2Fwp%2Fv2%2Ftags&post=63671"}],"curies":[{"name":"wp","href":"https:\/\/api.w.org\/{rel}","templated":true}]}}