{"id":63667,"date":"2026-01-26T15:11:34","date_gmt":"2026-01-26T18:11:34","guid":{"rendered":"https:\/\/radiorevelacionfm.cl\/?p=63667"},"modified":"2026-01-26T15:11:34","modified_gmt":"2026-01-26T18:11:34","slug":"calisto-se-reune-con-comites-de-la-chacra-g-y-pide-agilizar-la-construccion-de-la-macro-infraestructura","status":"publish","type":"post","link":"https:\/\/radiorevelacionfm.cl\/?p=63667","title":{"rendered":"Calisto se re\u00fane con comit\u00e9s de la Chacra G y pide agilizar la construcci\u00f3n de la macro infraestructura"},"content":{"rendered":"<div class=\"flex_column av_one_full  flex_column_div av-zero-column-padding first  avia-builder-el-0  el_before_av_one_full  avia-builder-el-first  \" style='border-radius:0px; '><div  class='avia-image-container  av-styling-    avia-builder-el-1  avia-builder-el-no-sibling  avia-align-center '  itemprop=\"image\" itemscope=\"itemscope\" itemtype=\"https:\/\/schema.org\/ImageObject\"  ><div class='avia-image-container-inner'><div class='avia-image-overlay-wrap'><img decoding=\"async\" class='wp-image-63668 avia-img-lazy-loading-not-63668 avia_image' src=\"https:\/\/radiorevelacionfm.cl\/wp-content\/uploads\/2026\/01\/foto-reu-chacra-g-1_optimized.jpg\" alt='' title='foto-reu-chacra-g-(1)_optimized' height=\"600\" width=\"959\"  itemprop=\"thumbnailUrl\" srcset=\"https:\/\/radiorevelacionfm.cl\/wp-content\/uploads\/2026\/01\/foto-reu-chacra-g-1_optimized.jpg 959w, https:\/\/radiorevelacionfm.cl\/wp-content\/uploads\/2026\/01\/foto-reu-chacra-g-1_optimized-300x188.jpg 300w, https:\/\/radiorevelacionfm.cl\/wp-content\/uploads\/2026\/01\/foto-reu-chacra-g-1_optimized-768x481.jpg 768w, https:\/\/radiorevelacionfm.cl\/wp-content\/uploads\/2026\/01\/foto-reu-chacra-g-1_optimized-705x441.jpg 705w, https:\/\/radiorevelacionfm.cl\/wp-content\/uploads\/2026\/01\/foto-reu-chacra-g-1_optimized-450x282.jpg 450w, https:\/\/radiorevelacionfm.cl\/wp-content\/uploads\/2026\/01\/foto-reu-chacra-g-1_optimized-600x375.jpg 600w\" sizes=\"(max-width: 959px) 100vw, 959px\" \/><\/div><\/div><\/div><\/div><div class=\"flex_column av_one_full  flex_column_div av-zero-column-padding first  avia-builder-el-2  el_after_av_one_full  el_before_av_one_full  column-top-margin\" style='border-radius:0px; '><section class=\"av_textblock_section \"  itemscope=\"itemscope\" itemtype=\"https:\/\/schema.org\/BlogPosting\" itemprop=\"blogPost\" ><div class='avia_textblock  '   itemprop=\"text\" ><p style=\"text-align: center;\"><span style=\"font-size: 18pt;\"><b><span lang=\"ES-CL\">Calisto se re\u00fane con comit\u00e9s de la Chacra G y pide agilizar la construcci\u00f3n de la macro infraestructura<\/span><\/b><\/span><\/p>\n<div id=\"gtx-trans\" style=\"position: absolute; left: -50px; top: 4.31534px;\">\n<div class=\"gtx-trans-icon\"><\/div>\n<\/div>\n<\/div><\/section><\/div><div class=\"flex_column av_one_full  flex_column_div av-zero-column-padding first  avia-builder-el-4  el_after_av_one_full  el_before_av_hr  column-top-margin\" style='border-radius:0px; '><section class=\"av_textblock_section \"  itemscope=\"itemscope\" itemtype=\"https:\/\/schema.org\/BlogPosting\" itemprop=\"blogPost\" ><div class='avia_textblock  '   itemprop=\"text\" ><p style=\"font-weight: 400; text-align: justify;\">El diputado y senador electo, Miguel \u00c1ngel Calisto, sostuvo un encuentro estrat\u00e9gico con las directivas de los comit\u00e9s de vivienda \u00ab28 de Marzo\u00bb y \u00abHermanos de la Patagonia\u00bb, con el fin de destrabar los nudos cr\u00edticos que afectan el avance de sus futuras soluciones habitacionales en el sector de Chacra G.<\/p>\n<p style=\"font-weight: 400; text-align: justify;\">Durante la reuni\u00f3n, el parlamentario expres\u00f3 su preocupaci\u00f3n por la lentitud en los procesos administrativos, se\u00f1alando que, aunque existen avances visuales en el terreno, la construcci\u00f3n de nuevas viviendas est\u00e1 condicionada a la macro infraestructura del sector.<\/p>\n<p style=\"font-weight: 400; text-align: justify;\">\u00abHay un proyecto clave que hoy est\u00e1 paralizado en el Ministerio de Desarrollo Social por un proceso de revaluaci\u00f3n. Esto detiene el avance total de la infraestructura necesaria y, por consecuencia, la edificaci\u00f3n de las casas. Es fundamental que se agilicen estos procesos; no podemos olvidar a las familias que partieron inicialmente con este sue\u00f1o y que a\u00fan siguen esperando\u00bb, enfatiz\u00f3 Calisto.<\/p>\n<p style=\"font-weight: 400; text-align: justify;\">El legislador, quien asumir\u00e1 como senador en marzo, se comprometi\u00f3 a elevar estas exigencias a las autoridades correspondientes para evitar que el crecimiento de la demanda habitacional opaque el compromiso adquirido con los grupos originales del proyecto Chacra G, gestionado por la entidad AES Consultores.<\/p>\n<p style=\"font-weight: 400; text-align: justify;\">Patricia Nahuelhuaique, presidenta del comit\u00e9 28 de Marzo, valor\u00f3 la gesti\u00f3n del parlamentario. \u00abNos reunimos para generar soluciones y evitar m\u00e1s retrasos. La acogida del diputado Calisto ha sido excelente; \u00e9l presentar\u00e1 propuestas concretas desde marzo para acelerar la edificaci\u00f3n de los departamentos proyectados en Campo de Hielo con Simpson\u00bb.<\/p>\n<p style=\"font-weight: 400; text-align: justify;\">Por su parte, Fabi\u00e1n Meneses, socio del mismo comit\u00e9, destac\u00f3 la esperanza que entrega el respaldo legislativo. \u00abNos da tranquilidad saber que no estamos solos y que el se\u00f1or Calisto nos apoya. Las familias crecen y las condiciones socioecon\u00f3micas cambian, por lo que necesitamos que el proyecto avance r\u00e1pido. Estamos encaminados y confiamos en que las gestiones con las nuevas autoridades den frutos prontamente\u00bb.<\/p>\n<p style=\"font-weight: 400; text-align: justify;\">Calisto adelant\u00f3 que, si bien se iniciar\u00e1n postulaciones para nuevos departamentos en la zona, su prioridad ser\u00e1 garantizar que los comit\u00e9s fundadores de la Chacra G reciban sus viviendas sin m\u00e1s dilaciones, fiscalizando de cerca el rol de la entidad patrocinante y el Ejecutivo en la liberaci\u00f3n de los recursos para infraestructura.<\/p>\n<\/div><\/section><\/div><div  style='height:50px' class='hr hr-invisible   avia-builder-el-6  el_after_av_one_full  el_before_av_social_share '><span class='hr-inner ' ><span class='hr-inner-style'><\/span><\/span><\/div><\/p>\n<div  class='av-social-sharing-box  avia-builder-el-7  el_after_av_hr  el_before_av_hr  '><div class='av-share-box'><h5 class='av-share-link-description av-no-toc '>Compartir esta noticia<\/h5><ul class='av-share-box-list noLightbox'><li class='av-share-link av-social-link-facebook' ><a target=\"_blank\" aria-label=\"Compartir en Facebook\" href='https:\/\/www.facebook.com\/sharer.php?u=https:\/\/radiorevelacionfm.cl\/?p=63667&#038;t=Calisto%20se%20re%C3%BAne%20con%20comit%C3%A9s%20de%20la%20Chacra%20G%20y%20pide%20agilizar%20la%20construcci%C3%B3n%20de%20la%20macro%20infraestructura' aria-hidden='false' data-av_icon='\ue8f3' data-av_iconfont='entypo-fontello' title='' data-avia-related-tooltip='Compartir en Facebook' rel=\"noopener\"><span class='avia_hidden_link_text'>Compartir en Facebook<\/span><\/a><\/li><li class='av-share-link av-social-link-twitter' ><a target=\"_blank\" aria-label=\"Compartir en Twitter\" href='https:\/\/twitter.com\/share?text=Calisto%20se%20re%C3%BAne%20con%20comit%C3%A9s%20de%20la%20Chacra%20G%20y%20pide%20agilizar%20la%20construcci%C3%B3n%20de%20la%20macro%20infraestructura&#038;url=https:\/\/radiorevelacionfm.cl\/?p=63667' aria-hidden='false' data-av_icon='\ue8f1' data-av_iconfont='entypo-fontello' title='' data-avia-related-tooltip='Compartir en Twitter' rel=\"noopener\"><span class='avia_hidden_link_text'>Compartir en Twitter<\/span><\/a><\/li><li class='av-share-link av-social-link-whatsapp' ><a target=\"_blank\" aria-label=\"Compartir en Whatsapp\" href='https:\/\/api.whatsapp.com\/send?text=https:\/\/radiorevelacionfm.cl\/?p=63667' aria-hidden='false' data-av_icon='\uf232' data-av_iconfont='entypo-fontello' title='' data-avia-related-tooltip='Compartir en Whatsapp' rel=\"noopener\"><span class='avia_hidden_link_text'>Compartir en Whatsapp<\/span><\/a><\/li><li class='av-share-link av-social-link-linkedin' ><a target=\"_blank\" aria-label=\"Compartir en LinkedIn\" href='https:\/\/linkedin.com\/shareArticle?mini=true&#038;title=Calisto%20se%20re%C3%BAne%20con%20comit%C3%A9s%20de%20la%20Chacra%20G%20y%20pide%20agilizar%20la%20construcci%C3%B3n%20de%20la%20macro%20infraestructura&#038;url=https:\/\/radiorevelacionfm.cl\/?p=63667' aria-hidden='false' data-av_icon='\ue8fc' data-av_iconfont='entypo-fontello' title='' data-avia-related-tooltip='Compartir en LinkedIn' rel=\"noopener\"><span class='avia_hidden_link_text'>Compartir en LinkedIn<\/span><\/a><\/li><li class='av-share-link av-social-link-mail' ><a  aria-label=\"Compartir por correo\" href='mailto:?subject=Calisto%20se%20re%C3%BAne%20con%20comit%C3%A9s%20de%20la%20Chacra%20G%20y%20pide%20agilizar%20la%20construcci%C3%B3n%20de%20la%20macro%20infraestructura&#038;body=https:\/\/radiorevelacionfm.cl\/?p=63667' aria-hidden='false' data-av_icon='\ue805' data-av_iconfont='entypo-fontello' title='' data-avia-related-tooltip='Compartir por correo'><span class='avia_hidden_link_text'>Compartir por correo<\/span><\/a><\/li><\/ul><\/div><\/div>\n<div  style='height:50px' class='hr hr-invisible   avia-builder-el-8  el_after_av_social_share  el_before_av_comments_list '><span class='hr-inner ' ><span class='hr-inner-style'><\/span><\/span><\/div>\n<div  class='av-buildercomment  av-blog-meta-html-info-disabled av-blog-meta-tag-disabled  '><\/div>\n","protected":false},"excerpt":{"rendered":"","protected":false},"author":1,"featured_media":63668,"comment_status":"closed","ping_status":"closed","sticky":false,"template":"","format":"standard","meta":{"footnotes":""},"categories":[35],"tags":[],"class_list":["post-63667","post","type-post","status-publish","format-standard","has-post-thumbnail","hentry","category-politica"],"jetpack_featured_media_url":"https:\/\/radiorevelacionfm.cl\/wp-content\/uploads\/2026\/01\/foto-reu-chacra-g-1_optimized.jpg","_links":{"self":[{"href":"https:\/\/radiorevelacionfm.cl\/index.php?rest_route=\/wp\/v2\/posts\/63667","targetHints":{"allow":["GET"]}}],"collection":[{"href":"https:\/\/radiorevelacionfm.cl\/index.php?rest_route=\/wp\/v2\/posts"}],"about":[{"href":"https:\/\/radiorevelacionfm.cl\/index.php?rest_route=\/wp\/v2\/types\/post"}],"author":[{"embeddable":true,"href":"https:\/\/radiorevelacionfm.cl\/index.php?rest_route=\/wp\/v2\/users\/1"}],"replies":[{"embeddable":true,"href":"https:\/\/radiorevelacionfm.cl\/index.php?rest_route=%2Fwp%2Fv2%2Fcomments&post=63667"}],"version-history":[{"count":2,"href":"https:\/\/radiorevelacionfm.cl\/index.php?rest_route=\/wp\/v2\/posts\/63667\/revisions"}],"predecessor-version":[{"id":63670,"href":"https:\/\/radiorevelacionfm.cl\/index.php?rest_route=\/wp\/v2\/posts\/63667\/revisions\/63670"}],"wp:featuredmedia":[{"embeddable":true,"href":"https:\/\/radiorevelacionfm.cl\/index.php?rest_route=\/wp\/v2\/media\/63668"}],"wp:attachment":[{"href":"https:\/\/radiorevelacionfm.cl\/index.php?rest_route=%2Fwp%2Fv2%2Fmedia&parent=63667"}],"wp:term":[{"taxonomy":"category","embeddable":true,"href":"https:\/\/radiorevelacionfm.cl\/index.php?rest_route=%2Fwp%2Fv2%2Fcategories&post=63667"},{"taxonomy":"post_tag","embeddable":true,"href":"https:\/\/radiorevelacionfm.cl\/index.php?rest_route=%2Fwp%2Fv2%2Ftags&post=63667"}],"curies":[{"name":"wp","href":"https:\/\/api.w.org\/{rel}","templated":true}]}}