{"id":63663,"date":"2026-01-26T14:53:36","date_gmt":"2026-01-26T17:53:36","guid":{"rendered":"https:\/\/radiorevelacionfm.cl\/?p=63663"},"modified":"2026-01-26T14:53:36","modified_gmt":"2026-01-26T17:53:36","slug":"mas-de-250-personas-asistieron-a-las-actividades-abiertas-y-gratuitas-de-la-escuela-de-verano-uaysen-2026","status":"publish","type":"post","link":"https:\/\/radiorevelacionfm.cl\/?p=63663","title":{"rendered":"M\u00e1s de 250 personas asistieron a las actividades abiertas y gratuitas de la Escuela de Verano UAys\u00e9n 2026"},"content":{"rendered":"<div class=\"flex_column av_one_full  flex_column_div av-zero-column-padding first  avia-builder-el-0  el_before_av_one_full  avia-builder-el-first  \" style='border-radius:0px; '><div  class='avia-image-container  av-styling-    avia-builder-el-1  avia-builder-el-no-sibling  avia-align-center '  itemprop=\"image\" itemscope=\"itemscope\" itemtype=\"https:\/\/schema.org\/ImageObject\"  ><div class='avia-image-container-inner'><div class='avia-image-overlay-wrap'><img decoding=\"async\" class='wp-image-63664 avia-img-lazy-loading-not-63664 avia_image' src=\"https:\/\/radiorevelacionfm.cl\/wp-content\/uploads\/2026\/01\/whatsapp-image-2026-01-22-at-16_optimized.11.30-1-1-1.jpg\" alt='' title='whatsapp-image-2026-01-22-at-16_optimized.11.30-(1)-(1) (1)' height=\"600\" width=\"1042\"  itemprop=\"thumbnailUrl\" srcset=\"https:\/\/radiorevelacionfm.cl\/wp-content\/uploads\/2026\/01\/whatsapp-image-2026-01-22-at-16_optimized.11.30-1-1-1.jpg 1042w, https:\/\/radiorevelacionfm.cl\/wp-content\/uploads\/2026\/01\/whatsapp-image-2026-01-22-at-16_optimized.11.30-1-1-1-300x173.jpg 300w, https:\/\/radiorevelacionfm.cl\/wp-content\/uploads\/2026\/01\/whatsapp-image-2026-01-22-at-16_optimized.11.30-1-1-1-1030x593.jpg 1030w, https:\/\/radiorevelacionfm.cl\/wp-content\/uploads\/2026\/01\/whatsapp-image-2026-01-22-at-16_optimized.11.30-1-1-1-768x442.jpg 768w, https:\/\/radiorevelacionfm.cl\/wp-content\/uploads\/2026\/01\/whatsapp-image-2026-01-22-at-16_optimized.11.30-1-1-1-705x406.jpg 705w, https:\/\/radiorevelacionfm.cl\/wp-content\/uploads\/2026\/01\/whatsapp-image-2026-01-22-at-16_optimized.11.30-1-1-1-450x259.jpg 450w, https:\/\/radiorevelacionfm.cl\/wp-content\/uploads\/2026\/01\/whatsapp-image-2026-01-22-at-16_optimized.11.30-1-1-1-600x345.jpg 600w\" sizes=\"(max-width: 1042px) 100vw, 1042px\" \/><\/div><\/div><\/div><\/div><div class=\"flex_column av_one_full  flex_column_div av-zero-column-padding first  avia-builder-el-2  el_after_av_one_full  el_before_av_one_full  column-top-margin\" style='border-radius:0px; '><section class=\"av_textblock_section \"  itemscope=\"itemscope\" itemtype=\"https:\/\/schema.org\/BlogPosting\" itemprop=\"blogPost\" ><div class='avia_textblock  '   itemprop=\"text\" ><p style=\"text-align: center;\"><strong><span style=\"font-size: 18pt;\">M\u00e1s de 250 personas asistieron a las actividades abiertas y gratuitas de la Escuela de Verano UAys\u00e9n 2026 <\/span><\/strong><\/p>\n<div id=\"gtx-trans\" style=\"position: absolute; left: -50px; top: 4.31534px;\">\n<div class=\"gtx-trans-icon\"><\/div>\n<\/div>\n<\/div><\/section><\/div><div class=\"flex_column av_one_full  flex_column_div av-zero-column-padding first  avia-builder-el-4  el_after_av_one_full  el_before_av_hr  column-top-margin\" style='border-radius:0px; '><section class=\"av_textblock_section \"  itemscope=\"itemscope\" itemtype=\"https:\/\/schema.org\/BlogPosting\" itemprop=\"blogPost\" ><div class='avia_textblock  '   itemprop=\"text\" ><p style=\"text-align: justify;\"><em>La iniciativa se desarroll\u00f3 entre el 20 y el 22 de enero e incluy\u00f3 talleres, charlas y actividades pr\u00e1cticas orientadas al aprendizaje, el bienestar y el encuentro comunitario.<\/em><\/p>\n<p style=\"text-align: justify;\">Entre el 20 y el 22 de enero de 2026, la Universidad de Ays\u00e9n desarroll\u00f3 una nueva versi\u00f3n de la Escuela de Verano UAys\u00e9n, iniciativa que ofreci\u00f3 una variada programaci\u00f3n de talleres, charlas y actividades pr\u00e1cticas abiertas y gratuitas para la comunidad, orientadas a promover el aprendizaje, el bienestar y el encuentro comunitario, en distintos espacios universitarios y territoriales de la regi\u00f3n.<\/p>\n<p style=\"text-align: justify;\">La programaci\u00f3n contempl\u00f3 una diversa oferta de actividades formativas y experienciales, orientadas a fortalecer habilidades personales, acad\u00e9micas y comunitarias, junto con promover el autocuidado, el trabajo colaborativo y el di\u00e1logo entre saberes. Entre las actividades se incluyeron talleres de comunicaci\u00f3n efectiva, ofim\u00e1tica, primeros auxilios y RCP pedi\u00e1trico, fotograf\u00eda digital, modelo de negocios, juegos colaborativos, as\u00ed como la visita guiada \u201cLos Bosques Dorados: una mirada desde nuestros\/as adultos\/as mayores\u201d, entre otras iniciativas.<\/p>\n<p style=\"text-align: justify;\">El rector de la UAys\u00e9n, V\u00edctor Cubillos Godoy, destac\u00f3 la realizaci\u00f3n de esta iniciativa, subrayando que \u201cesto es una actividad que la Universidad de Ays\u00e9n hace por tercer a\u00f1o consecutivo y forma parte de lo que llamamos hoy d\u00eda vinculaci\u00f3n con el medio, con el entorno, que es muy relevante. Uno de los grandes roles que tiene que tener la universidad justamente es la vinculaci\u00f3n con la gente con la posibilidad de tener actualizados nuestros profesionales.\u201d<\/p>\n<p style=\"text-align: justify;\">Por su parte, el director de Vinculaci\u00f3n con el Medio de la Universidad de Ays\u00e9n, Marcelo Sanhueza Ulloa, destac\u00f3 el alcance y la diversidad de la programaci\u00f3n desarrollada durante la Escuela de Verano, se\u00f1alando que \u201cdurante tres d\u00edas, desarrollamos 13 actividades que re\u00fanen a m\u00e1s de 300 personas de nuestra comunidad regional. As\u00ed que hemos podido conectar a trav\u00e9s de las ciencias naturales, la tecnolog\u00eda, las ciencias sociales y tambi\u00e9n las ciencias de la salud. Una serie de actividades que van desde talleres, salidas a terreno y documentales, entre otros, que nos han permitido conectarnos y vincularnos directamente con nuestra regi\u00f3n.\u201d<\/p>\n<p style=\"text-align: justify;\">La Escuela de Verano UAys\u00e9n 2026 consider\u00f3 una programaci\u00f3n distribuida en distintos espacios universitarios y territoriales de la regi\u00f3n, con actividades orientadas a p\u00fablicos diversos y desarrolladas con la participaci\u00f3n de acad\u00e9micos, funcionarios y actores locales. Esta iniciativa se enmarc\u00f3 en las acciones de vinculaci\u00f3n con el medio de la Universidad de Ays\u00e9n, orientadas a generar instancias abiertas de aprendizaje, intercambio y participaci\u00f3n durante el per\u00edodo estival.<\/p>\n<\/div><\/section><\/div><div  style='height:50px' class='hr hr-invisible   avia-builder-el-6  el_after_av_one_full  el_before_av_social_share '><span class='hr-inner ' ><span class='hr-inner-style'><\/span><\/span><\/div><\/p>\n<div  class='av-social-sharing-box  avia-builder-el-7  el_after_av_hr  el_before_av_hr  '><div class='av-share-box'><h5 class='av-share-link-description av-no-toc '>Compartir esta noticia<\/h5><ul class='av-share-box-list noLightbox'><li class='av-share-link av-social-link-facebook' ><a target=\"_blank\" aria-label=\"Compartir en Facebook\" href='https:\/\/www.facebook.com\/sharer.php?u=https:\/\/radiorevelacionfm.cl\/?p=63663&#038;t=M%C3%A1s%20de%20250%20personas%20asistieron%20a%20las%20actividades%20abiertas%20y%20gratuitas%20de%20la%20Escuela%20de%20Verano%20UAys%C3%A9n%202026' aria-hidden='false' data-av_icon='\ue8f3' data-av_iconfont='entypo-fontello' title='' data-avia-related-tooltip='Compartir en Facebook' rel=\"noopener\"><span class='avia_hidden_link_text'>Compartir en Facebook<\/span><\/a><\/li><li class='av-share-link av-social-link-twitter' ><a target=\"_blank\" aria-label=\"Compartir en Twitter\" href='https:\/\/twitter.com\/share?text=M%C3%A1s%20de%20250%20personas%20asistieron%20a%20las%20actividades%20abiertas%20y%20gratuitas%20de%20la%20Escuela%20de%20Verano%20UAys%C3%A9n%202026&#038;url=https:\/\/radiorevelacionfm.cl\/?p=63663' aria-hidden='false' data-av_icon='\ue8f1' data-av_iconfont='entypo-fontello' title='' data-avia-related-tooltip='Compartir en Twitter' rel=\"noopener\"><span class='avia_hidden_link_text'>Compartir en Twitter<\/span><\/a><\/li><li class='av-share-link av-social-link-whatsapp' ><a target=\"_blank\" aria-label=\"Compartir en Whatsapp\" href='https:\/\/api.whatsapp.com\/send?text=https:\/\/radiorevelacionfm.cl\/?p=63663' aria-hidden='false' data-av_icon='\uf232' data-av_iconfont='entypo-fontello' title='' data-avia-related-tooltip='Compartir en Whatsapp' rel=\"noopener\"><span class='avia_hidden_link_text'>Compartir en Whatsapp<\/span><\/a><\/li><li class='av-share-link av-social-link-linkedin' ><a target=\"_blank\" aria-label=\"Compartir en LinkedIn\" href='https:\/\/linkedin.com\/shareArticle?mini=true&#038;title=M%C3%A1s%20de%20250%20personas%20asistieron%20a%20las%20actividades%20abiertas%20y%20gratuitas%20de%20la%20Escuela%20de%20Verano%20UAys%C3%A9n%202026&#038;url=https:\/\/radiorevelacionfm.cl\/?p=63663' aria-hidden='false' data-av_icon='\ue8fc' data-av_iconfont='entypo-fontello' title='' data-avia-related-tooltip='Compartir en LinkedIn' rel=\"noopener\"><span class='avia_hidden_link_text'>Compartir en LinkedIn<\/span><\/a><\/li><li class='av-share-link av-social-link-mail' ><a  aria-label=\"Compartir por correo\" href='mailto:?subject=M%C3%A1s%20de%20250%20personas%20asistieron%20a%20las%20actividades%20abiertas%20y%20gratuitas%20de%20la%20Escuela%20de%20Verano%20UAys%C3%A9n%202026&#038;body=https:\/\/radiorevelacionfm.cl\/?p=63663' aria-hidden='false' data-av_icon='\ue805' data-av_iconfont='entypo-fontello' title='' data-avia-related-tooltip='Compartir por correo'><span class='avia_hidden_link_text'>Compartir por correo<\/span><\/a><\/li><\/ul><\/div><\/div>\n<div  style='height:50px' class='hr hr-invisible   avia-builder-el-8  el_after_av_social_share  el_before_av_comments_list '><span class='hr-inner ' ><span class='hr-inner-style'><\/span><\/span><\/div>\n<div  class='av-buildercomment  av-blog-meta-html-info-disabled av-blog-meta-tag-disabled  '><\/div>\n","protected":false},"excerpt":{"rendered":"","protected":false},"author":1,"featured_media":63664,"comment_status":"closed","ping_status":"closed","sticky":false,"template":"","format":"standard","meta":{"footnotes":""},"categories":[49],"tags":[],"class_list":["post-63663","post","type-post","status-publish","format-standard","has-post-thumbnail","hentry","category-educacion"],"jetpack_featured_media_url":"https:\/\/radiorevelacionfm.cl\/wp-content\/uploads\/2026\/01\/whatsapp-image-2026-01-22-at-16_optimized.11.30-1-1-1.jpg","_links":{"self":[{"href":"https:\/\/radiorevelacionfm.cl\/index.php?rest_route=\/wp\/v2\/posts\/63663","targetHints":{"allow":["GET"]}}],"collection":[{"href":"https:\/\/radiorevelacionfm.cl\/index.php?rest_route=\/wp\/v2\/posts"}],"about":[{"href":"https:\/\/radiorevelacionfm.cl\/index.php?rest_route=\/wp\/v2\/types\/post"}],"author":[{"embeddable":true,"href":"https:\/\/radiorevelacionfm.cl\/index.php?rest_route=\/wp\/v2\/users\/1"}],"replies":[{"embeddable":true,"href":"https:\/\/radiorevelacionfm.cl\/index.php?rest_route=%2Fwp%2Fv2%2Fcomments&post=63663"}],"version-history":[{"count":2,"href":"https:\/\/radiorevelacionfm.cl\/index.php?rest_route=\/wp\/v2\/posts\/63663\/revisions"}],"predecessor-version":[{"id":63666,"href":"https:\/\/radiorevelacionfm.cl\/index.php?rest_route=\/wp\/v2\/posts\/63663\/revisions\/63666"}],"wp:featuredmedia":[{"embeddable":true,"href":"https:\/\/radiorevelacionfm.cl\/index.php?rest_route=\/wp\/v2\/media\/63664"}],"wp:attachment":[{"href":"https:\/\/radiorevelacionfm.cl\/index.php?rest_route=%2Fwp%2Fv2%2Fmedia&parent=63663"}],"wp:term":[{"taxonomy":"category","embeddable":true,"href":"https:\/\/radiorevelacionfm.cl\/index.php?rest_route=%2Fwp%2Fv2%2Fcategories&post=63663"},{"taxonomy":"post_tag","embeddable":true,"href":"https:\/\/radiorevelacionfm.cl\/index.php?rest_route=%2Fwp%2Fv2%2Ftags&post=63663"}],"curies":[{"name":"wp","href":"https:\/\/api.w.org\/{rel}","templated":true}]}}