{"id":63659,"date":"2026-01-26T11:15:12","date_gmt":"2026-01-26T14:15:12","guid":{"rendered":"https:\/\/radiorevelacionfm.cl\/?p=63659"},"modified":"2026-01-26T11:15:12","modified_gmt":"2026-01-26T14:15:12","slug":"salud-refuerza-importancia-de-vacunacion-para-personas-que-salgan-del-pais-en-epoca-estival","status":"publish","type":"post","link":"https:\/\/radiorevelacionfm.cl\/?p=63659","title":{"rendered":"Salud refuerza importancia de vacunaci\u00f3n para personas que salgan del pa\u00eds en \u00e9poca estival"},"content":{"rendered":"<div class=\"flex_column av_one_full  flex_column_div av-zero-column-padding first  avia-builder-el-0  el_before_av_one_full  avia-builder-el-first  \" style='border-radius:0px; '><div  class='avia-image-container  av-styling-    avia-builder-el-1  avia-builder-el-no-sibling  avia-align-center '  itemprop=\"image\" itemscope=\"itemscope\" itemtype=\"https:\/\/schema.org\/ImageObject\"  ><div class='avia-image-container-inner'><div class='avia-image-overlay-wrap'><img decoding=\"async\" class='wp-image-63660 avia-img-lazy-loading-not-63660 avia_image' src=\"https:\/\/radiorevelacionfm.cl\/wp-content\/uploads\/2026\/01\/vacuna-a-viajeros-1-1.jpeg\" alt='' title='vacuna a viajeros (1) (1)' height=\"600\" width=\"834\"  itemprop=\"thumbnailUrl\" srcset=\"https:\/\/radiorevelacionfm.cl\/wp-content\/uploads\/2026\/01\/vacuna-a-viajeros-1-1.jpeg 834w, https:\/\/radiorevelacionfm.cl\/wp-content\/uploads\/2026\/01\/vacuna-a-viajeros-1-1-300x216.jpeg 300w, https:\/\/radiorevelacionfm.cl\/wp-content\/uploads\/2026\/01\/vacuna-a-viajeros-1-1-768x553.jpeg 768w, https:\/\/radiorevelacionfm.cl\/wp-content\/uploads\/2026\/01\/vacuna-a-viajeros-1-1-705x507.jpeg 705w, https:\/\/radiorevelacionfm.cl\/wp-content\/uploads\/2026\/01\/vacuna-a-viajeros-1-1-450x324.jpeg 450w, https:\/\/radiorevelacionfm.cl\/wp-content\/uploads\/2026\/01\/vacuna-a-viajeros-1-1-600x432.jpeg 600w\" sizes=\"(max-width: 834px) 100vw, 834px\" \/><\/div><\/div><\/div><\/div><div class=\"flex_column av_one_full  flex_column_div av-zero-column-padding first  avia-builder-el-2  el_after_av_one_full  el_before_av_one_full  column-top-margin\" style='border-radius:0px; '><section class=\"av_textblock_section \"  itemscope=\"itemscope\" itemtype=\"https:\/\/schema.org\/BlogPosting\" itemprop=\"blogPost\" ><div class='avia_textblock  '   itemprop=\"text\" ><p style=\"text-align: center;\"><strong><span style=\"font-size: 18pt;\">Salud refuerza importancia de vacunaci\u00f3n para personas que salgan del pa\u00eds en \u00e9poca estival<\/span><\/strong><\/p>\n<div id=\"gtx-trans\" style=\"position: absolute; left: -50px; top: 4.31534px;\">\n<div class=\"gtx-trans-icon\"><\/div>\n<\/div>\n<\/div><\/section><\/div><div class=\"flex_column av_one_full  flex_column_div av-zero-column-padding first  avia-builder-el-4  el_after_av_one_full  el_before_av_hr  column-top-margin\" style='border-radius:0px; '><section class=\"av_textblock_section \"  itemscope=\"itemscope\" itemtype=\"https:\/\/schema.org\/BlogPosting\" itemprop=\"blogPost\" ><div class='avia_textblock  '   itemprop=\"text\" ><ul>\n<li style=\"text-align: justify;\"><strong><em>A nivel pa\u00eds, el Ministerio de Salud se encuentra entregando una serie de recomendaciones generales en inmunizaci\u00f3n para viajeros que visiten otros pa\u00edses que presentan casos de enfermedades como el Sarampi\u00f3n o la Fiebre Amarilla<\/em><\/strong><strong><em>.<\/em><\/strong><\/li>\n<\/ul>\n<p style=\"text-align: justify;\">A nivel pa\u00eds, los programas de salud p\u00fablica como la vacunaci\u00f3n son uno de los pilares dentro de las medidas de protecci\u00f3n a la poblaci\u00f3n, no solo en las etapas de crecimiento sino que adem\u00e1s como medidas preventivas frente a enfermedades infecciosas presentes en otros pa\u00edses como el Sarampi\u00f3n, la Fiebre Amarilla o Poliomielitis, entre otras; raz\u00f3n por la cual, en esta temporada de verano se hace necesario proteger la salud individual y colectiva, evitando brotes al regresar al pa\u00eds y protegiendo a poblaciones vulnerables.<\/p>\n<p style=\"text-align: justify;\">As\u00ed lo dio a conocer la Seremi de Salud Ays\u00e9n, Gloria \u00c1guila Schmeisser, quien destac\u00f3 la importancia de estas acciones en beneficio de la comunidad. \u201cYa iniciamos hace varios d\u00edas la \u00e9poca estival y muchas personas en todo el pa\u00eds viajan al extranjero, entonces incentivamos a que se cuiden y que cuando vuelvan tambi\u00e9n nos cuiden a nosotros los que quedamos ac\u00e1 en Chile porque lo importante es la vacunaci\u00f3n de varias enfermedades que est\u00e1n reapareciendo nuevamente en Am\u00e9rica Latina y en Europa, por lo tanto incentivamos a la poblaci\u00f3n que va al extranjero, que pasen y consulten en su consultorio, en su hospital m\u00e1s cercano d\u00f3nde pueden adquirir las vacunas para cuidar su salud dependiendo el lugar de destino.\u201d<\/p>\n<p style=\"text-align: justify;\">En este contexto, la encargada regional del Programa de Inmunizaci\u00f3n, Sany Ojeda, entreg\u00f3 las prioridades de vacunaci\u00f3n para viajeros. \u201cDado el contexto actual en Am\u00e9rica Latina y en el resto del mundo, hay enfermedades que han resurgido y que hoy d\u00eda est\u00e1n constituyendo un problema de salud p\u00fablica. Estas enfermedades, por ejemplo, sarampi\u00f3n, fiebre amarilla u otras, son prevenibles a trav\u00e9s de la vacunaci\u00f3n. El llamado a los viajeros es a prepararse al menos dos semanas antes, revisando las recomendaciones del pa\u00eds de destino, consultar sobre su esquema de vacunaci\u00f3n, cu\u00e1les est\u00e1n administradas, cu\u00e1les est\u00e1n pendientes para que puedan as\u00ed salir protegidos de nuestro pa\u00eds. Una de las vacunas que hoy d\u00eda se recomiendan para los viajeros, dado que hay un aumento importante de casos en Am\u00e9rica es el sarampi\u00f3n. Otra recomendaci\u00f3n importante es ir protegido contra fiebre amarilla, una enfermedad grave, viral, que igual puede causar la muerte.\u201d<\/p>\n<p style=\"text-align: justify;\">Por su parte, el director (s) de Atenci\u00f3n Primaria, Sebasti\u00e1n Vargas, indic\u00f3 que en el caso de la vacuna contra el Sarampi\u00f3n se puede acceder tanto en la red asistencial, como el sector privado. \u201cPara las personas que acudan a otros pa\u00edses, y que requieran de alguna vacuna que est\u00e9 incluida en este calendario de vacunaci\u00f3n, pueden naturalmente acceder a \u00e9l en nuestros vacunatorios dentro de la red asistencial del Servicio de Salud Ays\u00e9n. Tambi\u00e9n es importante mencionar que existen vacunas que no est\u00e1n disponibles como la vacuna de fiebre amarilla, para lo cual existe un centro en esta regi\u00f3n que permite entregar la vacuna, pero que tiene un costo y que es de car\u00e1cter privado.\u201d<\/p>\n<p style=\"text-align: justify;\"><strong>Recomendaciones<\/strong><\/p>\n<ul style=\"text-align: justify;\">\n<li>Cada vez que se realiza un viaje, es necesario informarse de los requisitos y recomendaciones de vacunas del pa\u00eds de destino, enfermedades frecuentes, etc, y as\u00ed tomar las medidas necesarias antes, durante y despu\u00e9s del viaje.<\/li>\n<li>Las vacunas recomendadas deben ser indicadas por un profesional m\u00e9dico y al momento de acudir a un vacunatorio se debe presentar la orden m\u00e9dica y un documento de identificaci\u00f3n como carnet de identidad o pasaporte.<\/li>\n<li>Se recomienda que las vacunas sean administradas al menos 2 semanas antes de su viaje.<\/li>\n<li>En tanto, otras vacunas para viajeros deben ser adquiridas en vacunatorios privados Internacionales, que en nuestra regi\u00f3n contamos con el Vacunatorio Patagonia, ubicado en 21 de Mayo N\u00b0 328, Coyhaique, (2\u00b0piso).<\/li>\n<li>En el siguiente link podr\u00e1 encontrar informaci\u00f3n detallada respecto a recomendaciones de vacunaci\u00f3n para viajeros: vacunas.minsal.cl, y visitar el siguiente enlace para verificar, seg\u00fan el pa\u00eds de destino, las vacunas recomendadas seg\u00fan la epidemiolog\u00eda local (CDC) <a href=\"https:\/\/wwwnc.cdc.gov\/travel\">https:\/\/wwwnc.cdc.gov\/travel<\/a>.<\/li>\n<li>Se hace un llamado a las madres, padres si no ha completado el esquema de vacunaci\u00f3n de tu hijo o hija, acude a tu centro de salud para colocar sus vacunas al d\u00eda, previo a su viaje.<\/li>\n<\/ul>\n<\/div><\/section><\/div><div  style='height:50px' class='hr hr-invisible   avia-builder-el-6  el_after_av_one_full  el_before_av_social_share '><span class='hr-inner ' ><span class='hr-inner-style'><\/span><\/span><\/div><\/p>\n<div  class='av-social-sharing-box  avia-builder-el-7  el_after_av_hr  el_before_av_hr  '><div class='av-share-box'><h5 class='av-share-link-description av-no-toc '>Compartir esta noticia<\/h5><ul class='av-share-box-list noLightbox'><li class='av-share-link av-social-link-facebook' ><a target=\"_blank\" aria-label=\"Compartir en Facebook\" href='https:\/\/www.facebook.com\/sharer.php?u=https:\/\/radiorevelacionfm.cl\/?p=63659&#038;t=Salud%20refuerza%20importancia%20de%20vacunaci%C3%B3n%20para%20personas%20que%20salgan%20del%20pa%C3%ADs%20en%20%C3%A9poca%20estival' aria-hidden='false' data-av_icon='\ue8f3' data-av_iconfont='entypo-fontello' title='' data-avia-related-tooltip='Compartir en Facebook' rel=\"noopener\"><span class='avia_hidden_link_text'>Compartir en Facebook<\/span><\/a><\/li><li class='av-share-link av-social-link-twitter' ><a target=\"_blank\" aria-label=\"Compartir en Twitter\" href='https:\/\/twitter.com\/share?text=Salud%20refuerza%20importancia%20de%20vacunaci%C3%B3n%20para%20personas%20que%20salgan%20del%20pa%C3%ADs%20en%20%C3%A9poca%20estival&#038;url=https:\/\/radiorevelacionfm.cl\/?p=63659' aria-hidden='false' data-av_icon='\ue8f1' data-av_iconfont='entypo-fontello' title='' data-avia-related-tooltip='Compartir en Twitter' rel=\"noopener\"><span class='avia_hidden_link_text'>Compartir en Twitter<\/span><\/a><\/li><li class='av-share-link av-social-link-whatsapp' ><a target=\"_blank\" aria-label=\"Compartir en Whatsapp\" href='https:\/\/api.whatsapp.com\/send?text=https:\/\/radiorevelacionfm.cl\/?p=63659' aria-hidden='false' data-av_icon='\uf232' data-av_iconfont='entypo-fontello' title='' data-avia-related-tooltip='Compartir en Whatsapp' rel=\"noopener\"><span class='avia_hidden_link_text'>Compartir en Whatsapp<\/span><\/a><\/li><li class='av-share-link av-social-link-linkedin' ><a target=\"_blank\" aria-label=\"Compartir en LinkedIn\" href='https:\/\/linkedin.com\/shareArticle?mini=true&#038;title=Salud%20refuerza%20importancia%20de%20vacunaci%C3%B3n%20para%20personas%20que%20salgan%20del%20pa%C3%ADs%20en%20%C3%A9poca%20estival&#038;url=https:\/\/radiorevelacionfm.cl\/?p=63659' aria-hidden='false' data-av_icon='\ue8fc' data-av_iconfont='entypo-fontello' title='' data-avia-related-tooltip='Compartir en LinkedIn' rel=\"noopener\"><span class='avia_hidden_link_text'>Compartir en LinkedIn<\/span><\/a><\/li><li class='av-share-link av-social-link-mail' ><a  aria-label=\"Compartir por correo\" href='mailto:?subject=Salud%20refuerza%20importancia%20de%20vacunaci%C3%B3n%20para%20personas%20que%20salgan%20del%20pa%C3%ADs%20en%20%C3%A9poca%20estival&#038;body=https:\/\/radiorevelacionfm.cl\/?p=63659' aria-hidden='false' data-av_icon='\ue805' data-av_iconfont='entypo-fontello' title='' data-avia-related-tooltip='Compartir por correo'><span class='avia_hidden_link_text'>Compartir por correo<\/span><\/a><\/li><\/ul><\/div><\/div>\n<div  style='height:50px' class='hr hr-invisible   avia-builder-el-8  el_after_av_social_share  el_before_av_comments_list '><span class='hr-inner ' ><span class='hr-inner-style'><\/span><\/span><\/div>\n<div  class='av-buildercomment  av-blog-meta-html-info-disabled av-blog-meta-tag-disabled  '><\/div>\n","protected":false},"excerpt":{"rendered":"","protected":false},"author":1,"featured_media":63660,"comment_status":"closed","ping_status":"closed","sticky":false,"template":"","format":"standard","meta":{"footnotes":""},"categories":[46],"tags":[],"class_list":["post-63659","post","type-post","status-publish","format-standard","has-post-thumbnail","hentry","category-salud"],"jetpack_featured_media_url":"https:\/\/radiorevelacionfm.cl\/wp-content\/uploads\/2026\/01\/vacuna-a-viajeros-1-1.jpeg","_links":{"self":[{"href":"https:\/\/radiorevelacionfm.cl\/index.php?rest_route=\/wp\/v2\/posts\/63659","targetHints":{"allow":["GET"]}}],"collection":[{"href":"https:\/\/radiorevelacionfm.cl\/index.php?rest_route=\/wp\/v2\/posts"}],"about":[{"href":"https:\/\/radiorevelacionfm.cl\/index.php?rest_route=\/wp\/v2\/types\/post"}],"author":[{"embeddable":true,"href":"https:\/\/radiorevelacionfm.cl\/index.php?rest_route=\/wp\/v2\/users\/1"}],"replies":[{"embeddable":true,"href":"https:\/\/radiorevelacionfm.cl\/index.php?rest_route=%2Fwp%2Fv2%2Fcomments&post=63659"}],"version-history":[{"count":2,"href":"https:\/\/radiorevelacionfm.cl\/index.php?rest_route=\/wp\/v2\/posts\/63659\/revisions"}],"predecessor-version":[{"id":63662,"href":"https:\/\/radiorevelacionfm.cl\/index.php?rest_route=\/wp\/v2\/posts\/63659\/revisions\/63662"}],"wp:featuredmedia":[{"embeddable":true,"href":"https:\/\/radiorevelacionfm.cl\/index.php?rest_route=\/wp\/v2\/media\/63660"}],"wp:attachment":[{"href":"https:\/\/radiorevelacionfm.cl\/index.php?rest_route=%2Fwp%2Fv2%2Fmedia&parent=63659"}],"wp:term":[{"taxonomy":"category","embeddable":true,"href":"https:\/\/radiorevelacionfm.cl\/index.php?rest_route=%2Fwp%2Fv2%2Fcategories&post=63659"},{"taxonomy":"post_tag","embeddable":true,"href":"https:\/\/radiorevelacionfm.cl\/index.php?rest_route=%2Fwp%2Fv2%2Ftags&post=63659"}],"curies":[{"name":"wp","href":"https:\/\/api.w.org\/{rel}","templated":true}]}}