{"id":63655,"date":"2026-01-26T11:07:57","date_gmt":"2026-01-26T14:07:57","guid":{"rendered":"https:\/\/radiorevelacionfm.cl\/?p=63655"},"modified":"2026-01-26T11:07:57","modified_gmt":"2026-01-26T14:07:57","slug":"desde-aysen-al-mundo-delta-marron-el-rap-esteparico-que-trae-este-verano-rolando-formon","status":"publish","type":"post","link":"https:\/\/radiorevelacionfm.cl\/?p=63655","title":{"rendered":"Desde Ays\u00e9n al mundo: Delta Marr\u00f3n, el rap estep\u00e1rico que trae este verano Rolando Form\u00f3n"},"content":{"rendered":"<div class=\"flex_column av_one_full  flex_column_div av-zero-column-padding first  avia-builder-el-0  el_before_av_one_full  avia-builder-el-first  \" style='border-radius:0px; '><div  class='avia-image-container  av-styling-    avia-builder-el-1  avia-builder-el-no-sibling  avia-align-center '  itemprop=\"image\" itemscope=\"itemscope\" itemtype=\"https:\/\/schema.org\/ImageObject\"  ><div class='avia-image-container-inner'><div class='avia-image-overlay-wrap'><img decoding=\"async\" class='wp-image-63656 avia-img-lazy-loading-not-63656 avia_image' src=\"https:\/\/radiorevelacionfm.cl\/wp-content\/uploads\/2026\/01\/PORTADA-DELTA-MARRON-1.jpg\" alt='' title='PORTADA DELTA MARR\u00d3N (1)' height=\"800\" width=\"800\"  itemprop=\"thumbnailUrl\" srcset=\"https:\/\/radiorevelacionfm.cl\/wp-content\/uploads\/2026\/01\/PORTADA-DELTA-MARRON-1.jpg 800w, https:\/\/radiorevelacionfm.cl\/wp-content\/uploads\/2026\/01\/PORTADA-DELTA-MARRON-1-300x300.jpg 300w, https:\/\/radiorevelacionfm.cl\/wp-content\/uploads\/2026\/01\/PORTADA-DELTA-MARRON-1-80x80.jpg 80w, https:\/\/radiorevelacionfm.cl\/wp-content\/uploads\/2026\/01\/PORTADA-DELTA-MARRON-1-768x768.jpg 768w, https:\/\/radiorevelacionfm.cl\/wp-content\/uploads\/2026\/01\/PORTADA-DELTA-MARRON-1-36x36.jpg 36w, https:\/\/radiorevelacionfm.cl\/wp-content\/uploads\/2026\/01\/PORTADA-DELTA-MARRON-1-180x180.jpg 180w, https:\/\/radiorevelacionfm.cl\/wp-content\/uploads\/2026\/01\/PORTADA-DELTA-MARRON-1-705x705.jpg 705w, https:\/\/radiorevelacionfm.cl\/wp-content\/uploads\/2026\/01\/PORTADA-DELTA-MARRON-1-120x120.jpg 120w, https:\/\/radiorevelacionfm.cl\/wp-content\/uploads\/2026\/01\/PORTADA-DELTA-MARRON-1-450x450.jpg 450w, https:\/\/radiorevelacionfm.cl\/wp-content\/uploads\/2026\/01\/PORTADA-DELTA-MARRON-1-600x600.jpg 600w, https:\/\/radiorevelacionfm.cl\/wp-content\/uploads\/2026\/01\/PORTADA-DELTA-MARRON-1-100x100.jpg 100w\" sizes=\"(max-width: 800px) 100vw, 800px\" \/><\/div><\/div><\/div><\/div><div class=\"flex_column av_one_full  flex_column_div av-zero-column-padding first  avia-builder-el-2  el_after_av_one_full  el_before_av_one_full  column-top-margin\" style='border-radius:0px; '><section class=\"av_textblock_section \"  itemscope=\"itemscope\" itemtype=\"https:\/\/schema.org\/BlogPosting\" itemprop=\"blogPost\" ><div class='avia_textblock  '   itemprop=\"text\" ><p style=\"text-align: center;\"><strong><span style=\"font-size: 18pt;\">Desde Ays\u00e9n al mundo: Delta Marr\u00f3n, el rap estep\u00e1rico que trae este verano Rolando Form\u00f3n<\/span><\/strong><\/p>\n<div id=\"gtx-trans\" style=\"position: absolute; left: -50px; top: 4.31534px;\">\n<div class=\"gtx-trans-icon\"><\/div>\n<\/div>\n<\/div><\/section><\/div><div class=\"flex_column av_one_full  flex_column_div av-zero-column-padding first  avia-builder-el-4  el_after_av_one_full  el_before_av_hr  column-top-margin\" style='border-radius:0px; '><section class=\"av_textblock_section \"  itemscope=\"itemscope\" itemtype=\"https:\/\/schema.org\/BlogPosting\" itemprop=\"blogPost\" ><div class='avia_textblock  '   itemprop=\"text\" ><ul>\n<li style=\"text-align: justify;\"><em>El artista chilechiquense presenta de manera \u00edntegra a todo el p\u00fablico su primer trabajo de 11 canciones y 4 videoclips.<\/em><\/li>\n<li><em>Ritmos para bailar, gozar y disfrutar junto a letras que te hablan sobre la vida en el extremo sur de Chile.<\/em><\/li>\n<\/ul>\n<p style=\"text-align: justify;\"><strong>Chile Chico.-<\/strong> Con la paciencia y cuidado con que uno construye su casa, confeccionando cada ladrillo como sI fuera una nota musical, tal como un alba\u00f1il, Rolando Form\u00f3n fue componiendo la letra y m\u00fasica de su primer disco de larga duraci\u00f3n, uno que se forj\u00f3 dentro de una casa de barro en Chile Chico, a orillas del Lago General Carrera.<\/p>\n<p style=\"text-align: justify;\">Es que esta ciudad enclavada en la estepa aysenina y que rememora los colores de ese Chile central, con una paleta terrosa que contrasta con el turquesa del gran lago, fue la inspiraci\u00f3n de este artista para presentar su primer disco de larga duraci\u00f3n de 11 canciones, ideado, escrito y grabado en tierras australes.<\/p>\n<p style=\"text-align: justify;\">La presentaci\u00f3n a su p\u00fablico, la hizo en la Casa de la Cultura de Chile Chico, en un \u00edntimo encuentro que convoc\u00f3 a su gente, la misma que viene reconociendo en Form\u00f3n un referente de la cultura local. Hoy en d\u00eda, ya est\u00e1 disponible todo su trabajo en <a href=\"https:\/\/open.spotify.com\/intl-es\/artist\/27fQWpOrYwGeKoQ4dbXwF5\">spotify<\/a> y <a href=\"https:\/\/www.youtube.com\/channel\/UC7HRmwcTt2DIHzGSrAQQA6g\">youtube<\/a>.<\/p>\n<p style=\"text-align: justify;\"><em>\u201c<strong>Son 11 canciones hechas con el alma, con el coraz\u00f3n. Aqu\u00ed en Chile Chico, y especialmente, para toda la Regi\u00f3n de Ays\u00e9n. Son canciones que hablan de habitar, de vivir la Patagonia. Son canciones que pasan por el folclor, por el pop y por supuesto, por el hip hop<\/strong>\u201d destaca Rolando Form\u00f3n.<\/em><\/p>\n<p style=\"text-align: justify;\">Al escucharlo, te encontrar\u00e1s con historias que cuentan del diario vivir de este territorio, relevando a nombres como don Liborio M\u00e1rquez, un hist\u00f3rico minero del carb\u00f3n en la \u201cGarganta del Diablo\u201d, o el ir y devenir del d\u00eda cebado con unos buenos mates y acorde\u00f3n en \u201cViajes Cortos\u201d, o el bombo leguero que se funde con potentes frases dedicadas a su gente en la canci\u00f3n hom\u00f3nima del disco \u201cDelta Marr\u00f3n\u201d.<\/p>\n<p style=\"text-align: justify;\">Este disco muestra en sus canciones distintas influencias como \u201cLa Cumbia del Cerro Colora\u2019o\u201d, con ritmos que evocan la m\u00fasica siria, de oriente pr\u00f3ximo; o \u201cPermiso\u201d, una milonga del cantautor y poeta argentino Jos\u00e9 Larralde; y \u201cLlorona\u201d, con letra inspirada en la canci\u00f3n de Chavela Vargas, a quien Form\u00f3n homenajea conectando con el folclor latinoamericano y la m\u00fasica m\u00e9xicana.<\/p>\n<p style=\"text-align: justify;\"><strong>Sobre el artista<\/strong><\/p>\n<p style=\"text-align: justify;\">Rolando Form\u00f3n es autor y compositor chilechiquense que se ha posicionado en la Patagonia como un referente cuando se habla de fusi\u00f3n y autenticidad.<\/p>\n<p style=\"text-align: justify;\">Obtuvo el primer lugar en el festival nacional con la canci\u00f3n Am\u00e9rika Respira, y sin saberlo ser\u00eda el puntapi\u00e9 inicial de una carrera que hoy se consolida.<\/p>\n<p style=\"text-align: justify;\">Tras varios a\u00f1os viviendo el frenes\u00ed de la capital nacional, Santiago de Chile, en 2020 regresa a su tierra natal, Chile Chico, donde ocurre todo. Singles muy ligados al pop como \u201cPan con Queso\u201d y \u201cLuna Mengua\u201d, y una bit\u00e1cora musical de su experiencia en la pandemia denominada BREVIAJES. Dos a\u00f1os m\u00e1s tarde representa a la Regi\u00f3n de Ays\u00e9n en el festival Rock\u00f3dromo de Valpara\u00edso, uno de los cert\u00e1menes de m\u00fasica m\u00e1s importantes del pa\u00eds y en 2023 se presenta en los Juegos Panamericanos 2023, cuando la llama pas\u00f3 por la ciudad de Coyhaique.<\/p>\n<p style=\"text-align: justify;\">En 2025 presenta los primeros tres videoclips de su disco Delta Marr\u00f3n, obteniendo con ellos distintos reconocimientos tanto en la regi\u00f3n como el pa\u00eds, como fueron los <strong>premios Pulsar 2025<\/strong>, donde Rolando particip\u00f3 con \u201c<a href=\"https:\/\/www.youtube.com\/watch?v=XtQ9pGifY6s\">Casita de Barro<\/a>\u201d en la categor\u00eda mejor videoclip, y obteniendo menci\u00f3n honrosa en <strong>SAM Festival<\/strong> desarrollando en el Centro GAM en Santiago, con \u201c<a href=\"https:\/\/www.youtube.com\/watch?v=81QnpW8dm4A\">Viajes Cortos<\/a>\u201d.<\/p>\n<p style=\"text-align: justify;\">Actualmente Rolando Form\u00f3n se encuentra promocionando su disco Delta Marr\u00f3n por toda la Regi\u00f3n de Ays\u00e9n.<\/p>\n<\/div><\/section><\/div><div  style='height:50px' class='hr hr-invisible   avia-builder-el-6  el_after_av_one_full  el_before_av_social_share '><span class='hr-inner ' ><span class='hr-inner-style'><\/span><\/span><\/div><\/p>\n<div  class='av-social-sharing-box  avia-builder-el-7  el_after_av_hr  el_before_av_hr  '><div class='av-share-box'><h5 class='av-share-link-description av-no-toc '>Compartir esta noticia<\/h5><ul class='av-share-box-list noLightbox'><li class='av-share-link av-social-link-facebook' ><a target=\"_blank\" aria-label=\"Compartir en Facebook\" href='https:\/\/www.facebook.com\/sharer.php?u=https:\/\/radiorevelacionfm.cl\/?p=63655&#038;t=Desde%20Ays%C3%A9n%20al%20mundo%3A%20Delta%20Marr%C3%B3n%2C%20el%20rap%20estep%C3%A1rico%20que%20trae%20este%20verano%20Rolando%20Form%C3%B3n' aria-hidden='false' data-av_icon='\ue8f3' data-av_iconfont='entypo-fontello' title='' data-avia-related-tooltip='Compartir en Facebook' rel=\"noopener\"><span class='avia_hidden_link_text'>Compartir en Facebook<\/span><\/a><\/li><li class='av-share-link av-social-link-twitter' ><a target=\"_blank\" aria-label=\"Compartir en Twitter\" href='https:\/\/twitter.com\/share?text=Desde%20Ays%C3%A9n%20al%20mundo%3A%20Delta%20Marr%C3%B3n%2C%20el%20rap%20estep%C3%A1rico%20que%20trae%20este%20verano%20Rolando%20Form%C3%B3n&#038;url=https:\/\/radiorevelacionfm.cl\/?p=63655' aria-hidden='false' data-av_icon='\ue8f1' data-av_iconfont='entypo-fontello' title='' data-avia-related-tooltip='Compartir en Twitter' rel=\"noopener\"><span class='avia_hidden_link_text'>Compartir en Twitter<\/span><\/a><\/li><li class='av-share-link av-social-link-whatsapp' ><a target=\"_blank\" aria-label=\"Compartir en Whatsapp\" href='https:\/\/api.whatsapp.com\/send?text=https:\/\/radiorevelacionfm.cl\/?p=63655' aria-hidden='false' data-av_icon='\uf232' data-av_iconfont='entypo-fontello' title='' data-avia-related-tooltip='Compartir en Whatsapp' rel=\"noopener\"><span class='avia_hidden_link_text'>Compartir en Whatsapp<\/span><\/a><\/li><li class='av-share-link av-social-link-linkedin' ><a target=\"_blank\" aria-label=\"Compartir en LinkedIn\" href='https:\/\/linkedin.com\/shareArticle?mini=true&#038;title=Desde%20Ays%C3%A9n%20al%20mundo%3A%20Delta%20Marr%C3%B3n%2C%20el%20rap%20estep%C3%A1rico%20que%20trae%20este%20verano%20Rolando%20Form%C3%B3n&#038;url=https:\/\/radiorevelacionfm.cl\/?p=63655' aria-hidden='false' data-av_icon='\ue8fc' data-av_iconfont='entypo-fontello' title='' data-avia-related-tooltip='Compartir en LinkedIn' rel=\"noopener\"><span class='avia_hidden_link_text'>Compartir en LinkedIn<\/span><\/a><\/li><li class='av-share-link av-social-link-mail' ><a  aria-label=\"Compartir por correo\" href='mailto:?subject=Desde%20Ays%C3%A9n%20al%20mundo%3A%20Delta%20Marr%C3%B3n%2C%20el%20rap%20estep%C3%A1rico%20que%20trae%20este%20verano%20Rolando%20Form%C3%B3n&#038;body=https:\/\/radiorevelacionfm.cl\/?p=63655' aria-hidden='false' data-av_icon='\ue805' data-av_iconfont='entypo-fontello' title='' data-avia-related-tooltip='Compartir por correo'><span class='avia_hidden_link_text'>Compartir por correo<\/span><\/a><\/li><\/ul><\/div><\/div>\n<div  style='height:50px' class='hr hr-invisible   avia-builder-el-8  el_after_av_social_share  el_before_av_comments_list '><span class='hr-inner ' ><span class='hr-inner-style'><\/span><\/span><\/div>\n<div  class='av-buildercomment  av-blog-meta-html-info-disabled av-blog-meta-tag-disabled  '><\/div>\n","protected":false},"excerpt":{"rendered":"","protected":false},"author":1,"featured_media":63656,"comment_status":"closed","ping_status":"closed","sticky":false,"template":"","format":"standard","meta":{"footnotes":""},"categories":[43],"tags":[],"class_list":["post-63655","post","type-post","status-publish","format-standard","has-post-thumbnail","hentry","category-musica"],"jetpack_featured_media_url":"https:\/\/radiorevelacionfm.cl\/wp-content\/uploads\/2026\/01\/PORTADA-DELTA-MARRON-1.jpg","_links":{"self":[{"href":"https:\/\/radiorevelacionfm.cl\/index.php?rest_route=\/wp\/v2\/posts\/63655","targetHints":{"allow":["GET"]}}],"collection":[{"href":"https:\/\/radiorevelacionfm.cl\/index.php?rest_route=\/wp\/v2\/posts"}],"about":[{"href":"https:\/\/radiorevelacionfm.cl\/index.php?rest_route=\/wp\/v2\/types\/post"}],"author":[{"embeddable":true,"href":"https:\/\/radiorevelacionfm.cl\/index.php?rest_route=\/wp\/v2\/users\/1"}],"replies":[{"embeddable":true,"href":"https:\/\/radiorevelacionfm.cl\/index.php?rest_route=%2Fwp%2Fv2%2Fcomments&post=63655"}],"version-history":[{"count":2,"href":"https:\/\/radiorevelacionfm.cl\/index.php?rest_route=\/wp\/v2\/posts\/63655\/revisions"}],"predecessor-version":[{"id":63658,"href":"https:\/\/radiorevelacionfm.cl\/index.php?rest_route=\/wp\/v2\/posts\/63655\/revisions\/63658"}],"wp:featuredmedia":[{"embeddable":true,"href":"https:\/\/radiorevelacionfm.cl\/index.php?rest_route=\/wp\/v2\/media\/63656"}],"wp:attachment":[{"href":"https:\/\/radiorevelacionfm.cl\/index.php?rest_route=%2Fwp%2Fv2%2Fmedia&parent=63655"}],"wp:term":[{"taxonomy":"category","embeddable":true,"href":"https:\/\/radiorevelacionfm.cl\/index.php?rest_route=%2Fwp%2Fv2%2Fcategories&post=63655"},{"taxonomy":"post_tag","embeddable":true,"href":"https:\/\/radiorevelacionfm.cl\/index.php?rest_route=%2Fwp%2Fv2%2Ftags&post=63655"}],"curies":[{"name":"wp","href":"https:\/\/api.w.org\/{rel}","templated":true}]}}