{"id":63643,"date":"2026-01-25T21:17:35","date_gmt":"2026-01-26T00:17:35","guid":{"rendered":"https:\/\/radiorevelacionfm.cl\/?p=63643"},"modified":"2026-01-25T21:17:35","modified_gmt":"2026-01-26T00:17:35","slug":"rector-lucas-palacios-visito-aysen-y-reforzo-el-compromiso-de-inacap-con-el-desarrollo-del-territorio","status":"publish","type":"post","link":"https:\/\/radiorevelacionfm.cl\/?p=63643","title":{"rendered":"Rector Lucas Palacios visit\u00f3 Ays\u00e9n y reforz\u00f3 el compromiso de INACAP con el desarrollo del territorio"},"content":{"rendered":"<div class=\"flex_column av_one_full  flex_column_div av-zero-column-padding first  avia-builder-el-0  el_before_av_one_full  avia-builder-el-first  \" style='border-radius:0px; '><div  class='avia-image-container  av-styling-    avia-builder-el-1  avia-builder-el-no-sibling  avia-align-center '  itemprop=\"image\" itemscope=\"itemscope\" itemtype=\"https:\/\/schema.org\/ImageObject\"  ><div class='avia-image-container-inner'><div class='avia-image-overlay-wrap'><img decoding=\"async\" class='wp-image-63644 avia-img-lazy-loading-not-63644 avia_image' src=\"https:\/\/radiorevelacionfm.cl\/wp-content\/uploads\/2026\/01\/visita-rector-4-1_optimized.jpeg\" alt='' title='visita-rector-4-(1)_optimized' height=\"600\" width=\"800\"  itemprop=\"thumbnailUrl\" srcset=\"https:\/\/radiorevelacionfm.cl\/wp-content\/uploads\/2026\/01\/visita-rector-4-1_optimized.jpeg 800w, https:\/\/radiorevelacionfm.cl\/wp-content\/uploads\/2026\/01\/visita-rector-4-1_optimized-300x225.jpeg 300w, https:\/\/radiorevelacionfm.cl\/wp-content\/uploads\/2026\/01\/visita-rector-4-1_optimized-768x576.jpeg 768w, https:\/\/radiorevelacionfm.cl\/wp-content\/uploads\/2026\/01\/visita-rector-4-1_optimized-705x529.jpeg 705w, https:\/\/radiorevelacionfm.cl\/wp-content\/uploads\/2026\/01\/visita-rector-4-1_optimized-450x338.jpeg 450w, https:\/\/radiorevelacionfm.cl\/wp-content\/uploads\/2026\/01\/visita-rector-4-1_optimized-600x450.jpeg 600w\" sizes=\"(max-width: 800px) 100vw, 800px\" \/><\/div><\/div><\/div><\/div><div class=\"flex_column av_one_full  flex_column_div av-zero-column-padding first  avia-builder-el-2  el_after_av_one_full  el_before_av_one_full  column-top-margin\" style='border-radius:0px; '><section class=\"av_textblock_section \"  itemscope=\"itemscope\" itemtype=\"https:\/\/schema.org\/BlogPosting\" itemprop=\"blogPost\" ><div class='avia_textblock  '   itemprop=\"text\" ><p style=\"text-align: center;\"><strong><span style=\"font-size: 18pt;\">Rector Lucas Palacios visit\u00f3 Ays\u00e9n y reforz\u00f3 el compromiso de INACAP con el desarrollo del territorio<\/span><\/strong><\/p>\n<div id=\"gtx-trans\" style=\"position: absolute; left: -50px; top: 4.31534px;\">\n<div class=\"gtx-trans-icon\"><\/div>\n<\/div>\n<\/div><\/section><\/div><div class=\"flex_column av_one_full  flex_column_div av-zero-column-padding first  avia-builder-el-4  el_after_av_one_full  el_before_av_hr  column-top-margin\" style='border-radius:0px; '><section class=\"av_textblock_section \"  itemscope=\"itemscope\" itemtype=\"https:\/\/schema.org\/BlogPosting\" itemprop=\"blogPost\" ><div class='avia_textblock  '   itemprop=\"text\" ><p style=\"text-align: justify;\"><strong>INACAP Sede Coyhaique recibi\u00f3 la visita institucional del Rector Lucas Palacios<\/strong>, quien encabez\u00f3 una intensa agenda en la Regi\u00f3n de Ays\u00e9n con el objetivo de <strong>fortalecer y consolidar el v\u00ednculo de INACAP con el ecosistema regional<\/strong>, conectando directamente con actores estrat\u00e9gicos, comunidades y espacios clave para el desarrollo productivo y social del territorio.<\/p>\n<p style=\"text-align: justify;\">La visita tuvo un marcado sello territorial, ya que permiti\u00f3 al Rector <strong>recorrer y conocer en terreno la realidad de Ays\u00e9n<\/strong>, reafirmando la importancia de que INACAP <strong>no solo se fortalezca desde la sede<\/strong>, sino que tambi\u00e9n mantenga una presencia activa en toda la regi\u00f3n, escuchando las necesidades del entorno y proyectando una educaci\u00f3n pertinente y conectada con el desarrollo local. Esta mirada resulta especialmente relevante, ya que constituye un elemento fundamental para <strong>definir la oferta de carreras y programas<\/strong>, aline\u00e1ndolos con los desaf\u00edos, oportunidades y proyecciones del territorio.<\/p>\n<p style=\"text-align: justify;\">En ese contexto, el Rector sostuvo reuniones con los equipos de los <strong>Centros de Negocios SERCOTEC operados por INACAP en\u00a0<\/strong> <strong>Coyhaique como en Puerto Ays\u00e9n<\/strong>, instancias en las que se destac\u00f3 el impacto que estas unidades generan en el fortalecimiento de emprendedores, peque\u00f1as y medianas empresas, aportando de manera concreta al crecimiento econ\u00f3mico regional.<\/p>\n<p style=\"text-align: justify;\">Adem\u00e1s, como parte de una agenda orientada a ampliar el alcance del mensaje institucional, <strong>Lucas Palacios visit\u00f3 diversos medios de comunicaci\u00f3n en Coyhaique y Puerto Ays\u00e9n<\/strong>, oportunidad en la que reforz\u00f3 el compromiso de INACAP con el desarrollo regional y el valor de la formaci\u00f3n t\u00e9cnico-profesional como herramienta de transformaci\u00f3n social y productiva.<\/p>\n<p style=\"text-align: justify;\">Uno de los momentos centrales de su visita fue el encuentro con colaboradores y colaboradoras de <strong>INACAP Sede Coyhaique<\/strong>, instancia en la que se abordaron los principales desaf\u00edos y oportunidades del <strong>Plan Estrat\u00e9gico INACAP 2025\u20132030<\/strong>, con foco en un modelo educativo centrado en los estudiantes, la innovaci\u00f3n y la generaci\u00f3n de impacto positivo en las regiones.<\/p>\n<p style=\"text-align: justify;\">En su mensaje, el Rector subray\u00f3 la relevancia y el crecimiento sostenido de la formaci\u00f3n t\u00e9cnico-profesional, destacando su aporte directo al desarrollo y a la movilidad social, especialmente visible en territorios como Ays\u00e9n <strong>\u201cLa educaci\u00f3n, y en especial la t\u00e9cnico-profesional, es una de las m\u00e1s relevantes del mundo. Los hechos lo demuestran: a\u00f1o a a\u00f1o, la educaci\u00f3n TP crece de manera sostenida, impulsada por su impacto concreto en la movilidad social y aqu\u00ed la regi\u00f3n de Ays\u00e9n es prueba de ello.\u201d<\/strong><\/p>\n<p style=\"text-align: justify;\">La visita del Rector Lucas Palacios <strong>reafirma el compromiso de INACAP con el desarrollo de la Regi\u00f3n de Ays\u00e9n<\/strong>, el fortalecimiento del trabajo colaborativo con instituciones p\u00fablicas y privadas, y el impulso permanente de una formaci\u00f3n t\u00e9cnico-profesional de calidad, <strong>construida desde el territorio y para el territorio<\/strong>, conectada con sus comunidades y proyectada hacia los desaf\u00edos del futuro.<\/p>\n<\/div><\/section><\/div><div  style='height:50px' class='hr hr-invisible   avia-builder-el-6  el_after_av_one_full  el_before_av_social_share '><span class='hr-inner ' ><span class='hr-inner-style'><\/span><\/span><\/div><\/p>\n<div  class='av-social-sharing-box  avia-builder-el-7  el_after_av_hr  el_before_av_hr  '><div class='av-share-box'><h5 class='av-share-link-description av-no-toc '>Compartir esta noticia<\/h5><ul class='av-share-box-list noLightbox'><li class='av-share-link av-social-link-facebook' ><a target=\"_blank\" aria-label=\"Compartir en Facebook\" href='https:\/\/www.facebook.com\/sharer.php?u=https:\/\/radiorevelacionfm.cl\/?p=63643&#038;t=Rector%20Lucas%20Palacios%20visit%C3%B3%20Ays%C3%A9n%20y%20reforz%C3%B3%20el%20compromiso%20de%20INACAP%20con%20el%20desarrollo%20del%20territorio' aria-hidden='false' data-av_icon='\ue8f3' data-av_iconfont='entypo-fontello' title='' data-avia-related-tooltip='Compartir en Facebook' rel=\"noopener\"><span class='avia_hidden_link_text'>Compartir en Facebook<\/span><\/a><\/li><li class='av-share-link av-social-link-twitter' ><a target=\"_blank\" aria-label=\"Compartir en Twitter\" href='https:\/\/twitter.com\/share?text=Rector%20Lucas%20Palacios%20visit%C3%B3%20Ays%C3%A9n%20y%20reforz%C3%B3%20el%20compromiso%20de%20INACAP%20con%20el%20desarrollo%20del%20territorio&#038;url=https:\/\/radiorevelacionfm.cl\/?p=63643' aria-hidden='false' data-av_icon='\ue8f1' data-av_iconfont='entypo-fontello' title='' data-avia-related-tooltip='Compartir en Twitter' rel=\"noopener\"><span class='avia_hidden_link_text'>Compartir en Twitter<\/span><\/a><\/li><li class='av-share-link av-social-link-whatsapp' ><a target=\"_blank\" aria-label=\"Compartir en Whatsapp\" href='https:\/\/api.whatsapp.com\/send?text=https:\/\/radiorevelacionfm.cl\/?p=63643' aria-hidden='false' data-av_icon='\uf232' data-av_iconfont='entypo-fontello' title='' data-avia-related-tooltip='Compartir en Whatsapp' rel=\"noopener\"><span class='avia_hidden_link_text'>Compartir en Whatsapp<\/span><\/a><\/li><li class='av-share-link av-social-link-linkedin' ><a target=\"_blank\" aria-label=\"Compartir en LinkedIn\" href='https:\/\/linkedin.com\/shareArticle?mini=true&#038;title=Rector%20Lucas%20Palacios%20visit%C3%B3%20Ays%C3%A9n%20y%20reforz%C3%B3%20el%20compromiso%20de%20INACAP%20con%20el%20desarrollo%20del%20territorio&#038;url=https:\/\/radiorevelacionfm.cl\/?p=63643' aria-hidden='false' data-av_icon='\ue8fc' data-av_iconfont='entypo-fontello' title='' data-avia-related-tooltip='Compartir en LinkedIn' rel=\"noopener\"><span class='avia_hidden_link_text'>Compartir en LinkedIn<\/span><\/a><\/li><li class='av-share-link av-social-link-mail' ><a  aria-label=\"Compartir por correo\" href='mailto:?subject=Rector%20Lucas%20Palacios%20visit%C3%B3%20Ays%C3%A9n%20y%20reforz%C3%B3%20el%20compromiso%20de%20INACAP%20con%20el%20desarrollo%20del%20territorio&#038;body=https:\/\/radiorevelacionfm.cl\/?p=63643' aria-hidden='false' data-av_icon='\ue805' data-av_iconfont='entypo-fontello' title='' data-avia-related-tooltip='Compartir por correo'><span class='avia_hidden_link_text'>Compartir por correo<\/span><\/a><\/li><\/ul><\/div><\/div>\n<div  style='height:50px' class='hr hr-invisible   avia-builder-el-8  el_after_av_social_share  el_before_av_comments_list '><span class='hr-inner ' ><span class='hr-inner-style'><\/span><\/span><\/div>\n<div  class='av-buildercomment  av-blog-meta-html-info-disabled av-blog-meta-tag-disabled  '><\/div>\n","protected":false},"excerpt":{"rendered":"","protected":false},"author":1,"featured_media":63644,"comment_status":"closed","ping_status":"closed","sticky":false,"template":"","format":"standard","meta":{"footnotes":""},"categories":[49],"tags":[],"class_list":["post-63643","post","type-post","status-publish","format-standard","has-post-thumbnail","hentry","category-educacion"],"jetpack_featured_media_url":"https:\/\/radiorevelacionfm.cl\/wp-content\/uploads\/2026\/01\/visita-rector-4-1_optimized.jpeg","_links":{"self":[{"href":"https:\/\/radiorevelacionfm.cl\/index.php?rest_route=\/wp\/v2\/posts\/63643","targetHints":{"allow":["GET"]}}],"collection":[{"href":"https:\/\/radiorevelacionfm.cl\/index.php?rest_route=\/wp\/v2\/posts"}],"about":[{"href":"https:\/\/radiorevelacionfm.cl\/index.php?rest_route=\/wp\/v2\/types\/post"}],"author":[{"embeddable":true,"href":"https:\/\/radiorevelacionfm.cl\/index.php?rest_route=\/wp\/v2\/users\/1"}],"replies":[{"embeddable":true,"href":"https:\/\/radiorevelacionfm.cl\/index.php?rest_route=%2Fwp%2Fv2%2Fcomments&post=63643"}],"version-history":[{"count":2,"href":"https:\/\/radiorevelacionfm.cl\/index.php?rest_route=\/wp\/v2\/posts\/63643\/revisions"}],"predecessor-version":[{"id":63646,"href":"https:\/\/radiorevelacionfm.cl\/index.php?rest_route=\/wp\/v2\/posts\/63643\/revisions\/63646"}],"wp:featuredmedia":[{"embeddable":true,"href":"https:\/\/radiorevelacionfm.cl\/index.php?rest_route=\/wp\/v2\/media\/63644"}],"wp:attachment":[{"href":"https:\/\/radiorevelacionfm.cl\/index.php?rest_route=%2Fwp%2Fv2%2Fmedia&parent=63643"}],"wp:term":[{"taxonomy":"category","embeddable":true,"href":"https:\/\/radiorevelacionfm.cl\/index.php?rest_route=%2Fwp%2Fv2%2Fcategories&post=63643"},{"taxonomy":"post_tag","embeddable":true,"href":"https:\/\/radiorevelacionfm.cl\/index.php?rest_route=%2Fwp%2Fv2%2Ftags&post=63643"}],"curies":[{"name":"wp","href":"https:\/\/api.w.org\/{rel}","templated":true}]}}