{"id":63631,"date":"2026-01-25T11:37:56","date_gmt":"2026-01-25T14:37:56","guid":{"rendered":"https:\/\/radiorevelacionfm.cl\/?p=63631"},"modified":"2026-01-25T11:37:56","modified_gmt":"2026-01-25T14:37:56","slug":"sandoval-destaca-rol-de-organizaciones-y-comunidades-en-historica-ley-de-envejecimiento-positivo","status":"publish","type":"post","link":"https:\/\/radiorevelacionfm.cl\/?p=63631","title":{"rendered":"Sandoval destaca rol de organizaciones y comunidades en hist\u00f3rica Ley de Envejecimiento Positivo"},"content":{"rendered":"<div class=\"flex_column av_one_full  flex_column_div av-zero-column-padding first  avia-builder-el-0  el_before_av_one_full  avia-builder-el-first  \" style='border-radius:0px; '><div  class='avia-image-container  av-styling-    avia-builder-el-1  avia-builder-el-no-sibling  avia-align-center '  itemprop=\"image\" itemscope=\"itemscope\" itemtype=\"https:\/\/schema.org\/ImageObject\"  ><div class='avia-image-container-inner'><div class='avia-image-overlay-wrap'><img decoding=\"async\" class='wp-image-63632 avia-img-lazy-loading-not-63632 avia_image' src=\"https:\/\/radiorevelacionfm.cl\/wp-content\/uploads\/2026\/01\/reconocimiento-a-organizaciones-1-1_optimized-1.jpg\" alt='' title='reconocimiento-a-organizaciones-(1)-(1)_optimized (1)' height=\"600\" width=\"900\"  itemprop=\"thumbnailUrl\" srcset=\"https:\/\/radiorevelacionfm.cl\/wp-content\/uploads\/2026\/01\/reconocimiento-a-organizaciones-1-1_optimized-1.jpg 900w, https:\/\/radiorevelacionfm.cl\/wp-content\/uploads\/2026\/01\/reconocimiento-a-organizaciones-1-1_optimized-1-300x200.jpg 300w, https:\/\/radiorevelacionfm.cl\/wp-content\/uploads\/2026\/01\/reconocimiento-a-organizaciones-1-1_optimized-1-768x512.jpg 768w, https:\/\/radiorevelacionfm.cl\/wp-content\/uploads\/2026\/01\/reconocimiento-a-organizaciones-1-1_optimized-1-705x470.jpg 705w, https:\/\/radiorevelacionfm.cl\/wp-content\/uploads\/2026\/01\/reconocimiento-a-organizaciones-1-1_optimized-1-450x300.jpg 450w, https:\/\/radiorevelacionfm.cl\/wp-content\/uploads\/2026\/01\/reconocimiento-a-organizaciones-1-1_optimized-1-600x400.jpg 600w\" sizes=\"(max-width: 900px) 100vw, 900px\" \/><\/div><\/div><\/div><\/div><div class=\"flex_column av_one_full  flex_column_div av-zero-column-padding first  avia-builder-el-2  el_after_av_one_full  el_before_av_one_full  column-top-margin\" style='border-radius:0px; '><section class=\"av_textblock_section \"  itemscope=\"itemscope\" itemtype=\"https:\/\/schema.org\/BlogPosting\" itemprop=\"blogPost\" ><div class='avia_textblock  '   itemprop=\"text\" ><p style=\"text-align: center;\"><span style=\"font-size: 18pt;\"><strong>Sandoval destaca rol de organizaciones y comunidades en hist\u00f3rica Ley de Envejecimiento Positivo<\/strong><\/span><\/p>\n<div id=\"gtx-trans\" style=\"position: absolute; left: -50px; top: 4.31534px;\">\n<div class=\"gtx-trans-icon\"><\/div>\n<\/div>\n<\/div><\/section><\/div><div class=\"flex_column av_one_full  flex_column_div av-zero-column-padding first  avia-builder-el-4  el_after_av_one_full  el_before_av_hr  column-top-margin\" style='border-radius:0px; '><section class=\"av_textblock_section \"  itemscope=\"itemscope\" itemtype=\"https:\/\/schema.org\/BlogPosting\" itemprop=\"blogPost\" ><div class='avia_textblock  '   itemprop=\"text\" ><p style=\"text-align: justify;\"><em>En los \u00faltimos d\u00edas, la comisi\u00f3n de Adulto Mayor entreg\u00f3 un reconocimiento a distintas instituciones que fueron parte del tr\u00e1mite de dicha iniciativa.<\/em><\/p>\n<p style=\"text-align: justify;\">En el marco de una ceremonia in\u00e9dita de reconocimiento al aporte de organizaciones sociales, dirigentes y entidades que participaron activamente en la tramitaci\u00f3n de la Ley de Envejecimiento Positivo, el senador David Sandoval valor\u00f3 el proceso participativo que dio origen a esta normativa, subrayando su impacto hist\u00f3rico y social.<\/p>\n<p style=\"text-align: justify;\">En la jornada, realizada en dependencias del Ex Congreso Nacional en Santiago, la comisi\u00f3n del Adulto Mayor del Senado reconoci\u00f3 a Hogar de Cristo, Fundaci\u00f3n Las Rosas, Pontificia Universidad Cat\u00f3lica de Chile, Universidad de Chile, Universidad Finis Terrae, la Uni\u00f3n Nacional de Pensionados (UNAP), la Alianza por la Defensor\u00eda de las Personas Mayores, Fundaci\u00f3n Revivir, la Mesa de Personas Mayores de Comunidad de Organizaciones Solidarias, Fundaci\u00f3n Conecta Mayor UC, la Sociedad de Geriatr\u00eda y Gerontolog\u00eda de Chile, Cajas de Chile, el Servicio Nacional del Adulto Mayor y la Asociaci\u00f3n de Municipalidades de Chile (AMUCh).<\/p>\n<p style=\"text-align: justify;\">\u00a0El parlamentario manifest\u00f3 su satisfacci\u00f3n por una ley construida desde las propias comunidades. \u201cContento porque hemos visto que esta ley, a diferencia quiz\u00e1s de muchas, se construyen con mucha sinton\u00eda con las propias comunidades (\u2026) en las intervenciones de los diferentes dirigentes, ellos se sienten parte de esto. Ellos son los que aportaron en sugerencias, en opiniones, y eso evidentemente nos tiene muy contentos\u201d, se\u00f1al\u00f3.<\/p>\n<p style=\"text-align: justify;\">En ese contexto, Sandoval recalc\u00f3 que la iniciativa, ingresada a tr\u00e1mite en el Congreso el a\u00f1o 2020 durante el Gobierno del ex presidente Sebasti\u00e1n Pi\u00f1era, posiciona a Chile como referente regional en materia de derechos y protecci\u00f3n de las personas mayores. \u201cEste es un proyecto que pone a Chile a la vanguardia en Am\u00e9rica Latina en materia de protecci\u00f3n, en materia de derechos y de c\u00f3mo se va a enfrentar no el problema del envejecimiento, sino este gran desaf\u00edo que significa el envejecimiento\u201d, subray\u00f3.<\/p>\n<p style=\"text-align: justify;\">Asimismo, destac\u00f3 el largo camino recorrido para alcanzar este consenso, recordando que se trata de un trabajo colectivo de a\u00f1os. \u201cLlegar a este punto lleva muchos a\u00f1os, siete a\u00f1os de tramitaci\u00f3n, pero para atr\u00e1s llevamos una historia de gente, parlamentarios, muchos que hoy d\u00eda no est\u00e1n en el Congreso, pero que fueron parte significativa del tema. Construimos espacios de di\u00e1logo que hoy se han transformado en comisiones permanentes\u201d, enfatizando que la ley representa un cambio estructural en la relaci\u00f3n del Estado con las personas mayores.<\/p>\n<p style=\"text-align: justify;\">\u201c\u00bfQu\u00e9 nos significa para nosotros? Bueno, es un cambio absoluto. Primero que nada, establece los deberes del Estado. Lo segundo, establece a los mayores una bater\u00eda enorme de derechos respecto de ser parte de esta sociedad\u201d.<\/p>\n<p style=\"text-align: justify;\">En esa l\u00ednea, relev\u00f3 la creaci\u00f3n de mecanismos efectivos de protecci\u00f3n y exigibilidad de derechos, valorando que la normativa saque el envejecimiento del voluntarismo y lo transforme en una pol\u00edtica de Estado. \u201cLa pol\u00edtica nacional apunta a sacar esto del voluntarismo y transformarlo en una norma de todos los gobiernos. Ese es el gran paso\u201d, puntualiz\u00f3.<\/p>\n<p style=\"text-align: justify;\">Finalmente, Sandoval subray\u00f3 el sentido profundo de esta ley y la necesidad de seguir avanzando. \u201cTodos los chilenos, independiente de la condici\u00f3n, de la edad o de donde vivan, son parte fundamental para el desarrollo que quiere nuestro pa\u00eds\u201d.<\/p>\n<p style=\"text-align: justify;\">El senador cerr\u00f3 agradeciendo el compromiso de quienes participaron en el proceso legislativo, destacando que esta ley es fruto del trabajo colectivo de la comunidad de personas mayores y un punto de partida para nuevos desaf\u00edos en inclusi\u00f3n, participaci\u00f3n y desarrollo.<\/p>\n<\/div><\/section><\/div><div  style='height:50px' class='hr hr-invisible   avia-builder-el-6  el_after_av_one_full  el_before_av_social_share '><span class='hr-inner ' ><span class='hr-inner-style'><\/span><\/span><\/div><\/p>\n<div  class='av-social-sharing-box  avia-builder-el-7  el_after_av_hr  el_before_av_hr  '><div class='av-share-box'><h5 class='av-share-link-description av-no-toc '>Compartir esta noticia<\/h5><ul class='av-share-box-list noLightbox'><li class='av-share-link av-social-link-facebook' ><a target=\"_blank\" aria-label=\"Compartir en Facebook\" href='https:\/\/www.facebook.com\/sharer.php?u=https:\/\/radiorevelacionfm.cl\/?p=63631&#038;t=Sandoval%20destaca%20rol%20de%20organizaciones%20y%20comunidades%20en%20hist%C3%B3rica%20Ley%20de%20Envejecimiento%20Positivo' aria-hidden='false' data-av_icon='\ue8f3' data-av_iconfont='entypo-fontello' title='' data-avia-related-tooltip='Compartir en Facebook' rel=\"noopener\"><span class='avia_hidden_link_text'>Compartir en Facebook<\/span><\/a><\/li><li class='av-share-link av-social-link-twitter' ><a target=\"_blank\" aria-label=\"Compartir en Twitter\" href='https:\/\/twitter.com\/share?text=Sandoval%20destaca%20rol%20de%20organizaciones%20y%20comunidades%20en%20hist%C3%B3rica%20Ley%20de%20Envejecimiento%20Positivo&#038;url=https:\/\/radiorevelacionfm.cl\/?p=63631' aria-hidden='false' data-av_icon='\ue8f1' data-av_iconfont='entypo-fontello' title='' data-avia-related-tooltip='Compartir en Twitter' rel=\"noopener\"><span class='avia_hidden_link_text'>Compartir en Twitter<\/span><\/a><\/li><li class='av-share-link av-social-link-whatsapp' ><a target=\"_blank\" aria-label=\"Compartir en Whatsapp\" href='https:\/\/api.whatsapp.com\/send?text=https:\/\/radiorevelacionfm.cl\/?p=63631' aria-hidden='false' data-av_icon='\uf232' data-av_iconfont='entypo-fontello' title='' data-avia-related-tooltip='Compartir en Whatsapp' rel=\"noopener\"><span class='avia_hidden_link_text'>Compartir en Whatsapp<\/span><\/a><\/li><li class='av-share-link av-social-link-linkedin' ><a target=\"_blank\" aria-label=\"Compartir en LinkedIn\" href='https:\/\/linkedin.com\/shareArticle?mini=true&#038;title=Sandoval%20destaca%20rol%20de%20organizaciones%20y%20comunidades%20en%20hist%C3%B3rica%20Ley%20de%20Envejecimiento%20Positivo&#038;url=https:\/\/radiorevelacionfm.cl\/?p=63631' aria-hidden='false' data-av_icon='\ue8fc' data-av_iconfont='entypo-fontello' title='' data-avia-related-tooltip='Compartir en LinkedIn' rel=\"noopener\"><span class='avia_hidden_link_text'>Compartir en LinkedIn<\/span><\/a><\/li><li class='av-share-link av-social-link-mail' ><a  aria-label=\"Compartir por correo\" href='mailto:?subject=Sandoval%20destaca%20rol%20de%20organizaciones%20y%20comunidades%20en%20hist%C3%B3rica%20Ley%20de%20Envejecimiento%20Positivo&#038;body=https:\/\/radiorevelacionfm.cl\/?p=63631' aria-hidden='false' data-av_icon='\ue805' data-av_iconfont='entypo-fontello' title='' data-avia-related-tooltip='Compartir por correo'><span class='avia_hidden_link_text'>Compartir por correo<\/span><\/a><\/li><\/ul><\/div><\/div>\n<div  style='height:50px' class='hr hr-invisible   avia-builder-el-8  el_after_av_social_share  el_before_av_comments_list '><span class='hr-inner ' ><span class='hr-inner-style'><\/span><\/span><\/div>\n<div  class='av-buildercomment  av-blog-meta-html-info-disabled av-blog-meta-tag-disabled  '><\/div>\n","protected":false},"excerpt":{"rendered":"","protected":false},"author":1,"featured_media":63632,"comment_status":"closed","ping_status":"closed","sticky":false,"template":"","format":"standard","meta":{"footnotes":""},"categories":[35],"tags":[],"class_list":["post-63631","post","type-post","status-publish","format-standard","has-post-thumbnail","hentry","category-politica"],"jetpack_featured_media_url":"https:\/\/radiorevelacionfm.cl\/wp-content\/uploads\/2026\/01\/reconocimiento-a-organizaciones-1-1_optimized-1.jpg","_links":{"self":[{"href":"https:\/\/radiorevelacionfm.cl\/index.php?rest_route=\/wp\/v2\/posts\/63631","targetHints":{"allow":["GET"]}}],"collection":[{"href":"https:\/\/radiorevelacionfm.cl\/index.php?rest_route=\/wp\/v2\/posts"}],"about":[{"href":"https:\/\/radiorevelacionfm.cl\/index.php?rest_route=\/wp\/v2\/types\/post"}],"author":[{"embeddable":true,"href":"https:\/\/radiorevelacionfm.cl\/index.php?rest_route=\/wp\/v2\/users\/1"}],"replies":[{"embeddable":true,"href":"https:\/\/radiorevelacionfm.cl\/index.php?rest_route=%2Fwp%2Fv2%2Fcomments&post=63631"}],"version-history":[{"count":2,"href":"https:\/\/radiorevelacionfm.cl\/index.php?rest_route=\/wp\/v2\/posts\/63631\/revisions"}],"predecessor-version":[{"id":63634,"href":"https:\/\/radiorevelacionfm.cl\/index.php?rest_route=\/wp\/v2\/posts\/63631\/revisions\/63634"}],"wp:featuredmedia":[{"embeddable":true,"href":"https:\/\/radiorevelacionfm.cl\/index.php?rest_route=\/wp\/v2\/media\/63632"}],"wp:attachment":[{"href":"https:\/\/radiorevelacionfm.cl\/index.php?rest_route=%2Fwp%2Fv2%2Fmedia&parent=63631"}],"wp:term":[{"taxonomy":"category","embeddable":true,"href":"https:\/\/radiorevelacionfm.cl\/index.php?rest_route=%2Fwp%2Fv2%2Fcategories&post=63631"},{"taxonomy":"post_tag","embeddable":true,"href":"https:\/\/radiorevelacionfm.cl\/index.php?rest_route=%2Fwp%2Fv2%2Ftags&post=63631"}],"curies":[{"name":"wp","href":"https:\/\/api.w.org\/{rel}","templated":true}]}}