{"id":63626,"date":"2026-01-24T21:46:25","date_gmt":"2026-01-25T00:46:25","guid":{"rendered":"https:\/\/radiorevelacionfm.cl\/?p=63626"},"modified":"2026-01-24T21:46:25","modified_gmt":"2026-01-25T00:46:25","slug":"conaf-aysen-informa-hallazgo-de-huemul-muerto-en-parque-nacional-patagonia","status":"publish","type":"post","link":"https:\/\/radiorevelacionfm.cl\/?p=63626","title":{"rendered":"Conaf Ays\u00e9n informa hallazgo de huemul muerto en Parque Nacional Patagonia"},"content":{"rendered":"<div class=\"flex_column av_one_full  flex_column_div av-zero-column-padding first  avia-builder-el-0  el_before_av_one_full  avia-builder-el-first  \" style='border-radius:0px; '><div  class='avia-image-container  av-styling-    avia-builder-el-1  avia-builder-el-no-sibling  avia-align-center '  itemprop=\"image\" itemscope=\"itemscope\" itemtype=\"https:\/\/schema.org\/ImageObject\"  ><div class='avia-image-container-inner'><div class='avia-image-overlay-wrap'><img decoding=\"async\" class='wp-image-63628 avia-img-lazy-loading-not-63628 avia_image' src=\"https:\/\/radiorevelacionfm.cl\/wp-content\/uploads\/2026\/01\/CONAF-protege-la-fauna-en-Areas-Protegidas-3-696x392-Photoroom-2-1.jpg\" alt='' title='CONAF-protege-la-fauna-en-Areas-Protegidas-3-696x392-Photoroom (2) (1)' height=\"600\" width=\"1065\"  itemprop=\"thumbnailUrl\" srcset=\"https:\/\/radiorevelacionfm.cl\/wp-content\/uploads\/2026\/01\/CONAF-protege-la-fauna-en-Areas-Protegidas-3-696x392-Photoroom-2-1.jpg 1065w, https:\/\/radiorevelacionfm.cl\/wp-content\/uploads\/2026\/01\/CONAF-protege-la-fauna-en-Areas-Protegidas-3-696x392-Photoroom-2-1-300x169.jpg 300w, https:\/\/radiorevelacionfm.cl\/wp-content\/uploads\/2026\/01\/CONAF-protege-la-fauna-en-Areas-Protegidas-3-696x392-Photoroom-2-1-1030x580.jpg 1030w, https:\/\/radiorevelacionfm.cl\/wp-content\/uploads\/2026\/01\/CONAF-protege-la-fauna-en-Areas-Protegidas-3-696x392-Photoroom-2-1-768x433.jpg 768w, https:\/\/radiorevelacionfm.cl\/wp-content\/uploads\/2026\/01\/CONAF-protege-la-fauna-en-Areas-Protegidas-3-696x392-Photoroom-2-1-705x397.jpg 705w, https:\/\/radiorevelacionfm.cl\/wp-content\/uploads\/2026\/01\/CONAF-protege-la-fauna-en-Areas-Protegidas-3-696x392-Photoroom-2-1-450x254.jpg 450w, https:\/\/radiorevelacionfm.cl\/wp-content\/uploads\/2026\/01\/CONAF-protege-la-fauna-en-Areas-Protegidas-3-696x392-Photoroom-2-1-600x338.jpg 600w\" sizes=\"(max-width: 1065px) 100vw, 1065px\" \/><\/div><\/div><\/div><\/div><div class=\"flex_column av_one_full  flex_column_div av-zero-column-padding first  avia-builder-el-2  el_after_av_one_full  el_before_av_one_full  column-top-margin\" style='border-radius:0px; '><section class=\"av_textblock_section \"  itemscope=\"itemscope\" itemtype=\"https:\/\/schema.org\/BlogPosting\" itemprop=\"blogPost\" ><div class='avia_textblock  '   itemprop=\"text\" ><p style=\"text-align: center;\"><strong><span style=\"font-size: 18pt;\">Conaf Ays\u00e9n informa hallazgo de huemul muerto en Parque Nacional Patagonia<\/span><\/strong><\/p>\n<div id=\"gtx-trans\" style=\"position: absolute; left: -50px; top: 4.31534px;\">\n<div class=\"gtx-trans-icon\"><\/div>\n<\/div>\n<\/div><\/section><\/div><div class=\"flex_column av_one_full  flex_column_div av-zero-column-padding first  avia-builder-el-4  el_after_av_one_full  el_before_av_hr  column-top-margin\" style='border-radius:0px; '><section class=\"av_textblock_section \"  itemscope=\"itemscope\" itemtype=\"https:\/\/schema.org\/BlogPosting\" itemprop=\"blogPost\" ><div class='avia_textblock  '   itemprop=\"text\" ><p style=\"text-align: justify;\">El hecho ocurri\u00f3 en el sector Valle Chacabuco, donde se ha constatado el ingreso ilegal de ganado bovino y la presencia de perros asociados a actividades ganaderas. La Corporaci\u00f3n realiz\u00f3 las denuncias correspondientes y coordina acciones con otros organismos para el seguimiento del caso.<\/p>\n<p style=\"text-align: justify;\">La Corporaci\u00f3n Nacional Forestal (CONAF) Ays\u00e9n inform\u00f3 que, en enero de 2026, se registr\u00f3 el lamentable hallazgo de un huemul muerto al interior del Parque Nacional Patagonia, espec\u00edficamente en el sector Valle Chacabuco, comuna de Chile Chico.<\/p>\n<p style=\"text-align: justify;\">De acuerdo con los antecedentes recopilados por personal de CONAF en el \u00e1rea protegida, el ejemplar \u2014una cr\u00eda de huemul\u2014 fue encontrado en un sector donde se ha verificado el ingreso ilegal de ganado bovino y la presencia de perros asociados a actividades ganaderas, situaci\u00f3n que representa un riesgo para la fauna nativa del parque. La evidencia disponible indica que la cr\u00eda habr\u00eda sido atacada por perros.<\/p>\n<p style=\"text-align: justify;\">El hallazgo fue reportado y posteriormente corroborado por la administraci\u00f3n del parque, activ\u00e1ndose de inmediato los protocolos internos correspondientes para el resguardo del \u00e1rea y la recopilaci\u00f3n de antecedentes.<\/p>\n<p style=\"text-align: justify;\">Ante estos hechos, CONAF Ays\u00e9n realiz\u00f3 las denuncias correspondientes ante los organismos competentes, incluyendo el Servicio Agr\u00edcola y Ganadero (SAG), con el fin de efectuar el seguimiento del caso y adoptar las medidas que correspondan, as\u00ed como ante el Ministerio P\u00fablico, para que se investiguen eventuales responsabilidades asociadas a la muerte del ejemplar.<\/p>\n<p style=\"text-align: justify;\">Asimismo, la Corporaci\u00f3n se encuentra coordinando acciones con otras instituciones para el seguimiento del caso y el resguardo de la fauna nativa. En este contexto, se instruy\u00f3 evaluar medidas para el retiro del ganado bovino desde el interior del parque, en coordinaci\u00f3n con Carabineros de Chile, a fin de contactar a los propietarios y evitar nuevas situaciones de riesgo.<\/p>\n<p style=\"text-align: justify;\">CONAF Ays\u00e9n reitera su compromiso con la protecci\u00f3n de la fauna nativa y la conservaci\u00f3n de las \u00c1reas Protegidas del pa\u00eds, y continuar\u00e1 desarrollando las gestiones necesarias para esclarecer este hecho y prevenir situaciones similares.<\/p>\n<\/div><\/section><\/div><div  style='height:50px' class='hr hr-invisible   avia-builder-el-6  el_after_av_one_full  el_before_av_social_share '><span class='hr-inner ' ><span class='hr-inner-style'><\/span><\/span><\/div><\/p>\n<div  class='av-social-sharing-box  avia-builder-el-7  el_after_av_hr  el_before_av_hr  '><div class='av-share-box'><h5 class='av-share-link-description av-no-toc '>Compartir esta noticia<\/h5><ul class='av-share-box-list noLightbox'><li class='av-share-link av-social-link-facebook' ><a target=\"_blank\" aria-label=\"Compartir en Facebook\" href='https:\/\/www.facebook.com\/sharer.php?u=https:\/\/radiorevelacionfm.cl\/?p=63626&#038;t=Conaf%20Ays%C3%A9n%20informa%20hallazgo%20de%20huemul%20muerto%20en%20Parque%20Nacional%20Patagonia' aria-hidden='false' data-av_icon='\ue8f3' data-av_iconfont='entypo-fontello' title='' data-avia-related-tooltip='Compartir en Facebook' rel=\"noopener\"><span class='avia_hidden_link_text'>Compartir en Facebook<\/span><\/a><\/li><li class='av-share-link av-social-link-twitter' ><a target=\"_blank\" aria-label=\"Compartir en Twitter\" href='https:\/\/twitter.com\/share?text=Conaf%20Ays%C3%A9n%20informa%20hallazgo%20de%20huemul%20muerto%20en%20Parque%20Nacional%20Patagonia&#038;url=https:\/\/radiorevelacionfm.cl\/?p=63626' aria-hidden='false' data-av_icon='\ue8f1' data-av_iconfont='entypo-fontello' title='' data-avia-related-tooltip='Compartir en Twitter' rel=\"noopener\"><span class='avia_hidden_link_text'>Compartir en Twitter<\/span><\/a><\/li><li class='av-share-link av-social-link-whatsapp' ><a target=\"_blank\" aria-label=\"Compartir en Whatsapp\" href='https:\/\/api.whatsapp.com\/send?text=https:\/\/radiorevelacionfm.cl\/?p=63626' aria-hidden='false' data-av_icon='\uf232' data-av_iconfont='entypo-fontello' title='' data-avia-related-tooltip='Compartir en Whatsapp' rel=\"noopener\"><span class='avia_hidden_link_text'>Compartir en Whatsapp<\/span><\/a><\/li><li class='av-share-link av-social-link-linkedin' ><a target=\"_blank\" aria-label=\"Compartir en LinkedIn\" href='https:\/\/linkedin.com\/shareArticle?mini=true&#038;title=Conaf%20Ays%C3%A9n%20informa%20hallazgo%20de%20huemul%20muerto%20en%20Parque%20Nacional%20Patagonia&#038;url=https:\/\/radiorevelacionfm.cl\/?p=63626' aria-hidden='false' data-av_icon='\ue8fc' data-av_iconfont='entypo-fontello' title='' data-avia-related-tooltip='Compartir en LinkedIn' rel=\"noopener\"><span class='avia_hidden_link_text'>Compartir en LinkedIn<\/span><\/a><\/li><li class='av-share-link av-social-link-mail' ><a  aria-label=\"Compartir por correo\" href='mailto:?subject=Conaf%20Ays%C3%A9n%20informa%20hallazgo%20de%20huemul%20muerto%20en%20Parque%20Nacional%20Patagonia&#038;body=https:\/\/radiorevelacionfm.cl\/?p=63626' aria-hidden='false' data-av_icon='\ue805' data-av_iconfont='entypo-fontello' title='' data-avia-related-tooltip='Compartir por correo'><span class='avia_hidden_link_text'>Compartir por correo<\/span><\/a><\/li><\/ul><\/div><\/div>\n<div  style='height:50px' class='hr hr-invisible   avia-builder-el-8  el_after_av_social_share  el_before_av_comments_list '><span class='hr-inner ' ><span class='hr-inner-style'><\/span><\/span><\/div>\n<div  class='av-buildercomment  av-blog-meta-html-info-disabled av-blog-meta-tag-disabled  '><\/div>\n","protected":false},"excerpt":{"rendered":"","protected":false},"author":1,"featured_media":63628,"comment_status":"closed","ping_status":"closed","sticky":false,"template":"","format":"standard","meta":{"footnotes":""},"categories":[38],"tags":[],"class_list":["post-63626","post","type-post","status-publish","format-standard","has-post-thumbnail","hentry","category-regional"],"jetpack_featured_media_url":"https:\/\/radiorevelacionfm.cl\/wp-content\/uploads\/2026\/01\/CONAF-protege-la-fauna-en-Areas-Protegidas-3-696x392-Photoroom-2-1.jpg","_links":{"self":[{"href":"https:\/\/radiorevelacionfm.cl\/index.php?rest_route=\/wp\/v2\/posts\/63626","targetHints":{"allow":["GET"]}}],"collection":[{"href":"https:\/\/radiorevelacionfm.cl\/index.php?rest_route=\/wp\/v2\/posts"}],"about":[{"href":"https:\/\/radiorevelacionfm.cl\/index.php?rest_route=\/wp\/v2\/types\/post"}],"author":[{"embeddable":true,"href":"https:\/\/radiorevelacionfm.cl\/index.php?rest_route=\/wp\/v2\/users\/1"}],"replies":[{"embeddable":true,"href":"https:\/\/radiorevelacionfm.cl\/index.php?rest_route=%2Fwp%2Fv2%2Fcomments&post=63626"}],"version-history":[{"count":2,"href":"https:\/\/radiorevelacionfm.cl\/index.php?rest_route=\/wp\/v2\/posts\/63626\/revisions"}],"predecessor-version":[{"id":63630,"href":"https:\/\/radiorevelacionfm.cl\/index.php?rest_route=\/wp\/v2\/posts\/63626\/revisions\/63630"}],"wp:featuredmedia":[{"embeddable":true,"href":"https:\/\/radiorevelacionfm.cl\/index.php?rest_route=\/wp\/v2\/media\/63628"}],"wp:attachment":[{"href":"https:\/\/radiorevelacionfm.cl\/index.php?rest_route=%2Fwp%2Fv2%2Fmedia&parent=63626"}],"wp:term":[{"taxonomy":"category","embeddable":true,"href":"https:\/\/radiorevelacionfm.cl\/index.php?rest_route=%2Fwp%2Fv2%2Fcategories&post=63626"},{"taxonomy":"post_tag","embeddable":true,"href":"https:\/\/radiorevelacionfm.cl\/index.php?rest_route=%2Fwp%2Fv2%2Ftags&post=63626"}],"curies":[{"name":"wp","href":"https:\/\/api.w.org\/{rel}","templated":true}]}}