{"id":63622,"date":"2026-01-24T19:21:16","date_gmt":"2026-01-24T22:21:16","guid":{"rendered":"https:\/\/radiorevelacionfm.cl\/?p=63622"},"modified":"2026-01-24T19:21:16","modified_gmt":"2026-01-24T22:21:16","slug":"universidad-de-aysen-abre-periodo-de-repostulaciones-para-la-admision-2026","status":"publish","type":"post","link":"https:\/\/radiorevelacionfm.cl\/?p=63622","title":{"rendered":"Universidad de Ays\u00e9n abre per\u00edodo de repostulaciones para la Admisi\u00f3n 2026"},"content":{"rendered":"<div class=\"flex_column av_one_full  flex_column_div av-zero-column-padding first  avia-builder-el-0  el_before_av_one_full  avia-builder-el-first  \" style='border-radius:0px; '><div  class='avia-image-container  av-styling-    avia-builder-el-1  avia-builder-el-no-sibling  avia-align-center '  itemprop=\"image\" itemscope=\"itemscope\" itemtype=\"https:\/\/schema.org\/ImageObject\"  ><div class='avia-image-container-inner'><div class='avia-image-overlay-wrap'><img decoding=\"async\" class='wp-image-63623 avia-img-lazy-loading-not-63623 avia_image' src=\"https:\/\/radiorevelacionfm.cl\/wp-content\/uploads\/2026\/01\/DSC03309-1-1.jpg\" alt='' title='DSC03309 (1) (1)' height=\"600\" width=\"898\"  itemprop=\"thumbnailUrl\" srcset=\"https:\/\/radiorevelacionfm.cl\/wp-content\/uploads\/2026\/01\/DSC03309-1-1.jpg 898w, https:\/\/radiorevelacionfm.cl\/wp-content\/uploads\/2026\/01\/DSC03309-1-1-300x200.jpg 300w, https:\/\/radiorevelacionfm.cl\/wp-content\/uploads\/2026\/01\/DSC03309-1-1-768x513.jpg 768w, https:\/\/radiorevelacionfm.cl\/wp-content\/uploads\/2026\/01\/DSC03309-1-1-705x471.jpg 705w, https:\/\/radiorevelacionfm.cl\/wp-content\/uploads\/2026\/01\/DSC03309-1-1-450x301.jpg 450w, https:\/\/radiorevelacionfm.cl\/wp-content\/uploads\/2026\/01\/DSC03309-1-1-600x401.jpg 600w\" sizes=\"(max-width: 898px) 100vw, 898px\" \/><\/div><\/div><\/div><\/div><div class=\"flex_column av_one_full  flex_column_div av-zero-column-padding first  avia-builder-el-2  el_after_av_one_full  el_before_av_one_full  column-top-margin\" style='border-radius:0px; '><section class=\"av_textblock_section \"  itemscope=\"itemscope\" itemtype=\"https:\/\/schema.org\/BlogPosting\" itemprop=\"blogPost\" ><div class='avia_textblock  '   itemprop=\"text\" ><p style=\"text-align: center;\"><strong><span style=\"font-size: 18pt;\">Universidad de Ays\u00e9n abre per\u00edodo de repostulaciones para la<\/span> <span style=\"font-size: 18pt;\">Admisi\u00f3n<\/span><span style=\"font-size: 18pt;\"> 2026<\/span><\/strong><\/p>\n<div id=\"gtx-trans\" style=\"position: absolute; left: -50px; top: 4.31534px;\">\n<div class=\"gtx-trans-icon\"><\/div>\n<\/div>\n<\/div><\/section><\/div><div class=\"flex_column av_one_full  flex_column_div av-zero-column-padding first  avia-builder-el-4  el_after_av_one_full  el_before_av_hr  column-top-margin\" style='border-radius:0px; '><section class=\"av_textblock_section \"  itemscope=\"itemscope\" itemtype=\"https:\/\/schema.org\/BlogPosting\" itemprop=\"blogPost\" ><div class='avia_textblock  '   itemprop=\"text\" ><div>\n<ul>\n<li dir=\"ltr\">\n<p dir=\"ltr\" style=\"text-align: justify;\" role=\"presentation\"><em>El proceso extraordinario permite postular a vacantes disponibles en Administraci\u00f3n P\u00fablica, Ingenier\u00eda Comercial, Ingenier\u00eda Civil en Energ\u00edas Renovables, Ingenier\u00eda Forestal, Agronom\u00eda y Trabajo Social, de manera online o presencial, y est\u00e1 dirigido a quienes no postularon previamente o no resultaron seleccionados en la etapa regular.<\/em><\/p>\n<\/li>\n<\/ul>\n<p dir=\"ltr\" style=\"text-align: justify;\">La Universidad de Ays\u00e9n abri\u00f3 su per\u00edodo de repostulaciones para la Admisi\u00f3n 2026, un proceso extraordinario de postulaci\u00f3n directa que se realiza posterior a la primera etapa de matr\u00edculas, y que busca cubrir las vacantes restantes en algunas de sus carreras de pregrado.<\/p>\n<p dir=\"ltr\" style=\"text-align: justify;\">Las repostulaciones se desarrollan de forma online, directamente a trav\u00e9s del sitio web institucional\u00a0<a href=\"http:\/\/uaysen.cl\/\" target=\"_blank\" rel=\"noopener\" data-saferedirecturl=\"https:\/\/www.google.com\/url?q=http:\/\/uaysen.cl&amp;source=gmail&amp;ust=1769354569115000&amp;usg=AOvVaw0k_hTlI9haNu-27aspQM-X\">uaysen.cl<\/a>, y tambi\u00e9n de manera presencial en las dependencias del Campus Lillo, ubicado en calle Eusebio Lillo 667, en Coyhaique, entre las 09:00 y las 18:00 horas. Este mecanismo permite el ingreso de personas que no fueron seleccionadas en el proceso regular o que no postularon previamente, siempre que cumplan con los requisitos m\u00ednimos establecidos y no se encuentren matriculadas en otra instituci\u00f3n del sistema.<\/p>\n<p style=\"text-align: justify;\"><span id=\"m_697888648388972864gmail-docs-internal-guid-c7d17893-7fff-2e01-ecf7-ee859af5606c\">Al respecto, David V\u00e1squez, coordinador de Admisi\u00f3n de la Universidad de Ays\u00e9n, realiz\u00f3 un llamado a las y los j\u00f3venes de la regi\u00f3n y del pa\u00eds a repostular a la casa de estudios regional. \u201cSi no postulaste en el mes de enero porque quiz\u00e1s quer\u00edas tomarte el a\u00f1o, quer\u00edas hacer el servicio, o te arrepentiste simplemente y ahora s\u00ed quieres estudiar, o bien postulaste en alguna preferencia o universidad en donde no te puedes ir y todav\u00eda tienes el puntaje vigente incluso del a\u00f1o 2025, son algunas de las razones por las cuales podr\u00edas repostular a la Universidad de Ays\u00e9n. El proceso est\u00e1 abierto y puedes completar el link en la p\u00e1gina web de la universidad<a href=\"http:\/\/www.uaysen.cl\/\" target=\"_blank\" rel=\"noopener\" data-saferedirecturl=\"https:\/\/www.google.com\/url?q=http:\/\/www.uaysen.cl&amp;source=gmail&amp;ust=1769354569115000&amp;usg=AOvVaw0MSR7J5StvbxksJcgVsZo5\">\u00a0www.uaysen.cl<\/a>. \u00bfQu\u00e9 carreras tenemos disponibles? Administraci\u00f3n P\u00fablica, Ingenier\u00eda Comercial, Ingenier\u00eda Civil en Energ\u00edas Renovables, Ingenier\u00eda Forestal, Agronom\u00eda y Trabajo Social. Solo debes haber rendido la prueba PAES el a\u00f1o 2025 o el a\u00f1o 2024 y tener un puntaje que te permita ingresar a estas carreras. Si tienes m\u00e1s dudas tambi\u00e9n nos puedes contactar a nuestro WhatsApp + 569-3933-2051\u201d.<\/span><\/p>\n<\/div>\n<div style=\"text-align: justify;\"><\/div>\n<\/div><\/section><\/div><div  style='height:50px' class='hr hr-invisible   avia-builder-el-6  el_after_av_one_full  el_before_av_social_share '><span class='hr-inner ' ><span class='hr-inner-style'><\/span><\/span><\/div><\/p>\n<div  class='av-social-sharing-box  avia-builder-el-7  el_after_av_hr  el_before_av_hr  '><div class='av-share-box'><h5 class='av-share-link-description av-no-toc '>Compartir esta noticia<\/h5><ul class='av-share-box-list noLightbox'><li class='av-share-link av-social-link-facebook' ><a target=\"_blank\" aria-label=\"Compartir en Facebook\" href='https:\/\/www.facebook.com\/sharer.php?u=https:\/\/radiorevelacionfm.cl\/?p=63622&#038;t=Universidad%20de%20Ays%C3%A9n%20abre%20per%C3%ADodo%20de%20repostulaciones%20para%20la%20Admisi%C3%B3n%202026' aria-hidden='false' data-av_icon='\ue8f3' data-av_iconfont='entypo-fontello' title='' data-avia-related-tooltip='Compartir en Facebook' rel=\"noopener\"><span class='avia_hidden_link_text'>Compartir en Facebook<\/span><\/a><\/li><li class='av-share-link av-social-link-twitter' ><a target=\"_blank\" aria-label=\"Compartir en Twitter\" href='https:\/\/twitter.com\/share?text=Universidad%20de%20Ays%C3%A9n%20abre%20per%C3%ADodo%20de%20repostulaciones%20para%20la%20Admisi%C3%B3n%202026&#038;url=https:\/\/radiorevelacionfm.cl\/?p=63622' aria-hidden='false' data-av_icon='\ue8f1' data-av_iconfont='entypo-fontello' title='' data-avia-related-tooltip='Compartir en Twitter' rel=\"noopener\"><span class='avia_hidden_link_text'>Compartir en Twitter<\/span><\/a><\/li><li class='av-share-link av-social-link-whatsapp' ><a target=\"_blank\" aria-label=\"Compartir en Whatsapp\" href='https:\/\/api.whatsapp.com\/send?text=https:\/\/radiorevelacionfm.cl\/?p=63622' aria-hidden='false' data-av_icon='\uf232' data-av_iconfont='entypo-fontello' title='' data-avia-related-tooltip='Compartir en Whatsapp' rel=\"noopener\"><span class='avia_hidden_link_text'>Compartir en Whatsapp<\/span><\/a><\/li><li class='av-share-link av-social-link-linkedin' ><a target=\"_blank\" aria-label=\"Compartir en LinkedIn\" href='https:\/\/linkedin.com\/shareArticle?mini=true&#038;title=Universidad%20de%20Ays%C3%A9n%20abre%20per%C3%ADodo%20de%20repostulaciones%20para%20la%20Admisi%C3%B3n%202026&#038;url=https:\/\/radiorevelacionfm.cl\/?p=63622' aria-hidden='false' data-av_icon='\ue8fc' data-av_iconfont='entypo-fontello' title='' data-avia-related-tooltip='Compartir en LinkedIn' rel=\"noopener\"><span class='avia_hidden_link_text'>Compartir en LinkedIn<\/span><\/a><\/li><li class='av-share-link av-social-link-mail' ><a  aria-label=\"Compartir por correo\" href='mailto:?subject=Universidad%20de%20Ays%C3%A9n%20abre%20per%C3%ADodo%20de%20repostulaciones%20para%20la%20Admisi%C3%B3n%202026&#038;body=https:\/\/radiorevelacionfm.cl\/?p=63622' aria-hidden='false' data-av_icon='\ue805' data-av_iconfont='entypo-fontello' title='' data-avia-related-tooltip='Compartir por correo'><span class='avia_hidden_link_text'>Compartir por correo<\/span><\/a><\/li><\/ul><\/div><\/div>\n<div  style='height:50px' class='hr hr-invisible   avia-builder-el-8  el_after_av_social_share  el_before_av_comments_list '><span class='hr-inner ' ><span class='hr-inner-style'><\/span><\/span><\/div>\n<div  class='av-buildercomment  av-blog-meta-html-info-disabled av-blog-meta-tag-disabled  '><\/div>\n","protected":false},"excerpt":{"rendered":"","protected":false},"author":1,"featured_media":63623,"comment_status":"closed","ping_status":"closed","sticky":false,"template":"","format":"standard","meta":{"footnotes":""},"categories":[49],"tags":[],"class_list":["post-63622","post","type-post","status-publish","format-standard","has-post-thumbnail","hentry","category-educacion"],"jetpack_featured_media_url":"https:\/\/radiorevelacionfm.cl\/wp-content\/uploads\/2026\/01\/DSC03309-1-1.jpg","_links":{"self":[{"href":"https:\/\/radiorevelacionfm.cl\/index.php?rest_route=\/wp\/v2\/posts\/63622","targetHints":{"allow":["GET"]}}],"collection":[{"href":"https:\/\/radiorevelacionfm.cl\/index.php?rest_route=\/wp\/v2\/posts"}],"about":[{"href":"https:\/\/radiorevelacionfm.cl\/index.php?rest_route=\/wp\/v2\/types\/post"}],"author":[{"embeddable":true,"href":"https:\/\/radiorevelacionfm.cl\/index.php?rest_route=\/wp\/v2\/users\/1"}],"replies":[{"embeddable":true,"href":"https:\/\/radiorevelacionfm.cl\/index.php?rest_route=%2Fwp%2Fv2%2Fcomments&post=63622"}],"version-history":[{"count":2,"href":"https:\/\/radiorevelacionfm.cl\/index.php?rest_route=\/wp\/v2\/posts\/63622\/revisions"}],"predecessor-version":[{"id":63625,"href":"https:\/\/radiorevelacionfm.cl\/index.php?rest_route=\/wp\/v2\/posts\/63622\/revisions\/63625"}],"wp:featuredmedia":[{"embeddable":true,"href":"https:\/\/radiorevelacionfm.cl\/index.php?rest_route=\/wp\/v2\/media\/63623"}],"wp:attachment":[{"href":"https:\/\/radiorevelacionfm.cl\/index.php?rest_route=%2Fwp%2Fv2%2Fmedia&parent=63622"}],"wp:term":[{"taxonomy":"category","embeddable":true,"href":"https:\/\/radiorevelacionfm.cl\/index.php?rest_route=%2Fwp%2Fv2%2Fcategories&post=63622"},{"taxonomy":"post_tag","embeddable":true,"href":"https:\/\/radiorevelacionfm.cl\/index.php?rest_route=%2Fwp%2Fv2%2Ftags&post=63622"}],"curies":[{"name":"wp","href":"https:\/\/api.w.org\/{rel}","templated":true}]}}