{"id":63616,"date":"2026-01-23T21:30:27","date_gmt":"2026-01-24T00:30:27","guid":{"rendered":"https:\/\/radiorevelacionfm.cl\/?p=63616"},"modified":"2026-01-23T21:30:52","modified_gmt":"2026-01-24T00:30:52","slug":"detienen-a-sujeto-por-robo-y-comercializacion-de-salmones-en-centro-de-salmones-antartica","status":"publish","type":"post","link":"https:\/\/radiorevelacionfm.cl\/?p=63616","title":{"rendered":"Detienen a sujeto por robo y comercializaci\u00f3n de salmones en centro de Salmones Ant\u00e1rtica"},"content":{"rendered":"<div class=\"flex_column av_one_full  flex_column_div av-zero-column-padding first  avia-builder-el-0  el_before_av_one_full  avia-builder-el-first  \" style='border-radius:0px; '><div  class='avia-image-container  av-styling-    avia-builder-el-1  avia-builder-el-no-sibling  avia-align-center '  itemprop=\"image\" itemscope=\"itemscope\" itemtype=\"https:\/\/schema.org\/ImageObject\"  ><div class='avia-image-container-inner'><div class='avia-image-overlay-wrap'><img decoding=\"async\" class='wp-image-63617 avia-img-lazy-loading-not-63617 avia_image' src=\"https:\/\/radiorevelacionfm.cl\/wp-content\/uploads\/2026\/01\/robodesalmon-1024x597-1_optimized.jpg\" alt='' title='robodesalmon-1024x597-(1)_optimized' height=\"600\" width=\"1029\"  itemprop=\"thumbnailUrl\" srcset=\"https:\/\/radiorevelacionfm.cl\/wp-content\/uploads\/2026\/01\/robodesalmon-1024x597-1_optimized.jpg 1029w, https:\/\/radiorevelacionfm.cl\/wp-content\/uploads\/2026\/01\/robodesalmon-1024x597-1_optimized-300x175.jpg 300w, https:\/\/radiorevelacionfm.cl\/wp-content\/uploads\/2026\/01\/robodesalmon-1024x597-1_optimized-768x448.jpg 768w, https:\/\/radiorevelacionfm.cl\/wp-content\/uploads\/2026\/01\/robodesalmon-1024x597-1_optimized-705x411.jpg 705w, https:\/\/radiorevelacionfm.cl\/wp-content\/uploads\/2026\/01\/robodesalmon-1024x597-1_optimized-450x262.jpg 450w, https:\/\/radiorevelacionfm.cl\/wp-content\/uploads\/2026\/01\/robodesalmon-1024x597-1_optimized-600x350.jpg 600w\" sizes=\"(max-width: 1029px) 100vw, 1029px\" \/><\/div><\/div><\/div><\/div><div class=\"flex_column av_one_full  flex_column_div av-zero-column-padding first  avia-builder-el-2  el_after_av_one_full  el_before_av_one_full  column-top-margin\" style='border-radius:0px; '><section class=\"av_textblock_section \"  itemscope=\"itemscope\" itemtype=\"https:\/\/schema.org\/BlogPosting\" itemprop=\"blogPost\" ><div class='avia_textblock  '   itemprop=\"text\" ><p style=\"text-align: center;\"><strong><span style=\"font-size: 18pt;\">Detienen a sujeto por robo y comercializaci\u00f3n de salmones en centro de Salmones Ant\u00e1rtica<\/span><\/strong><\/p>\n<div id=\"gtx-trans\" style=\"position: absolute; left: -50px; top: 4.31534px;\">\n<div class=\"gtx-trans-icon\"><\/div>\n<\/div>\n<\/div><\/section><\/div><div class=\"flex_column av_one_full  flex_column_div av-zero-column-padding first  avia-builder-el-4  el_after_av_one_full  el_before_av_hr  column-top-margin\" style='border-radius:0px; '><section class=\"av_textblock_section \"  itemscope=\"itemscope\" itemtype=\"https:\/\/schema.org\/BlogPosting\" itemprop=\"blogPost\" ><div class='avia_textblock  '   itemprop=\"text\" ><p style=\"text-align: justify;\"><em>La Polic\u00eda Mar\u00edtima detuvo a un ciudadano chileno en el centro Carmen I, de Salmones Ant\u00e1rtica, por una investigaci\u00f3n por robo y venta ilegal de salmones.<\/em><\/p>\n<p style=\"text-align: justify;\">En cumplimiento de una orden de detenci\u00f3n emanada por el Juzgado de Letras y Garant\u00eda de Quell\u00f3n, personal de la Polic\u00eda Mar\u00edtima, dependiente de la Capitan\u00eda de Puerto de Puerto Chacabuco, efectu\u00f3 la detenci\u00f3n de un ciudadano chileno en el centro de cultivo Carmen I, de la empresa Salmones Ant\u00e1rtica, ubicado en Bah\u00eda Chacabuco, Regi\u00f3n de Ays\u00e9n.<\/p>\n<p style=\"text-align: justify;\">El imputado es investigado en el marco de una causa en curso liderada por la Fiscal\u00eda Regional de Los Lagos, en conjunto con el Departamento de Inteligencia e Investigaciones Policiales Mar\u00edtimas de la Gobernaci\u00f3n Mar\u00edtima de Puerto Montt, relacionada con un presunto delito de robo y comercializaci\u00f3n ilegal de salmones ocurrido en agosto de 2025.<\/p>\n<p style=\"text-align: justify;\">El detenido fue puesto a disposici\u00f3n del tribunal y pas\u00f3 a control de detenci\u00f3n este viernes, instancia en la que se decret\u00f3 la medida cautelar de prisi\u00f3n preventiva mientras se desarrolla la investigaci\u00f3n.<\/p>\n<\/div><\/section><\/div><div  style='height:50px' class='hr hr-invisible   avia-builder-el-6  el_after_av_one_full  el_before_av_social_share '><span class='hr-inner ' ><span class='hr-inner-style'><\/span><\/span><\/div><\/p>\n<div  class='av-social-sharing-box  avia-builder-el-7  el_after_av_hr  el_before_av_hr  '><div class='av-share-box'><h5 class='av-share-link-description av-no-toc '>Compartir esta noticia<\/h5><ul class='av-share-box-list noLightbox'><li class='av-share-link av-social-link-facebook' ><a target=\"_blank\" aria-label=\"Compartir en Facebook\" href='https:\/\/www.facebook.com\/sharer.php?u=https:\/\/radiorevelacionfm.cl\/?p=63616&#038;t=Detienen%20a%20sujeto%20por%20robo%20y%20comercializaci%C3%B3n%20de%20salmones%20en%20centro%20de%20Salmones%20Ant%C3%A1rtica' aria-hidden='false' data-av_icon='\ue8f3' data-av_iconfont='entypo-fontello' title='' data-avia-related-tooltip='Compartir en Facebook' rel=\"noopener\"><span class='avia_hidden_link_text'>Compartir en Facebook<\/span><\/a><\/li><li class='av-share-link av-social-link-twitter' ><a target=\"_blank\" aria-label=\"Compartir en Twitter\" href='https:\/\/twitter.com\/share?text=Detienen%20a%20sujeto%20por%20robo%20y%20comercializaci%C3%B3n%20de%20salmones%20en%20centro%20de%20Salmones%20Ant%C3%A1rtica&#038;url=https:\/\/radiorevelacionfm.cl\/?p=63616' aria-hidden='false' data-av_icon='\ue8f1' data-av_iconfont='entypo-fontello' title='' data-avia-related-tooltip='Compartir en Twitter' rel=\"noopener\"><span class='avia_hidden_link_text'>Compartir en Twitter<\/span><\/a><\/li><li class='av-share-link av-social-link-whatsapp' ><a target=\"_blank\" aria-label=\"Compartir en Whatsapp\" href='https:\/\/api.whatsapp.com\/send?text=https:\/\/radiorevelacionfm.cl\/?p=63616' aria-hidden='false' data-av_icon='\uf232' data-av_iconfont='entypo-fontello' title='' data-avia-related-tooltip='Compartir en Whatsapp' rel=\"noopener\"><span class='avia_hidden_link_text'>Compartir en Whatsapp<\/span><\/a><\/li><li class='av-share-link av-social-link-linkedin' ><a target=\"_blank\" aria-label=\"Compartir en LinkedIn\" href='https:\/\/linkedin.com\/shareArticle?mini=true&#038;title=Detienen%20a%20sujeto%20por%20robo%20y%20comercializaci%C3%B3n%20de%20salmones%20en%20centro%20de%20Salmones%20Ant%C3%A1rtica&#038;url=https:\/\/radiorevelacionfm.cl\/?p=63616' aria-hidden='false' data-av_icon='\ue8fc' data-av_iconfont='entypo-fontello' title='' data-avia-related-tooltip='Compartir en LinkedIn' rel=\"noopener\"><span class='avia_hidden_link_text'>Compartir en LinkedIn<\/span><\/a><\/li><li class='av-share-link av-social-link-mail' ><a  aria-label=\"Compartir por correo\" href='mailto:?subject=Detienen%20a%20sujeto%20por%20robo%20y%20comercializaci%C3%B3n%20de%20salmones%20en%20centro%20de%20Salmones%20Ant%C3%A1rtica&#038;body=https:\/\/radiorevelacionfm.cl\/?p=63616' aria-hidden='false' data-av_icon='\ue805' data-av_iconfont='entypo-fontello' title='' data-avia-related-tooltip='Compartir por correo'><span class='avia_hidden_link_text'>Compartir por correo<\/span><\/a><\/li><\/ul><\/div><\/div>\n<div  style='height:50px' class='hr hr-invisible   avia-builder-el-8  el_after_av_social_share  el_before_av_comments_list '><span class='hr-inner ' ><span class='hr-inner-style'><\/span><\/span><\/div>\n<div  class='av-buildercomment  av-blog-meta-html-info-disabled av-blog-meta-tag-disabled  '><\/div>\n","protected":false},"excerpt":{"rendered":"","protected":false},"author":1,"featured_media":63617,"comment_status":"closed","ping_status":"closed","sticky":false,"template":"","format":"standard","meta":{"footnotes":""},"categories":[36],"tags":[],"class_list":["post-63616","post","type-post","status-publish","format-standard","has-post-thumbnail","hentry","category-policial"],"jetpack_featured_media_url":"https:\/\/radiorevelacionfm.cl\/wp-content\/uploads\/2026\/01\/robodesalmon-1024x597-1_optimized.jpg","_links":{"self":[{"href":"https:\/\/radiorevelacionfm.cl\/index.php?rest_route=\/wp\/v2\/posts\/63616","targetHints":{"allow":["GET"]}}],"collection":[{"href":"https:\/\/radiorevelacionfm.cl\/index.php?rest_route=\/wp\/v2\/posts"}],"about":[{"href":"https:\/\/radiorevelacionfm.cl\/index.php?rest_route=\/wp\/v2\/types\/post"}],"author":[{"embeddable":true,"href":"https:\/\/radiorevelacionfm.cl\/index.php?rest_route=\/wp\/v2\/users\/1"}],"replies":[{"embeddable":true,"href":"https:\/\/radiorevelacionfm.cl\/index.php?rest_route=%2Fwp%2Fv2%2Fcomments&post=63616"}],"version-history":[{"count":2,"href":"https:\/\/radiorevelacionfm.cl\/index.php?rest_route=\/wp\/v2\/posts\/63616\/revisions"}],"predecessor-version":[{"id":63619,"href":"https:\/\/radiorevelacionfm.cl\/index.php?rest_route=\/wp\/v2\/posts\/63616\/revisions\/63619"}],"wp:featuredmedia":[{"embeddable":true,"href":"https:\/\/radiorevelacionfm.cl\/index.php?rest_route=\/wp\/v2\/media\/63617"}],"wp:attachment":[{"href":"https:\/\/radiorevelacionfm.cl\/index.php?rest_route=%2Fwp%2Fv2%2Fmedia&parent=63616"}],"wp:term":[{"taxonomy":"category","embeddable":true,"href":"https:\/\/radiorevelacionfm.cl\/index.php?rest_route=%2Fwp%2Fv2%2Fcategories&post=63616"},{"taxonomy":"post_tag","embeddable":true,"href":"https:\/\/radiorevelacionfm.cl\/index.php?rest_route=%2Fwp%2Fv2%2Ftags&post=63616"}],"curies":[{"name":"wp","href":"https:\/\/api.w.org\/{rel}","templated":true}]}}