{"id":63611,"date":"2026-01-23T13:30:43","date_gmt":"2026-01-23T16:30:43","guid":{"rendered":"https:\/\/radiorevelacionfm.cl\/?p=63611"},"modified":"2026-01-23T21:50:09","modified_gmt":"2026-01-24T00:50:09","slug":"motociclista-pierde-la-vida-tras-accidente-en-la-ruta-7-sur-sector-vista-hermosa","status":"publish","type":"post","link":"https:\/\/radiorevelacionfm.cl\/?p=63611","title":{"rendered":"Motociclista pierde la vida tras accidente en la Ruta 7 Sur, sector Vista Hermosa"},"content":{"rendered":"<div class=\"flex_column av_one_full  flex_column_div av-zero-column-padding first  avia-builder-el-0  el_before_av_one_full  avia-builder-el-first  \" style='border-radius:0px; '><div  class='avia-image-container  av-styling-    avia-builder-el-1  avia-builder-el-no-sibling  avia-align-center '  itemprop=\"image\" itemscope=\"itemscope\" itemtype=\"https:\/\/schema.org\/ImageObject\"  ><div class='avia-image-container-inner'><div class='avia-image-overlay-wrap'><img decoding=\"async\" class='wp-image-63613 avia-img-lazy-loading-not-63613 avia_image' src=\"https:\/\/radiorevelacionfm.cl\/wp-content\/uploads\/2026\/01\/accidente-vista-hermosa-23_optimized.01.26-1-1.jpg\" alt='' title='accidente-vista-hermosa-23_optimized.01.26-(1) (1)' height=\"630\" width=\"802\"  itemprop=\"thumbnailUrl\" srcset=\"https:\/\/radiorevelacionfm.cl\/wp-content\/uploads\/2026\/01\/accidente-vista-hermosa-23_optimized.01.26-1-1.jpg 802w, https:\/\/radiorevelacionfm.cl\/wp-content\/uploads\/2026\/01\/accidente-vista-hermosa-23_optimized.01.26-1-1-300x236.jpg 300w, https:\/\/radiorevelacionfm.cl\/wp-content\/uploads\/2026\/01\/accidente-vista-hermosa-23_optimized.01.26-1-1-768x603.jpg 768w, https:\/\/radiorevelacionfm.cl\/wp-content\/uploads\/2026\/01\/accidente-vista-hermosa-23_optimized.01.26-1-1-705x554.jpg 705w, https:\/\/radiorevelacionfm.cl\/wp-content\/uploads\/2026\/01\/accidente-vista-hermosa-23_optimized.01.26-1-1-450x353.jpg 450w, https:\/\/radiorevelacionfm.cl\/wp-content\/uploads\/2026\/01\/accidente-vista-hermosa-23_optimized.01.26-1-1-600x471.jpg 600w\" sizes=\"(max-width: 802px) 100vw, 802px\" \/><\/div><\/div><\/div><\/div>\n<div class=\"flex_column av_one_full  flex_column_div av-zero-column-padding first  avia-builder-el-2  el_after_av_one_full  el_before_av_one_full  column-top-margin\" style='border-radius:0px; '><section class=\"av_textblock_section \"  itemscope=\"itemscope\" itemtype=\"https:\/\/schema.org\/BlogPosting\" itemprop=\"blogPost\" ><div class='avia_textblock  '   itemprop=\"text\" ><p style=\"text-align: center;\"><strong><span style=\"font-size: 18pt;\">Motociclista pierde la vida tras accidente en la Ruta 7 Sur, sector Vista Hermosa<\/span><\/strong><\/p>\n<div id=\"gtx-trans\" style=\"position: absolute; left: -50px; top: 4.31534px;\">\n<div class=\"gtx-trans-icon\"><\/div>\n<\/div>\n<\/div><\/section><\/div>\n<div class=\"flex_column av_one_full  flex_column_div av-zero-column-padding first  avia-builder-el-4  el_after_av_one_full  el_before_av_hr  column-top-margin\" style='border-radius:0px; '><section class=\"av_textblock_section \"  itemscope=\"itemscope\" itemtype=\"https:\/\/schema.org\/BlogPosting\" itemprop=\"blogPost\" ><div class='avia_textblock  '   itemprop=\"text\" ><p style=\"text-align: justify;\">Un fatal accidente se registr\u00f3 la ma\u00f1ana de este viernes 23 de enero 2026, la emergencia tuvo lugar en la Ruta 7 Sur, en el sector Vista Hermosa.<\/p>\n<p style=\"text-align: justify;\">De acuerdo a antecedentes entregados por el capit\u00e1n Camilo Lubbert, de la 1ra. Comisar\u00eda de Coyhaique, el accidente fue reportado a eso de las 10:00 de la ma\u00f1ana, por personal del Ret\u00e9n El Blanco. Posteriormente, se constat\u00f3 el fallecimiento del conductor de la motocicleta, en el lugar.<\/p>\n<div id=\"temp_home_center\" class=\"cont_dstemp\" style=\"text-align: justify;\" data-sector=\"7\">\n<section class=\"cont-section\">\n<div class=\"lazy-banner\" data-diario=\"76\" data-tipo=\"2\" data-cant=\"1\" data-modulo=\"9\" data-id1=\"1437\" data-id2=\"\" data-tp=\"2_9\">\n<section class=\"cont-section\">\n<div class=\"col-12 mb-4 text-center banner-desktop t_banner avfr_2_9 tp- mdl_ idcnt_1437\">\n<div id=\"Inread\" class=\"col-12 text-center\">Hecho que fue inmediatamente puesto en conocimiento del Ministerio P\u00fablico, el cual instruy\u00f3 diligencias investigativas a personal de LABOCAR y la SIAT de Carabineros, para realizar las diligencias correspondientes que permitan determinar las causas del accidente e identificar a la persona fallecida, que tendr\u00eda 59 a\u00f1os de edad.<\/div>\n<\/div>\n<\/section>\n<\/div>\n<\/section>\n<\/div>\n<p style=\"text-align: justify;\">Por \u00faltimo, el capit\u00e1n Lubbert reiter\u00f3 el llamado a los conductores a extremar las medidas de precauci\u00f3n para evitar accidentes de tr\u00e1nsito durante el per\u00edodo estival, donde aumenta la circulaci\u00f3n y desplazamientos en las distintas rutas de la regi\u00f3n de Ays\u00e9n.<\/p>\n<\/div><\/section><\/div><div  style='height:50px' class='hr hr-invisible   avia-builder-el-6  el_after_av_one_full  el_before_av_social_share '><span class='hr-inner ' ><span class='hr-inner-style'><\/span><\/span><\/div><\/p>\n<div  class='av-social-sharing-box  avia-builder-el-7  el_after_av_hr  el_before_av_hr  '><div class='av-share-box'><h5 class='av-share-link-description av-no-toc '>Compartir esta noticia<\/h5><ul class='av-share-box-list noLightbox'><li class='av-share-link av-social-link-facebook' ><a target=\"_blank\" aria-label=\"Compartir en Facebook\" href='https:\/\/www.facebook.com\/sharer.php?u=https:\/\/radiorevelacionfm.cl\/?p=63611&#038;t=Motociclista%20pierde%20la%20vida%20tras%20accidente%20en%20la%20Ruta%207%20Sur%2C%20sector%20Vista%20Hermosa' aria-hidden='false' data-av_icon='\ue8f3' data-av_iconfont='entypo-fontello' title='' data-avia-related-tooltip='Compartir en Facebook' rel=\"noopener\"><span class='avia_hidden_link_text'>Compartir en Facebook<\/span><\/a><\/li><li class='av-share-link av-social-link-twitter' ><a target=\"_blank\" aria-label=\"Compartir en Twitter\" href='https:\/\/twitter.com\/share?text=Motociclista%20pierde%20la%20vida%20tras%20accidente%20en%20la%20Ruta%207%20Sur%2C%20sector%20Vista%20Hermosa&#038;url=https:\/\/radiorevelacionfm.cl\/?p=63611' aria-hidden='false' data-av_icon='\ue8f1' data-av_iconfont='entypo-fontello' title='' data-avia-related-tooltip='Compartir en Twitter' rel=\"noopener\"><span class='avia_hidden_link_text'>Compartir en Twitter<\/span><\/a><\/li><li class='av-share-link av-social-link-whatsapp' ><a target=\"_blank\" aria-label=\"Compartir en Whatsapp\" href='https:\/\/api.whatsapp.com\/send?text=https:\/\/radiorevelacionfm.cl\/?p=63611' aria-hidden='false' data-av_icon='\uf232' data-av_iconfont='entypo-fontello' title='' data-avia-related-tooltip='Compartir en Whatsapp' rel=\"noopener\"><span class='avia_hidden_link_text'>Compartir en Whatsapp<\/span><\/a><\/li><li class='av-share-link av-social-link-linkedin' ><a target=\"_blank\" aria-label=\"Compartir en LinkedIn\" href='https:\/\/linkedin.com\/shareArticle?mini=true&#038;title=Motociclista%20pierde%20la%20vida%20tras%20accidente%20en%20la%20Ruta%207%20Sur%2C%20sector%20Vista%20Hermosa&#038;url=https:\/\/radiorevelacionfm.cl\/?p=63611' aria-hidden='false' data-av_icon='\ue8fc' data-av_iconfont='entypo-fontello' title='' data-avia-related-tooltip='Compartir en LinkedIn' rel=\"noopener\"><span class='avia_hidden_link_text'>Compartir en LinkedIn<\/span><\/a><\/li><li class='av-share-link av-social-link-mail' ><a  aria-label=\"Compartir por correo\" href='mailto:?subject=Motociclista%20pierde%20la%20vida%20tras%20accidente%20en%20la%20Ruta%207%20Sur%2C%20sector%20Vista%20Hermosa&#038;body=https:\/\/radiorevelacionfm.cl\/?p=63611' aria-hidden='false' data-av_icon='\ue805' data-av_iconfont='entypo-fontello' title='' data-avia-related-tooltip='Compartir por correo'><span class='avia_hidden_link_text'>Compartir por correo<\/span><\/a><\/li><\/ul><\/div><\/div>\n<div  style='height:50px' class='hr hr-invisible   avia-builder-el-8  el_after_av_social_share  el_before_av_comments_list '><span class='hr-inner ' ><span class='hr-inner-style'><\/span><\/span><\/div>\n<div  class='av-buildercomment  av-blog-meta-html-info-disabled av-blog-meta-tag-disabled  '><\/div>\n","protected":false},"excerpt":{"rendered":"","protected":false},"author":1,"featured_media":63613,"comment_status":"closed","ping_status":"closed","sticky":false,"template":"","format":"standard","meta":{"footnotes":""},"categories":[38],"tags":[],"class_list":["post-63611","post","type-post","status-publish","format-standard","has-post-thumbnail","hentry","category-regional"],"jetpack_featured_media_url":"https:\/\/radiorevelacionfm.cl\/wp-content\/uploads\/2026\/01\/accidente-vista-hermosa-23_optimized.01.26-1-1.jpg","_links":{"self":[{"href":"https:\/\/radiorevelacionfm.cl\/index.php?rest_route=\/wp\/v2\/posts\/63611","targetHints":{"allow":["GET"]}}],"collection":[{"href":"https:\/\/radiorevelacionfm.cl\/index.php?rest_route=\/wp\/v2\/posts"}],"about":[{"href":"https:\/\/radiorevelacionfm.cl\/index.php?rest_route=\/wp\/v2\/types\/post"}],"author":[{"embeddable":true,"href":"https:\/\/radiorevelacionfm.cl\/index.php?rest_route=\/wp\/v2\/users\/1"}],"replies":[{"embeddable":true,"href":"https:\/\/radiorevelacionfm.cl\/index.php?rest_route=%2Fwp%2Fv2%2Fcomments&post=63611"}],"version-history":[{"count":3,"href":"https:\/\/radiorevelacionfm.cl\/index.php?rest_route=\/wp\/v2\/posts\/63611\/revisions"}],"predecessor-version":[{"id":63620,"href":"https:\/\/radiorevelacionfm.cl\/index.php?rest_route=\/wp\/v2\/posts\/63611\/revisions\/63620"}],"wp:featuredmedia":[{"embeddable":true,"href":"https:\/\/radiorevelacionfm.cl\/index.php?rest_route=\/wp\/v2\/media\/63613"}],"wp:attachment":[{"href":"https:\/\/radiorevelacionfm.cl\/index.php?rest_route=%2Fwp%2Fv2%2Fmedia&parent=63611"}],"wp:term":[{"taxonomy":"category","embeddable":true,"href":"https:\/\/radiorevelacionfm.cl\/index.php?rest_route=%2Fwp%2Fv2%2Fcategories&post=63611"},{"taxonomy":"post_tag","embeddable":true,"href":"https:\/\/radiorevelacionfm.cl\/index.php?rest_route=%2Fwp%2Fv2%2Ftags&post=63611"}],"curies":[{"name":"wp","href":"https:\/\/api.w.org\/{rel}","templated":true}]}}