{"id":63599,"date":"2026-01-23T15:13:34","date_gmt":"2026-01-23T18:13:34","guid":{"rendered":"https:\/\/radiorevelacionfm.cl\/?p=63599"},"modified":"2026-01-23T15:13:34","modified_gmt":"2026-01-23T18:13:34","slug":"charla-de-academico-de-la-universidad-de-edimburgo-abordo-oportunidades-de-colaboracion-internacional-con-la-universidad-de-aysen","status":"publish","type":"post","link":"https:\/\/radiorevelacionfm.cl\/?p=63599","title":{"rendered":"Charla de acad\u00e9mico de la Universidad de Edimburgo abord\u00f3 oportunidades de colaboraci\u00f3n internacional con la Universidad de Ays\u00e9n"},"content":{"rendered":"<div class=\"flex_column av_one_full  flex_column_div av-zero-column-padding first  avia-builder-el-0  el_before_av_one_full  avia-builder-el-first  \" style='border-radius:0px; '><div  class='avia-image-container  av-styling-    avia-builder-el-1  avia-builder-el-no-sibling  avia-align-center '  itemprop=\"image\" itemscope=\"itemscope\" itemtype=\"https:\/\/schema.org\/ImageObject\"  ><div class='avia-image-container-inner'><div class='avia-image-overlay-wrap'><img decoding=\"async\" class='wp-image-63600 avia-img-lazy-loading-not-63600 avia_image' src=\"https:\/\/radiorevelacionfm.cl\/wp-content\/uploads\/2026\/01\/dsc09994-1_optimized.jpg\" alt='' title='dsc09994-(1)_optimized' height=\"600\" width=\"900\"  itemprop=\"thumbnailUrl\" srcset=\"https:\/\/radiorevelacionfm.cl\/wp-content\/uploads\/2026\/01\/dsc09994-1_optimized.jpg 900w, https:\/\/radiorevelacionfm.cl\/wp-content\/uploads\/2026\/01\/dsc09994-1_optimized-300x200.jpg 300w, https:\/\/radiorevelacionfm.cl\/wp-content\/uploads\/2026\/01\/dsc09994-1_optimized-768x512.jpg 768w, https:\/\/radiorevelacionfm.cl\/wp-content\/uploads\/2026\/01\/dsc09994-1_optimized-705x470.jpg 705w, https:\/\/radiorevelacionfm.cl\/wp-content\/uploads\/2026\/01\/dsc09994-1_optimized-450x300.jpg 450w, https:\/\/radiorevelacionfm.cl\/wp-content\/uploads\/2026\/01\/dsc09994-1_optimized-600x400.jpg 600w\" sizes=\"(max-width: 900px) 100vw, 900px\" \/><\/div><\/div><\/div><\/div><div class=\"flex_column av_one_full  flex_column_div av-zero-column-padding first  avia-builder-el-2  el_after_av_one_full  el_before_av_one_full  column-top-margin\" style='border-radius:0px; '><section class=\"av_textblock_section \"  itemscope=\"itemscope\" itemtype=\"https:\/\/schema.org\/BlogPosting\" itemprop=\"blogPost\" ><div class='avia_textblock  '   itemprop=\"text\" ><p style=\"text-align: center;\"><strong><span style=\"font-size: 18pt;\">Charla de acad\u00e9mico de la Universidad de Edimburgo abord\u00f3 oportunidades de colaboraci\u00f3n internacional con la Universidad de Ays\u00e9n<\/span><\/strong><\/p>\n<div id=\"gtx-trans\" style=\"position: absolute; left: -50px; top: 4.31534px;\">\n<div class=\"gtx-trans-icon\"><\/div>\n<\/div>\n<\/div><\/section><\/div><div class=\"flex_column av_one_full  flex_column_div av-zero-column-padding first  avia-builder-el-4  el_after_av_one_full  el_before_av_hr  column-top-margin\" style='border-radius:0px; '><section class=\"av_textblock_section \"  itemscope=\"itemscope\" itemtype=\"https:\/\/schema.org\/BlogPosting\" itemprop=\"blogPost\" ><div class='avia_textblock  '   itemprop=\"text\" ><ul>\n<li dir=\"ltr\">\n<p dir=\"ltr\" style=\"text-align: justify;\" role=\"presentation\"><em>La actividad reuni\u00f3 a autoridades, acad\u00e9micos y estudiantes en torno a posibles l\u00edneas de cooperaci\u00f3n en investigaci\u00f3n, docencia e intercambio acad\u00e9mico.<\/em><\/p>\n<\/li>\n<\/ul>\n<p dir=\"ltr\" style=\"text-align: justify;\">La Universidad de Ays\u00e9n realiz\u00f3 la charla \u201cHacia una Alianza Estrat\u00e9gica: Oportunidades de colaboraci\u00f3n con la Universidad de Edimburgo\u201d, instancia que permiti\u00f3 reflexionar y dialogar sobre posibles l\u00edneas de cooperaci\u00f3n acad\u00e9mica internacional. La actividad se desarroll\u00f3 en el nuevo Campus Err\u00e1zuriz y estuvo dirigida a acad\u00e9micos, autoridades y estudiantes de la comunidad universitaria, convocando a un amplio inter\u00e9s por fortalecer los v\u00ednculos globales de la instituci\u00f3n.<\/p>\n<p dir=\"ltr\" style=\"text-align: justify;\">La actividad fue impulsada por el rector de la Universidad de Ays\u00e9n, Dr. V\u00edctor Cubillos Godoy y se enmarca en los esfuerzos institucionales por avanzar en una estrategia de internacionalizaci\u00f3n pertinente al contexto regional. Este encuentro constituy\u00f3 un paso relevante para explorar futuras alianzas estrat\u00e9gicas que contribuyan al fortalecimiento acad\u00e9mico y al desarrollo de iniciativas conjuntas con proyecci\u00f3n internacional.<\/p>\n<p dir=\"ltr\" style=\"text-align: justify;\">La exposici\u00f3n estuvo a cargo del Dr. Fernando Mardones, epidemi\u00f3logo veterinario y Senior Lecturer de la Universidad de Edimburgo (Escocia), quien present\u00f3 distintas oportunidades de colaboraci\u00f3n en \u00e1mbitos como la investigaci\u00f3n, la docencia y el intercambio acad\u00e9mico. Durante su intervenci\u00f3n, se abordaron experiencias de trabajo conjunto, enfoques interdisciplinarios y desaf\u00edos compartidos en \u00e1reas vinculadas a la salud, el territorio y la sostenibilidad.<\/p>\n<p dir=\"ltr\" style=\"text-align: justify;\">La Directora Acad\u00e9mica de la Universidad de Ays\u00e9n, Paulina Flores, valor\u00f3 la realizaci\u00f3n de esta instancia se\u00f1alando que \u201ctuvimos un invitado de lujo hoy d\u00eda conversando sobre las ciencias agrarias, un m\u00e9dico veterinario muy destacado chileno que trabaja en la Universidad de Edimburgo y que hoy d\u00eda vino a conversar con nosotros sobre el tema de una salud, pero tambi\u00e9n para la creaci\u00f3n de lazos entre ambas instituciones. Esperamos que en un futuro podamos tener intercambio de estudiantes, estudiantes becados que puedan visitar Escocia y, por supuesto, poder ampliar sus horizontes con nuevo conocimiento\u201d, enfatiz\u00f3.<\/p>\n<p dir=\"ltr\" style=\"text-align: justify;\">En este contexto, el acad\u00e9mico de la Universidad de Edimburgo, Fernando Mardones, destac\u00f3 el potencial de una colaboraci\u00f3n estrat\u00e9gica entre ambas casas de estudio, subrayando las similitudes territoriales y los desaf\u00edos compartidos entre Ays\u00e9n y Escocia. En ese sentido, se\u00f1al\u00f3 que \u201cvemos con mucho entusiasmo una colaboraci\u00f3n entre la Universidad de Ays\u00e9n y la Universidad de Edimburgo. Incluso tiene que ver algo m\u00e1s territorial, que tiene que ver con la regi\u00f3n de Ays\u00e9n y Escocia a trav\u00e9s de esta universidad, dado que se comparten muchas similitudes geogr\u00e1ficas, ambientales, de industria, los mismos desaf\u00edos, y que queremos trabajar en forma com\u00fan, que es un enfoque integrado, que es lo que el rector mencion\u00f3 como el concepto de una salud\u201d.<\/p>\n<\/div><\/section><\/div><div  style='height:50px' class='hr hr-invisible   avia-builder-el-6  el_after_av_one_full  el_before_av_social_share '><span class='hr-inner ' ><span class='hr-inner-style'><\/span><\/span><\/div><\/p>\n<div  class='av-social-sharing-box  avia-builder-el-7  el_after_av_hr  el_before_av_hr  '><div class='av-share-box'><h5 class='av-share-link-description av-no-toc '>Compartir esta noticia<\/h5><ul class='av-share-box-list noLightbox'><li class='av-share-link av-social-link-facebook' ><a target=\"_blank\" aria-label=\"Compartir en Facebook\" href='https:\/\/www.facebook.com\/sharer.php?u=https:\/\/radiorevelacionfm.cl\/?p=63599&#038;t=Charla%20de%20acad%C3%A9mico%20de%20la%20Universidad%20de%20Edimburgo%20abord%C3%B3%20oportunidades%20de%20colaboraci%C3%B3n%20internacional%20con%20la%20Universidad%20de%20Ays%C3%A9n' aria-hidden='false' data-av_icon='\ue8f3' data-av_iconfont='entypo-fontello' title='' data-avia-related-tooltip='Compartir en Facebook' rel=\"noopener\"><span class='avia_hidden_link_text'>Compartir en Facebook<\/span><\/a><\/li><li class='av-share-link av-social-link-twitter' ><a target=\"_blank\" aria-label=\"Compartir en Twitter\" href='https:\/\/twitter.com\/share?text=Charla%20de%20acad%C3%A9mico%20de%20la%20Universidad%20de%20Edimburgo%20abord%C3%B3%20oportunidades%20de%20colaboraci%C3%B3n%20internacional%20con%20la%20Universidad%20de%20Ays%C3%A9n&#038;url=https:\/\/radiorevelacionfm.cl\/?p=63599' aria-hidden='false' data-av_icon='\ue8f1' data-av_iconfont='entypo-fontello' title='' data-avia-related-tooltip='Compartir en Twitter' rel=\"noopener\"><span class='avia_hidden_link_text'>Compartir en Twitter<\/span><\/a><\/li><li class='av-share-link av-social-link-whatsapp' ><a target=\"_blank\" aria-label=\"Compartir en Whatsapp\" href='https:\/\/api.whatsapp.com\/send?text=https:\/\/radiorevelacionfm.cl\/?p=63599' aria-hidden='false' data-av_icon='\uf232' data-av_iconfont='entypo-fontello' title='' data-avia-related-tooltip='Compartir en Whatsapp' rel=\"noopener\"><span class='avia_hidden_link_text'>Compartir en Whatsapp<\/span><\/a><\/li><li class='av-share-link av-social-link-linkedin' ><a target=\"_blank\" aria-label=\"Compartir en LinkedIn\" href='https:\/\/linkedin.com\/shareArticle?mini=true&#038;title=Charla%20de%20acad%C3%A9mico%20de%20la%20Universidad%20de%20Edimburgo%20abord%C3%B3%20oportunidades%20de%20colaboraci%C3%B3n%20internacional%20con%20la%20Universidad%20de%20Ays%C3%A9n&#038;url=https:\/\/radiorevelacionfm.cl\/?p=63599' aria-hidden='false' data-av_icon='\ue8fc' data-av_iconfont='entypo-fontello' title='' data-avia-related-tooltip='Compartir en LinkedIn' rel=\"noopener\"><span class='avia_hidden_link_text'>Compartir en LinkedIn<\/span><\/a><\/li><li class='av-share-link av-social-link-mail' ><a  aria-label=\"Compartir por correo\" href='mailto:?subject=Charla%20de%20acad%C3%A9mico%20de%20la%20Universidad%20de%20Edimburgo%20abord%C3%B3%20oportunidades%20de%20colaboraci%C3%B3n%20internacional%20con%20la%20Universidad%20de%20Ays%C3%A9n&#038;body=https:\/\/radiorevelacionfm.cl\/?p=63599' aria-hidden='false' data-av_icon='\ue805' data-av_iconfont='entypo-fontello' title='' data-avia-related-tooltip='Compartir por correo'><span class='avia_hidden_link_text'>Compartir por correo<\/span><\/a><\/li><\/ul><\/div><\/div>\n<div  style='height:50px' class='hr hr-invisible   avia-builder-el-8  el_after_av_social_share  el_before_av_comments_list '><span class='hr-inner ' ><span class='hr-inner-style'><\/span><\/span><\/div>\n<div  class='av-buildercomment  av-blog-meta-html-info-disabled av-blog-meta-tag-disabled  '><\/div>\n","protected":false},"excerpt":{"rendered":"","protected":false},"author":1,"featured_media":63600,"comment_status":"closed","ping_status":"closed","sticky":false,"template":"","format":"standard","meta":{"footnotes":""},"categories":[49],"tags":[],"class_list":["post-63599","post","type-post","status-publish","format-standard","has-post-thumbnail","hentry","category-educacion"],"jetpack_featured_media_url":"https:\/\/radiorevelacionfm.cl\/wp-content\/uploads\/2026\/01\/dsc09994-1_optimized.jpg","_links":{"self":[{"href":"https:\/\/radiorevelacionfm.cl\/index.php?rest_route=\/wp\/v2\/posts\/63599","targetHints":{"allow":["GET"]}}],"collection":[{"href":"https:\/\/radiorevelacionfm.cl\/index.php?rest_route=\/wp\/v2\/posts"}],"about":[{"href":"https:\/\/radiorevelacionfm.cl\/index.php?rest_route=\/wp\/v2\/types\/post"}],"author":[{"embeddable":true,"href":"https:\/\/radiorevelacionfm.cl\/index.php?rest_route=\/wp\/v2\/users\/1"}],"replies":[{"embeddable":true,"href":"https:\/\/radiorevelacionfm.cl\/index.php?rest_route=%2Fwp%2Fv2%2Fcomments&post=63599"}],"version-history":[{"count":2,"href":"https:\/\/radiorevelacionfm.cl\/index.php?rest_route=\/wp\/v2\/posts\/63599\/revisions"}],"predecessor-version":[{"id":63602,"href":"https:\/\/radiorevelacionfm.cl\/index.php?rest_route=\/wp\/v2\/posts\/63599\/revisions\/63602"}],"wp:featuredmedia":[{"embeddable":true,"href":"https:\/\/radiorevelacionfm.cl\/index.php?rest_route=\/wp\/v2\/media\/63600"}],"wp:attachment":[{"href":"https:\/\/radiorevelacionfm.cl\/index.php?rest_route=%2Fwp%2Fv2%2Fmedia&parent=63599"}],"wp:term":[{"taxonomy":"category","embeddable":true,"href":"https:\/\/radiorevelacionfm.cl\/index.php?rest_route=%2Fwp%2Fv2%2Fcategories&post=63599"},{"taxonomy":"post_tag","embeddable":true,"href":"https:\/\/radiorevelacionfm.cl\/index.php?rest_route=%2Fwp%2Fv2%2Ftags&post=63599"}],"curies":[{"name":"wp","href":"https:\/\/api.w.org\/{rel}","templated":true}]}}