{"id":63594,"date":"2026-01-23T13:12:18","date_gmt":"2026-01-23T16:12:18","guid":{"rendered":"https:\/\/radiorevelacionfm.cl\/?p=63594"},"modified":"2026-01-23T13:15:04","modified_gmt":"2026-01-23T16:15:04","slug":"inauguran-nueva-iluminacion-en-multicancha-de-la-junta-y-refuerzan-espacios-seguros-para-la-comunidad","status":"publish","type":"post","link":"https:\/\/radiorevelacionfm.cl\/?p=63594","title":{"rendered":"Inauguran nueva iluminaci\u00f3n en multicancha de La Junta y refuerzan espacios seguros para la comunidad"},"content":{"rendered":"<div class=\"flex_column av_one_full  flex_column_div av-zero-column-padding first  avia-builder-el-0  el_before_av_one_full  avia-builder-el-first  \" style='border-radius:0px; '><div  class='avia-image-container  av-styling-    avia-builder-el-1  avia-builder-el-no-sibling  avia-align-center '  itemprop=\"image\" itemscope=\"itemscope\" itemtype=\"https:\/\/schema.org\/ImageObject\"  ><div class='avia-image-container-inner'><div class='avia-image-overlay-wrap'><img decoding=\"async\" class='wp-image-63595 avia-img-lazy-loading-not-63595 avia_image' src=\"https:\/\/radiorevelacionfm.cl\/wp-content\/uploads\/2026\/01\/la-junta-4-1_optimized.jpeg\" alt='' title='la-junta-(4)-(1)_optimized' height=\"600\" width=\"800\"  itemprop=\"thumbnailUrl\" srcset=\"https:\/\/radiorevelacionfm.cl\/wp-content\/uploads\/2026\/01\/la-junta-4-1_optimized.jpeg 800w, https:\/\/radiorevelacionfm.cl\/wp-content\/uploads\/2026\/01\/la-junta-4-1_optimized-300x225.jpeg 300w, https:\/\/radiorevelacionfm.cl\/wp-content\/uploads\/2026\/01\/la-junta-4-1_optimized-768x576.jpeg 768w, https:\/\/radiorevelacionfm.cl\/wp-content\/uploads\/2026\/01\/la-junta-4-1_optimized-705x529.jpeg 705w, https:\/\/radiorevelacionfm.cl\/wp-content\/uploads\/2026\/01\/la-junta-4-1_optimized-450x338.jpeg 450w, https:\/\/radiorevelacionfm.cl\/wp-content\/uploads\/2026\/01\/la-junta-4-1_optimized-600x450.jpeg 600w\" sizes=\"(max-width: 800px) 100vw, 800px\" \/><\/div><\/div><\/div><\/div>\n<div class=\"flex_column av_one_full  flex_column_div av-zero-column-padding first  avia-builder-el-2  el_after_av_one_full  el_before_av_one_full  column-top-margin\" style='border-radius:0px; '><section class=\"av_textblock_section \"  itemscope=\"itemscope\" itemtype=\"https:\/\/schema.org\/BlogPosting\" itemprop=\"blogPost\" ><div class='avia_textblock  '   itemprop=\"text\" ><p style=\"text-align: center;\"><strong><span style=\"font-size: 18pt;\">Inauguran nueva iluminaci\u00f3n en multicancha de La Junta y refuerzan espacios seguros para la comunidad<\/span><\/strong><\/p>\n<div id=\"gtx-trans\" style=\"position: absolute; left: -50px; top: 4.31534px;\">\n<div class=\"gtx-trans-icon\"><\/div>\n<\/div>\n<\/div><\/section><\/div>\n<div class=\"flex_column av_one_full  flex_column_div av-zero-column-padding first  avia-builder-el-4  el_after_av_one_full  el_before_av_hr  column-top-margin\" style='border-radius:0px; '><section class=\"av_textblock_section \"  itemscope=\"itemscope\" itemtype=\"https:\/\/schema.org\/BlogPosting\" itemprop=\"blogPost\" ><div class='avia_textblock  '   itemprop=\"text\" ><p style=\"text-align: justify;\">La iniciativa, desarrollada en el marco del programa \u201cBarrios con Energ\u00eda\u201d de Grupo Saesa, mejora las condiciones de seguridad y uso comunitario de uno de los principales espacios deportivos de la localidad de La Junta, en la comuna de Cisnes.<\/p>\n<p style=\"text-align: justify;\">Con el objetivo de seguir aportando al bienestar y la seguridad de las comunidades, Edelaysen inaugur\u00f3 una nueva iluminaci\u00f3n en la multicancha de la localidad de La Junta, en la comuna de Cisnes, permitiendo mejorar de manera significativa las condiciones para la pr\u00e1ctica deportiva y uso comunitario del recinto.<\/p>\n<p style=\"text-align: justify;\">\u201cSeguimos iluminando espacios que unen a la comunidad. Esta nueva iluminaci\u00f3n en la multicancha de La Junta no solo mejora las condiciones para la pr\u00e1ctica deportiva, sino que tambi\u00e9n aporta a la seguridad y al encuentro comunitario. Como Edelaysen, creemos que una mejor iluminaci\u00f3n es sin\u00f3nimo de m\u00e1s calidad de vida para las familias y para quienes hacen uso permanente de estos espacios\u201d, destac\u00f3 Yasna Vera, ejecutiva de relacionamiento de Edelaysen.<\/p>\n<p style=\"text-align: justify;\">La iniciativa se desarroll\u00f3 en el marco del programa \u201cBarrios con Energ\u00eda\u201d de Grupo Saesa y consider\u00f3 la instalaci\u00f3n de luminarias que permiten un uso seguro y permanente del recinto, ampliando los horarios para la pr\u00e1ctica deportiva y el desarrollo de actividades comunitarias.<\/p>\n<p style=\"text-align: justify;\">La ceremonia de inauguraci\u00f3n cont\u00f3 con la participaci\u00f3n de autoridades locales, la presidenta de la Junta de Vecinos, concejal y vecinos quienes destacaron la importancia de contar con espacios bien iluminados, especialmente en una localidad donde este recinto cumple un rol clave para el desarrollo de otras actividades con la comunidad.<\/p>\n<p style=\"text-align: justify;\">En tal sentido, el concejal de la comuna de Cisnes, Cristian Jaramillo, valor\u00f3 el cambio que ha significado la intervenci\u00f3n, indicando que \u201cyo vivo frente a la multicancha y conozco muy bien c\u00f3mo se utilizaba este espacio. Hasta hace poco ten\u00edamos solo una luminaria funcionando y aun as\u00ed los ni\u00f1os trataban de hacer deporte. Hoy contamos con uno de los espacios deportivos mejor iluminados de la comuna, lo que es un beneficio para el deporte y tambi\u00e9n para la seguridad\u201d.<\/p>\n<p style=\"text-align: justify;\">En la misma l\u00ednea, la presidenta de la Junta de Vecinos de La Junta, Ximena Venteo, agradeci\u00f3 el apoyo recibido y relev\u00f3 la importancia del recinto para la localidad. \u201cEste espacio ten\u00eda muy poca iluminaci\u00f3n y hoy es uno de los pocos lugares disponibles para que los ni\u00f1os se puedan recrear, considerando que el estadio est\u00e1 en construcci\u00f3n. Es un espacio al aire libre muy importante para la comunidad y valoramos mucho el trabajo conjunto que permiti\u00f3 mejorarlo\u201d, se\u00f1al\u00f3.<\/p>\n<p style=\"text-align: justify;\">Por su parte, la delegada municipal de la comuna de Cisnes, Sabina Z\u00e1rate, destac\u00f3 el car\u00e1cter colaborativo de la iniciativa y su impacto transversal en la localidad. \u201cEste es un trabajo mancomunado entre lo p\u00fablico y lo privado. Estamos muy contentos, especialmente por los ni\u00f1os y j\u00f3venes, que fueron los m\u00e1s felices al ver la cancha iluminada, pero tambi\u00e9n porque es un espacio que utiliza toda la comunidad, incluso para actividades como ferias y encuentros vecinales\u201d, afirm\u00f3.<\/p>\n<p style=\"text-align: justify;\">Desde Edelaysen reiteraron que el programa <em>Barrios con Energ\u00eda<\/em> busca fortalecer espacios que promuevan la vida comunitaria, el deporte y la seguridad, contribuyendo a que los vecinos cuenten con entornos m\u00e1s seguros, iluminados y pensados para el encuentro.<\/p>\n<\/div><\/section><\/div><div  style='height:50px' class='hr hr-invisible   avia-builder-el-6  el_after_av_one_full  el_before_av_social_share '><span class='hr-inner ' ><span class='hr-inner-style'><\/span><\/span><\/div><\/p>\n<div  class='av-social-sharing-box  avia-builder-el-7  el_after_av_hr  el_before_av_hr  '><div class='av-share-box'><h5 class='av-share-link-description av-no-toc '>Compartir esta noticia<\/h5><ul class='av-share-box-list noLightbox'><li class='av-share-link av-social-link-facebook' ><a target=\"_blank\" aria-label=\"Compartir en Facebook\" href='https:\/\/www.facebook.com\/sharer.php?u=https:\/\/radiorevelacionfm.cl\/?p=63594&#038;t=Inauguran%20nueva%20iluminaci%C3%B3n%20en%20multicancha%20de%20La%20Junta%20y%20refuerzan%20espacios%20seguros%20para%20la%20comunidad' aria-hidden='false' data-av_icon='\ue8f3' data-av_iconfont='entypo-fontello' title='' data-avia-related-tooltip='Compartir en Facebook' rel=\"noopener\"><span class='avia_hidden_link_text'>Compartir en Facebook<\/span><\/a><\/li><li class='av-share-link av-social-link-twitter' ><a target=\"_blank\" aria-label=\"Compartir en Twitter\" href='https:\/\/twitter.com\/share?text=Inauguran%20nueva%20iluminaci%C3%B3n%20en%20multicancha%20de%20La%20Junta%20y%20refuerzan%20espacios%20seguros%20para%20la%20comunidad&#038;url=https:\/\/radiorevelacionfm.cl\/?p=63594' aria-hidden='false' data-av_icon='\ue8f1' data-av_iconfont='entypo-fontello' title='' data-avia-related-tooltip='Compartir en Twitter' rel=\"noopener\"><span class='avia_hidden_link_text'>Compartir en Twitter<\/span><\/a><\/li><li class='av-share-link av-social-link-whatsapp' ><a target=\"_blank\" aria-label=\"Compartir en Whatsapp\" href='https:\/\/api.whatsapp.com\/send?text=https:\/\/radiorevelacionfm.cl\/?p=63594' aria-hidden='false' data-av_icon='\uf232' data-av_iconfont='entypo-fontello' title='' data-avia-related-tooltip='Compartir en Whatsapp' rel=\"noopener\"><span class='avia_hidden_link_text'>Compartir en Whatsapp<\/span><\/a><\/li><li class='av-share-link av-social-link-linkedin' ><a target=\"_blank\" aria-label=\"Compartir en LinkedIn\" href='https:\/\/linkedin.com\/shareArticle?mini=true&#038;title=Inauguran%20nueva%20iluminaci%C3%B3n%20en%20multicancha%20de%20La%20Junta%20y%20refuerzan%20espacios%20seguros%20para%20la%20comunidad&#038;url=https:\/\/radiorevelacionfm.cl\/?p=63594' aria-hidden='false' data-av_icon='\ue8fc' data-av_iconfont='entypo-fontello' title='' data-avia-related-tooltip='Compartir en LinkedIn' rel=\"noopener\"><span class='avia_hidden_link_text'>Compartir en LinkedIn<\/span><\/a><\/li><li class='av-share-link av-social-link-mail' ><a  aria-label=\"Compartir por correo\" href='mailto:?subject=Inauguran%20nueva%20iluminaci%C3%B3n%20en%20multicancha%20de%20La%20Junta%20y%20refuerzan%20espacios%20seguros%20para%20la%20comunidad&#038;body=https:\/\/radiorevelacionfm.cl\/?p=63594' aria-hidden='false' data-av_icon='\ue805' data-av_iconfont='entypo-fontello' title='' data-avia-related-tooltip='Compartir por correo'><span class='avia_hidden_link_text'>Compartir por correo<\/span><\/a><\/li><\/ul><\/div><\/div>\n<div  style='height:50px' class='hr hr-invisible   avia-builder-el-8  el_after_av_social_share  el_before_av_comments_list '><span class='hr-inner ' ><span class='hr-inner-style'><\/span><\/span><\/div>\n<div  class='av-buildercomment  av-blog-meta-html-info-disabled av-blog-meta-tag-disabled  '><\/div>\n","protected":false},"excerpt":{"rendered":"","protected":false},"author":1,"featured_media":63595,"comment_status":"closed","ping_status":"closed","sticky":false,"template":"","format":"standard","meta":{"footnotes":""},"categories":[38],"tags":[],"class_list":["post-63594","post","type-post","status-publish","format-standard","has-post-thumbnail","hentry","category-regional"],"jetpack_featured_media_url":"https:\/\/radiorevelacionfm.cl\/wp-content\/uploads\/2026\/01\/la-junta-4-1_optimized.jpeg","_links":{"self":[{"href":"https:\/\/radiorevelacionfm.cl\/index.php?rest_route=\/wp\/v2\/posts\/63594","targetHints":{"allow":["GET"]}}],"collection":[{"href":"https:\/\/radiorevelacionfm.cl\/index.php?rest_route=\/wp\/v2\/posts"}],"about":[{"href":"https:\/\/radiorevelacionfm.cl\/index.php?rest_route=\/wp\/v2\/types\/post"}],"author":[{"embeddable":true,"href":"https:\/\/radiorevelacionfm.cl\/index.php?rest_route=\/wp\/v2\/users\/1"}],"replies":[{"embeddable":true,"href":"https:\/\/radiorevelacionfm.cl\/index.php?rest_route=%2Fwp%2Fv2%2Fcomments&post=63594"}],"version-history":[{"count":3,"href":"https:\/\/radiorevelacionfm.cl\/index.php?rest_route=\/wp\/v2\/posts\/63594\/revisions"}],"predecessor-version":[{"id":63597,"href":"https:\/\/radiorevelacionfm.cl\/index.php?rest_route=\/wp\/v2\/posts\/63594\/revisions\/63597"}],"wp:featuredmedia":[{"embeddable":true,"href":"https:\/\/radiorevelacionfm.cl\/index.php?rest_route=\/wp\/v2\/media\/63595"}],"wp:attachment":[{"href":"https:\/\/radiorevelacionfm.cl\/index.php?rest_route=%2Fwp%2Fv2%2Fmedia&parent=63594"}],"wp:term":[{"taxonomy":"category","embeddable":true,"href":"https:\/\/radiorevelacionfm.cl\/index.php?rest_route=%2Fwp%2Fv2%2Fcategories&post=63594"},{"taxonomy":"post_tag","embeddable":true,"href":"https:\/\/radiorevelacionfm.cl\/index.php?rest_route=%2Fwp%2Fv2%2Ftags&post=63594"}],"curies":[{"name":"wp","href":"https:\/\/api.w.org\/{rel}","templated":true}]}}