{"id":63590,"date":"2026-01-23T10:18:22","date_gmt":"2026-01-23T13:18:22","guid":{"rendered":"https:\/\/radiorevelacionfm.cl\/?p=63590"},"modified":"2026-01-23T10:18:22","modified_gmt":"2026-01-23T13:18:22","slug":"inacap-sede-coyhaique-reconoce-a-sus-exalumnos-destacados-2025","status":"publish","type":"post","link":"https:\/\/radiorevelacionfm.cl\/?p=63590","title":{"rendered":"INACAP Sede Coyhaique reconoce a sus Exalumnos Destacados 2025"},"content":{"rendered":"<div class=\"flex_column av_one_full  flex_column_div av-zero-column-padding first  avia-builder-el-0  el_before_av_one_full  avia-builder-el-first  \" style='border-radius:0px; '><div  class='avia-image-container  av-styling-    avia-builder-el-1  avia-builder-el-no-sibling  avia-align-center '  itemprop=\"image\" itemscope=\"itemscope\" itemtype=\"https:\/\/schema.org\/ImageObject\"  ><div class='avia-image-container-inner'><div class='avia-image-overlay-wrap'><img decoding=\"async\" class='wp-image-63591 avia-img-lazy-loading-not-63591 avia_image' src=\"https:\/\/radiorevelacionfm.cl\/wp-content\/uploads\/2026\/01\/EX-ALUMNO-DESTACADO-3-1-1.jpg\" alt='' title='EX ALUMNO DESTACADO 3 (1) (1)' height=\"600\" width=\"844\"  itemprop=\"thumbnailUrl\" srcset=\"https:\/\/radiorevelacionfm.cl\/wp-content\/uploads\/2026\/01\/EX-ALUMNO-DESTACADO-3-1-1.jpg 844w, https:\/\/radiorevelacionfm.cl\/wp-content\/uploads\/2026\/01\/EX-ALUMNO-DESTACADO-3-1-1-300x213.jpg 300w, https:\/\/radiorevelacionfm.cl\/wp-content\/uploads\/2026\/01\/EX-ALUMNO-DESTACADO-3-1-1-768x546.jpg 768w, https:\/\/radiorevelacionfm.cl\/wp-content\/uploads\/2026\/01\/EX-ALUMNO-DESTACADO-3-1-1-260x185.jpg 260w, https:\/\/radiorevelacionfm.cl\/wp-content\/uploads\/2026\/01\/EX-ALUMNO-DESTACADO-3-1-1-705x501.jpg 705w, https:\/\/radiorevelacionfm.cl\/wp-content\/uploads\/2026\/01\/EX-ALUMNO-DESTACADO-3-1-1-450x320.jpg 450w, https:\/\/radiorevelacionfm.cl\/wp-content\/uploads\/2026\/01\/EX-ALUMNO-DESTACADO-3-1-1-600x427.jpg 600w\" sizes=\"(max-width: 844px) 100vw, 844px\" \/><\/div><\/div><\/div><\/div><div class=\"flex_column av_one_full  flex_column_div av-zero-column-padding first  avia-builder-el-2  el_after_av_one_full  el_before_av_one_full  column-top-margin\" style='border-radius:0px; '><section class=\"av_textblock_section \"  itemscope=\"itemscope\" itemtype=\"https:\/\/schema.org\/BlogPosting\" itemprop=\"blogPost\" ><div class='avia_textblock  '   itemprop=\"text\" ><p style=\"text-align: center;\"><strong><span style=\"font-size: 18pt;\">INACAP Sede Coyhaique reconoce a sus Exalumnos Destacados 2025<\/span><\/strong><\/p>\n<div id=\"gtx-trans\" style=\"position: absolute; left: -50px; top: 4.31534px;\">\n<div class=\"gtx-trans-icon\"><\/div>\n<\/div>\n<\/div><\/section><\/div><div class=\"flex_column av_one_full  flex_column_div av-zero-column-padding first  avia-builder-el-4  el_after_av_one_full  el_before_av_hr  column-top-margin\" style='border-radius:0px; '><section class=\"av_textblock_section \"  itemscope=\"itemscope\" itemtype=\"https:\/\/schema.org\/BlogPosting\" itemprop=\"blogPost\" ><div class='avia_textblock  '   itemprop=\"text\" ><p style=\"text-align: justify;\">En INACAP Sede Coyhaique iniciamos un nuevo espacio anual de encuentro dedicado a reconocer a nuestros <strong>Exalumnos Destacados 2025<\/strong>, una instancia que busca poner en valor las trayectorias de quienes han demostrado excelencia en su desarrollo profesional y en la creaci\u00f3n de proyectos innovadores que contribuyen al desarrollo de la regi\u00f3n.<\/p>\n<p style=\"text-align: justify;\">Este reconocimiento tiene por objetivo fortalecer los v\u00ednculos con nuestra comunidad de egresados, generar nuevas oportunidades de colaboraci\u00f3n y destacar la importancia de la educaci\u00f3n continua como motor de crecimiento personal y laboral.<\/p>\n<p style=\"text-align: justify;\">En esta primera edici\u00f3n, fueron distinguidos:<\/p>\n<ul style=\"text-align: justify;\">\n<li><strong>Desempe\u00f1o Laboral:<\/strong> <em>Valeska Gonz\u00e1lez<\/em><\/li>\n<li><strong>Emprendimiento:<\/strong> <em>Rodrigo Castillo<\/em><\/li>\n<\/ul>\n<p style=\"text-align: justify;\">Valeska Gonz\u00e1lez, Ingenier\u00eda en mec\u00e1nica y electromovilidad, premiada por su destacado desempe\u00f1o laboral, se\u00f1al\u00f3 que \u201cEste reconocimiento es muy significativo para m\u00ed. INACAP fue el lugar donde descubr\u00ed mis capacidades y fortalezas, y hoy ver los frutos de ese esfuerzo me motiva a seguir creciendo profesionalmente.\u201d<\/p>\n<p style=\"text-align: justify;\">Por su parte, Rodrigo Castillo, Administrador gastron\u00f3mico distinguido por su aporte en el \u00e1mbito del emprendimiento, destac\u00f3 \u201cEmprender no es f\u00e1cil, pero la formaci\u00f3n pr\u00e1ctica que recib\u00ed en INACAP me dio bases s\u00f3lidas para atreverme. Agradezco este reconocimiento, que refuerza el valor de seguir creando y aportando a la comunidad.\u201d<\/p>\n<p style=\"text-align: justify;\">Por su parte, Cristian Baeza, Encargado de Egresados, Pr\u00e1cticas y Empleabilidad de INACAP Sede Coyhaique, enfatiz\u00f3 la importancia de esta instancia \u201cQueremos que nuestros exalumnos sigan sintiendo a la Sede como un espacio de apoyo permanente. Este reconocimiento es una forma de destacar sus logros, pero tambi\u00e9n de fortalecer una red que impulse nuevas oportunidades laborales, de emprendimiento y colaboraci\u00f3n.\u201d<\/p>\n<p style=\"text-align: justify;\">INACAP Sede Coyhaique continuar\u00e1 desarrollando actividades orientadas a acompa\u00f1ar el crecimiento profesional de sus egresados, reafirmando su compromiso con la formaci\u00f3n de personas altamente preparadas para aportar a los desaf\u00edos de la regi\u00f3n y del pa\u00eds.<\/p>\n<\/div><\/section><\/div><div  style='height:50px' class='hr hr-invisible   avia-builder-el-6  el_after_av_one_full  el_before_av_social_share '><span class='hr-inner ' ><span class='hr-inner-style'><\/span><\/span><\/div><\/p>\n<div  class='av-social-sharing-box  avia-builder-el-7  el_after_av_hr  el_before_av_hr  '><div class='av-share-box'><h5 class='av-share-link-description av-no-toc '>Compartir esta noticia<\/h5><ul class='av-share-box-list noLightbox'><li class='av-share-link av-social-link-facebook' ><a target=\"_blank\" aria-label=\"Compartir en Facebook\" href='https:\/\/www.facebook.com\/sharer.php?u=https:\/\/radiorevelacionfm.cl\/?p=63590&#038;t=INACAP%20Sede%20Coyhaique%20reconoce%20a%20sus%20Exalumnos%20Destacados%202025' aria-hidden='false' data-av_icon='\ue8f3' data-av_iconfont='entypo-fontello' title='' data-avia-related-tooltip='Compartir en Facebook' rel=\"noopener\"><span class='avia_hidden_link_text'>Compartir en Facebook<\/span><\/a><\/li><li class='av-share-link av-social-link-twitter' ><a target=\"_blank\" aria-label=\"Compartir en Twitter\" href='https:\/\/twitter.com\/share?text=INACAP%20Sede%20Coyhaique%20reconoce%20a%20sus%20Exalumnos%20Destacados%202025&#038;url=https:\/\/radiorevelacionfm.cl\/?p=63590' aria-hidden='false' data-av_icon='\ue8f1' data-av_iconfont='entypo-fontello' title='' data-avia-related-tooltip='Compartir en Twitter' rel=\"noopener\"><span class='avia_hidden_link_text'>Compartir en Twitter<\/span><\/a><\/li><li class='av-share-link av-social-link-whatsapp' ><a target=\"_blank\" aria-label=\"Compartir en Whatsapp\" href='https:\/\/api.whatsapp.com\/send?text=https:\/\/radiorevelacionfm.cl\/?p=63590' aria-hidden='false' data-av_icon='\uf232' data-av_iconfont='entypo-fontello' title='' data-avia-related-tooltip='Compartir en Whatsapp' rel=\"noopener\"><span class='avia_hidden_link_text'>Compartir en Whatsapp<\/span><\/a><\/li><li class='av-share-link av-social-link-linkedin' ><a target=\"_blank\" aria-label=\"Compartir en LinkedIn\" href='https:\/\/linkedin.com\/shareArticle?mini=true&#038;title=INACAP%20Sede%20Coyhaique%20reconoce%20a%20sus%20Exalumnos%20Destacados%202025&#038;url=https:\/\/radiorevelacionfm.cl\/?p=63590' aria-hidden='false' data-av_icon='\ue8fc' data-av_iconfont='entypo-fontello' title='' data-avia-related-tooltip='Compartir en LinkedIn' rel=\"noopener\"><span class='avia_hidden_link_text'>Compartir en LinkedIn<\/span><\/a><\/li><li class='av-share-link av-social-link-mail' ><a  aria-label=\"Compartir por correo\" href='mailto:?subject=INACAP%20Sede%20Coyhaique%20reconoce%20a%20sus%20Exalumnos%20Destacados%202025&#038;body=https:\/\/radiorevelacionfm.cl\/?p=63590' aria-hidden='false' data-av_icon='\ue805' data-av_iconfont='entypo-fontello' title='' data-avia-related-tooltip='Compartir por correo'><span class='avia_hidden_link_text'>Compartir por correo<\/span><\/a><\/li><\/ul><\/div><\/div>\n<div  style='height:50px' class='hr hr-invisible   avia-builder-el-8  el_after_av_social_share  el_before_av_comments_list '><span class='hr-inner ' ><span class='hr-inner-style'><\/span><\/span><\/div>\n<div  class='av-buildercomment  av-blog-meta-html-info-disabled av-blog-meta-tag-disabled  '><\/div>\n","protected":false},"excerpt":{"rendered":"","protected":false},"author":1,"featured_media":63591,"comment_status":"closed","ping_status":"closed","sticky":false,"template":"","format":"standard","meta":{"footnotes":""},"categories":[49],"tags":[],"class_list":["post-63590","post","type-post","status-publish","format-standard","has-post-thumbnail","hentry","category-educacion"],"jetpack_featured_media_url":"https:\/\/radiorevelacionfm.cl\/wp-content\/uploads\/2026\/01\/EX-ALUMNO-DESTACADO-3-1-1.jpg","_links":{"self":[{"href":"https:\/\/radiorevelacionfm.cl\/index.php?rest_route=\/wp\/v2\/posts\/63590","targetHints":{"allow":["GET"]}}],"collection":[{"href":"https:\/\/radiorevelacionfm.cl\/index.php?rest_route=\/wp\/v2\/posts"}],"about":[{"href":"https:\/\/radiorevelacionfm.cl\/index.php?rest_route=\/wp\/v2\/types\/post"}],"author":[{"embeddable":true,"href":"https:\/\/radiorevelacionfm.cl\/index.php?rest_route=\/wp\/v2\/users\/1"}],"replies":[{"embeddable":true,"href":"https:\/\/radiorevelacionfm.cl\/index.php?rest_route=%2Fwp%2Fv2%2Fcomments&post=63590"}],"version-history":[{"count":2,"href":"https:\/\/radiorevelacionfm.cl\/index.php?rest_route=\/wp\/v2\/posts\/63590\/revisions"}],"predecessor-version":[{"id":63593,"href":"https:\/\/radiorevelacionfm.cl\/index.php?rest_route=\/wp\/v2\/posts\/63590\/revisions\/63593"}],"wp:featuredmedia":[{"embeddable":true,"href":"https:\/\/radiorevelacionfm.cl\/index.php?rest_route=\/wp\/v2\/media\/63591"}],"wp:attachment":[{"href":"https:\/\/radiorevelacionfm.cl\/index.php?rest_route=%2Fwp%2Fv2%2Fmedia&parent=63590"}],"wp:term":[{"taxonomy":"category","embeddable":true,"href":"https:\/\/radiorevelacionfm.cl\/index.php?rest_route=%2Fwp%2Fv2%2Fcategories&post=63590"},{"taxonomy":"post_tag","embeddable":true,"href":"https:\/\/radiorevelacionfm.cl\/index.php?rest_route=%2Fwp%2Fv2%2Ftags&post=63590"}],"curies":[{"name":"wp","href":"https:\/\/api.w.org\/{rel}","templated":true}]}}